{"id":8583,"date":"2024-02-29T09:59:40","date_gmt":"2024-02-29T08:59:40","guid":{"rendered":"https:\/\/optik.roman-wagner.de\/2024\/02\/deduire-les-aides-visuelles-des-impots-voici-comment-partie-ii\/"},"modified":"2024-02-29T09:59:40","modified_gmt":"2024-02-29T08:59:40","slug":"deduire-les-aides-visuelles-des-impots-voici-comment-partie-ii","status":"publish","type":"post","link":"https:\/\/optik.roman-wagner.de\/fr\/2024\/02\/deduire-les-aides-visuelles-des-impots-voici-comment-partie-ii\/","title":{"rendered":"D\u00e9duire les aides visuelles des imp\u00f4ts \u2013 voici comment (Partie II)"},"content":{"rendered":"","protected":false},"excerpt":{"rendered":"<p>Nous avons d\u00e9j\u00e0 expliqu\u00e9 comment vous pouvez faire valoir les aides visuelles en tant que particulier comme charge extraordinaire dans votre d\u00e9claration de revenus.<\/p>\n<p>Qu&rsquo;en est-il si vous souhaitez d\u00e9duire les lunettes en tant qu&rsquo;entrepreneur comme frais professionnels ?<\/p>\n","protected":false},"author":1,"featured_media":7108,"comment_status":"closed","ping_status":"open","sticky":false,"template":"","format":"standard","meta":{"_et_pb_use_builder":"on","_et_pb_old_content":"","_et_gb_content_width":"","iawp_total_views":0,"footnotes":""},"categories":[198,140],"tags":[],"class_list":["post-8583","post","type-post","status-publish","format-standard","has-post-thumbnail","hentry","category-conseils-fiscaux","category-non-classe"],"yoast_head":"<!-- This site is optimized with the Yoast SEO plugin v27.4 - https:\/\/yoast.com\/product\/yoast-seo-wordpress\/ -->\n<title>Lunettes et D\u00e9duire les aides visuelles des imp\u00f4ts \u2013 voici comment (Partie II)<\/title>\n<meta name=\"description\" content=\"Qu&#039;en est-il si vous souhaitez d\u00e9duire les lunettes et aides visuelles de vos imp\u00f4ts en tant qu&#039;entrepreneur ?\" \/>\n<meta name=\"robots\" content=\"index, follow, max-snippet:-1, max-image-preview:large, max-video-preview:-1\" \/>\n<link rel=\"canonical\" href=\"https:\/\/optik.roman-wagner.de\/fr\/2024\/02\/deduire-les-aides-visuelles-des-impots-voici-comment-partie-ii\/\" \/>\n<meta property=\"og:locale\" content=\"fr_FR\" \/>\n<meta property=\"og:type\" content=\"article\" \/>\n<meta property=\"og:title\" content=\"Lunettes et D\u00e9duire les aides visuelles des imp\u00f4ts \u2013 voici comment (Partie II)\" \/>\n<meta property=\"og:description\" content=\"Qu&#039;en est-il si vous souhaitez d\u00e9duire les lunettes et aides visuelles de vos imp\u00f4ts en tant qu&#039;entrepreneur ?\" \/>\n<meta property=\"og:url\" content=\"https:\/\/optik.roman-wagner.de\/fr\/2024\/02\/deduire-les-aides-visuelles-des-impots-voici-comment-partie-ii\/\" \/>\n<meta property=\"og:site_name\" content=\"Roman Wagner\" \/>\n<meta property=\"article:publisher\" content=\"https:\/\/www.facebook.com\/romanwagner.optiker\" \/>\n<meta property=\"article:published_time\" content=\"2024-02-29T08:59:40+00:00\" \/>\n<meta property=\"og:image\" content=\"https:\/\/optik.roman-wagner.de\/wp-content\/uploads\/2022\/07\/Steuern_AdobeStock_140185088.jpg\" \/>\n\t<meta property=\"og:image:width\" content=\"650\" \/>\n\t<meta property=\"og:image:height\" content=\"396\" \/>\n\t<meta property=\"og:image:type\" content=\"image\/jpeg\" \/>\n<meta name=\"author\" content=\"RomanWagner\" \/>\n<meta name=\"twitter:card\" content=\"summary_large_image\" \/>\n<meta name=\"twitter:label1\" content=\"\u00c9crit par\" \/>\n\t<meta name=\"twitter:data1\" content=\"RomanWagner\" \/>\n<script type=\"application\/ld+json\" class=\"yoast-schema-graph\">{\"@context\":\"https:\\\/\\\/schema.org\",\"@graph\":[{\"@type\":\"Article\",\"@id\":\"https:\\\/\\\/optik.roman-wagner.de\\\/fr\\\/2024\\\/02\\\/deduire-les-aides-visuelles-des-impots-voici-comment-partie-ii\\\/#article\",\"isPartOf\":{\"@id\":\"https:\\\/\\\/optik.roman-wagner.de\\\/fr\\\/2024\\\/02\\\/deduire-les-aides-visuelles-des-impots-voici-comment-partie-ii\\\/\"},\"author\":{\"name\":\"RomanWagner\",\"@id\":\"https:\\\/\\\/optik.roman-wagner.de\\\/fr\\\/#\\\/schema\\\/person\\\/4a52051c9505d1f3da58c234985c6c2f\"},\"headline\":\"D\u00e9duire les aides visuelles des imp\u00f4ts \u2013 voici comment (Partie II)\",\"datePublished\":\"2024-02-29T08:59:40+00:00\",\"mainEntityOfPage\":{\"@id\":\"https:\\\/\\\/optik.roman-wagner.de\\\/fr\\\/2024\\\/02\\\/deduire-les-aides-visuelles-des-impots-voici-comment-partie-ii\\\/\"},\"wordCount\":12,\"publisher\":{\"@id\":\"https:\\\/\\\/optik.roman-wagner.de\\\/fr\\\/#organization\"},\"image\":{\"@id\":\"https:\\\/\\\/optik.roman-wagner.de\\\/fr\\\/2024\\\/02\\\/deduire-les-aides-visuelles-des-impots-voici-comment-partie-ii\\\/#primaryimage\"},\"thumbnailUrl\":\"https:\\\/\\\/optik.roman-wagner.de\\\/wp-content\\\/uploads\\\/2022\\\/07\\\/Steuern_AdobeStock_140185088.jpg\",\"articleSection\":[\"Conseils fiscaux\"],\"inLanguage\":\"fr-FR\"},{\"@type\":\"WebPage\",\"@id\":\"https:\\\/\\\/optik.roman-wagner.de\\\/fr\\\/2024\\\/02\\\/deduire-les-aides-visuelles-des-impots-voici-comment-partie-ii\\\/\",\"url\":\"https:\\\/\\\/optik.roman-wagner.de\\\/fr\\\/2024\\\/02\\\/deduire-les-aides-visuelles-des-impots-voici-comment-partie-ii\\\/\",\"name\":\"Lunettes et D\u00e9duire les aides visuelles des imp\u00f4ts \u2013 voici comment (Partie II)\",\"isPartOf\":{\"@id\":\"https:\\\/\\\/optik.roman-wagner.de\\\/fr\\\/#website\"},\"primaryImageOfPage\":{\"@id\":\"https:\\\/\\\/optik.roman-wagner.de\\\/fr\\\/2024\\\/02\\\/deduire-les-aides-visuelles-des-impots-voici-comment-partie-ii\\\/#primaryimage\"},\"image\":{\"@id\":\"https:\\\/\\\/optik.roman-wagner.de\\\/fr\\\/2024\\\/02\\\/deduire-les-aides-visuelles-des-impots-voici-comment-partie-ii\\\/#primaryimage\"},\"thumbnailUrl\":\"https:\\\/\\\/optik.roman-wagner.de\\\/wp-content\\\/uploads\\\/2022\\\/07\\\/Steuern_AdobeStock_140185088.jpg\",\"datePublished\":\"2024-02-29T08:59:40+00:00\",\"description\":\"Qu'en est-il si vous souhaitez d\u00e9duire les lunettes et aides visuelles de vos imp\u00f4ts en tant qu'entrepreneur ?\",\"breadcrumb\":{\"@id\":\"https:\\\/\\\/optik.roman-wagner.de\\\/fr\\\/2024\\\/02\\\/deduire-les-aides-visuelles-des-impots-voici-comment-partie-ii\\\/#breadcrumb\"},\"inLanguage\":\"fr-FR\",\"potentialAction\":[{\"@type\":\"ReadAction\",\"target\":[\"https:\\\/\\\/optik.roman-wagner.de\\\/fr\\\/2024\\\/02\\\/deduire-les-aides-visuelles-des-impots-voici-comment-partie-ii\\\/\"]}]},{\"@type\":\"ImageObject\",\"inLanguage\":\"fr-FR\",\"@id\":\"https:\\\/\\\/optik.roman-wagner.de\\\/fr\\\/2024\\\/02\\\/deduire-les-aides-visuelles-des-impots-voici-comment-partie-ii\\\/#primaryimage\",\"url\":\"https:\\\/\\\/optik.roman-wagner.de\\\/wp-content\\\/uploads\\\/2022\\\/07\\\/Steuern_AdobeStock_140185088.jpg\",\"contentUrl\":\"https:\\\/\\\/optik.roman-wagner.de\\\/wp-content\\\/uploads\\\/2022\\\/07\\\/Steuern_AdobeStock_140185088.jpg\",\"width\":650,\"height\":396},{\"@type\":\"BreadcrumbList\",\"@id\":\"https:\\\/\\\/optik.roman-wagner.de\\\/fr\\\/2024\\\/02\\\/deduire-les-aides-visuelles-des-impots-voici-comment-partie-ii\\\/#breadcrumb\",\"itemListElement\":[{\"@type\":\"ListItem\",\"position\":1,\"name\":\"Startseite\",\"item\":\"https:\\\/\\\/optik.roman-wagner.de\\\/fr\\\/centres-pour-une-bonne-vision\\\/\"},{\"@type\":\"ListItem\",\"position\":2,\"name\":\"D\u00e9duire les aides visuelles des imp\u00f4ts \u2013 voici comment (Partie II)\"}]},{\"@type\":\"WebSite\",\"@id\":\"https:\\\/\\\/optik.roman-wagner.de\\\/fr\\\/#website\",\"url\":\"https:\\\/\\\/optik.roman-wagner.de\\\/fr\\\/\",\"name\":\"Der Augenoptiker Roman Wagner\",\"description\":\"Zentren f\u00fcr gutes Sehen\",\"publisher\":{\"@id\":\"https:\\\/\\\/optik.roman-wagner.de\\\/fr\\\/#organization\"},\"potentialAction\":[{\"@type\":\"SearchAction\",\"target\":{\"@type\":\"EntryPoint\",\"urlTemplate\":\"https:\\\/\\\/optik.roman-wagner.de\\\/fr\\\/?s={search_term_string}\"},\"query-input\":{\"@type\":\"PropertyValueSpecification\",\"valueRequired\":true,\"valueName\":\"search_term_string\"}}],\"inLanguage\":\"fr-FR\"},{\"@type\":\"Organization\",\"@id\":\"https:\\\/\\\/optik.roman-wagner.de\\\/fr\\\/#organization\",\"name\":\"Der Augenoptiker Roman Wagner\",\"url\":\"https:\\\/\\\/optik.roman-wagner.de\\\/fr\\\/\",\"logo\":{\"@type\":\"ImageObject\",\"inLanguage\":\"fr-FR\",\"@id\":\"https:\\\/\\\/optik.roman-wagner.de\\\/fr\\\/#\\\/schema\\\/logo\\\/image\\\/\",\"url\":\"https:\\\/\\\/optik.roman-wagner.de\\\/wp-content\\\/uploads\\\/2019\\\/11\\\/Logo-RW-quadrat.jpg\",\"contentUrl\":\"https:\\\/\\\/optik.roman-wagner.de\\\/wp-content\\\/uploads\\\/2019\\\/11\\\/Logo-RW-quadrat.jpg\",\"width\":488,\"height\":479,\"caption\":\"Der Augenoptiker Roman Wagner\"},\"image\":{\"@id\":\"https:\\\/\\\/optik.roman-wagner.de\\\/fr\\\/#\\\/schema\\\/logo\\\/image\\\/\"},\"sameAs\":[\"https:\\\/\\\/www.facebook.com\\\/romanwagner.optiker\",\"https:\\\/\\\/www.instagram.com\\\/romanwagner.optiker\\\/\",\"https:\\\/\\\/www.youtube.com\\\/channel\\\/UCIHnCII9jl34mZG08gXgG6A\"]},{\"@type\":\"Person\",\"@id\":\"https:\\\/\\\/optik.roman-wagner.de\\\/fr\\\/#\\\/schema\\\/person\\\/4a52051c9505d1f3da58c234985c6c2f\",\"name\":\"RomanWagner\",\"image\":{\"@type\":\"ImageObject\",\"inLanguage\":\"fr-FR\",\"@id\":\"https:\\\/\\\/secure.gravatar.com\\\/avatar\\\/e6c57eb4a35b8245e2d2f86a3e023a8642987475df645a50407f34b4addef3fb?s=96&d=mm&r=g\",\"url\":\"https:\\\/\\\/secure.gravatar.com\\\/avatar\\\/e6c57eb4a35b8245e2d2f86a3e023a8642987475df645a50407f34b4addef3fb?s=96&d=mm&r=g\",\"contentUrl\":\"https:\\\/\\\/secure.gravatar.com\\\/avatar\\\/e6c57eb4a35b8245e2d2f86a3e023a8642987475df645a50407f34b4addef3fb?s=96&d=mm&r=g\",\"caption\":\"RomanWagner\"},\"url\":\"https:\\\/\\\/optik.roman-wagner.de\\\/fr\\\/author\\\/romanwagner\\\/\"}]}<\/script>\n<!-- \/ Yoast SEO plugin. -->","yoast_head_json":{"title":"Lunettes et D\u00e9duire les aides visuelles des imp\u00f4ts \u2013 voici comment (Partie II)","description":"Qu'en est-il si vous souhaitez d\u00e9duire les lunettes et aides visuelles de vos imp\u00f4ts en tant qu'entrepreneur ?","robots":{"index":"index","follow":"follow","max-snippet":"max-snippet:-1","max-image-preview":"max-image-preview:large","max-video-preview":"max-video-preview:-1"},"canonical":"https:\/\/optik.roman-wagner.de\/fr\/2024\/02\/deduire-les-aides-visuelles-des-impots-voici-comment-partie-ii\/","og_locale":"fr_FR","og_type":"article","og_title":"Lunettes et D\u00e9duire les aides visuelles des imp\u00f4ts \u2013 voici comment (Partie II)","og_description":"Qu'en est-il si vous souhaitez d\u00e9duire les lunettes et aides visuelles de vos imp\u00f4ts en tant qu'entrepreneur ?","og_url":"https:\/\/optik.roman-wagner.de\/fr\/2024\/02\/deduire-les-aides-visuelles-des-impots-voici-comment-partie-ii\/","og_site_name":"Roman Wagner","article_publisher":"https:\/\/www.facebook.com\/romanwagner.optiker","article_published_time":"2024-02-29T08:59:40+00:00","og_image":[{"width":650,"height":396,"url":"https:\/\/optik.roman-wagner.de\/wp-content\/uploads\/2022\/07\/Steuern_AdobeStock_140185088.jpg","type":"image\/jpeg"}],"author":"RomanWagner","twitter_card":"summary_large_image","twitter_misc":{"\u00c9crit par":"RomanWagner"},"schema":{"@context":"https:\/\/schema.org","@graph":[{"@type":"Article","@id":"https:\/\/optik.roman-wagner.de\/fr\/2024\/02\/deduire-les-aides-visuelles-des-impots-voici-comment-partie-ii\/#article","isPartOf":{"@id":"https:\/\/optik.roman-wagner.de\/fr\/2024\/02\/deduire-les-aides-visuelles-des-impots-voici-comment-partie-ii\/"},"author":{"name":"RomanWagner","@id":"https:\/\/optik.roman-wagner.de\/fr\/#\/schema\/person\/4a52051c9505d1f3da58c234985c6c2f"},"headline":"D\u00e9duire les aides visuelles des imp\u00f4ts \u2013 voici comment (Partie II)","datePublished":"2024-02-29T08:59:40+00:00","mainEntityOfPage":{"@id":"https:\/\/optik.roman-wagner.de\/fr\/2024\/02\/deduire-les-aides-visuelles-des-impots-voici-comment-partie-ii\/"},"wordCount":12,"publisher":{"@id":"https:\/\/optik.roman-wagner.de\/fr\/#organization"},"image":{"@id":"https:\/\/optik.roman-wagner.de\/fr\/2024\/02\/deduire-les-aides-visuelles-des-impots-voici-comment-partie-ii\/#primaryimage"},"thumbnailUrl":"https:\/\/optik.roman-wagner.de\/wp-content\/uploads\/2022\/07\/Steuern_AdobeStock_140185088.jpg","articleSection":["Conseils fiscaux"],"inLanguage":"fr-FR"},{"@type":"WebPage","@id":"https:\/\/optik.roman-wagner.de\/fr\/2024\/02\/deduire-les-aides-visuelles-des-impots-voici-comment-partie-ii\/","url":"https:\/\/optik.roman-wagner.de\/fr\/2024\/02\/deduire-les-aides-visuelles-des-impots-voici-comment-partie-ii\/","name":"Lunettes et D\u00e9duire les aides visuelles des imp\u00f4ts \u2013 voici comment (Partie II)","isPartOf":{"@id":"https:\/\/optik.roman-wagner.de\/fr\/#website"},"primaryImageOfPage":{"@id":"https:\/\/optik.roman-wagner.de\/fr\/2024\/02\/deduire-les-aides-visuelles-des-impots-voici-comment-partie-ii\/#primaryimage"},"image":{"@id":"https:\/\/optik.roman-wagner.de\/fr\/2024\/02\/deduire-les-aides-visuelles-des-impots-voici-comment-partie-ii\/#primaryimage"},"thumbnailUrl":"https:\/\/optik.roman-wagner.de\/wp-content\/uploads\/2022\/07\/Steuern_AdobeStock_140185088.jpg","datePublished":"2024-02-29T08:59:40+00:00","description":"Qu'en est-il si vous souhaitez d\u00e9duire les lunettes et aides visuelles de vos imp\u00f4ts en tant qu'entrepreneur ?","breadcrumb":{"@id":"https:\/\/optik.roman-wagner.de\/fr\/2024\/02\/deduire-les-aides-visuelles-des-impots-voici-comment-partie-ii\/#breadcrumb"},"inLanguage":"fr-FR","potentialAction":[{"@type":"ReadAction","target":["https:\/\/optik.roman-wagner.de\/fr\/2024\/02\/deduire-les-aides-visuelles-des-impots-voici-comment-partie-ii\/"]}]},{"@type":"ImageObject","inLanguage":"fr-FR","@id":"https:\/\/optik.roman-wagner.de\/fr\/2024\/02\/deduire-les-aides-visuelles-des-impots-voici-comment-partie-ii\/#primaryimage","url":"https:\/\/optik.roman-wagner.de\/wp-content\/uploads\/2022\/07\/Steuern_AdobeStock_140185088.jpg","contentUrl":"https:\/\/optik.roman-wagner.de\/wp-content\/uploads\/2022\/07\/Steuern_AdobeStock_140185088.jpg","width":650,"height":396},{"@type":"BreadcrumbList","@id":"https:\/\/optik.roman-wagner.de\/fr\/2024\/02\/deduire-les-aides-visuelles-des-impots-voici-comment-partie-ii\/#breadcrumb","itemListElement":[{"@type":"ListItem","position":1,"name":"Startseite","item":"https:\/\/optik.roman-wagner.de\/fr\/centres-pour-une-bonne-vision\/"},{"@type":"ListItem","position":2,"name":"D\u00e9duire les aides visuelles des imp\u00f4ts \u2013 voici comment (Partie II)"}]},{"@type":"WebSite","@id":"https:\/\/optik.roman-wagner.de\/fr\/#website","url":"https:\/\/optik.roman-wagner.de\/fr\/","name":"Der Augenoptiker Roman Wagner","description":"Zentren f\u00fcr gutes Sehen","publisher":{"@id":"https:\/\/optik.roman-wagner.de\/fr\/#organization"},"potentialAction":[{"@type":"SearchAction","target":{"@type":"EntryPoint","urlTemplate":"https:\/\/optik.roman-wagner.de\/fr\/?s={search_term_string}"},"query-input":{"@type":"PropertyValueSpecification","valueRequired":true,"valueName":"search_term_string"}}],"inLanguage":"fr-FR"},{"@type":"Organization","@id":"https:\/\/optik.roman-wagner.de\/fr\/#organization","name":"Der Augenoptiker Roman Wagner","url":"https:\/\/optik.roman-wagner.de\/fr\/","logo":{"@type":"ImageObject","inLanguage":"fr-FR","@id":"https:\/\/optik.roman-wagner.de\/fr\/#\/schema\/logo\/image\/","url":"https:\/\/optik.roman-wagner.de\/wp-content\/uploads\/2019\/11\/Logo-RW-quadrat.jpg","contentUrl":"https:\/\/optik.roman-wagner.de\/wp-content\/uploads\/2019\/11\/Logo-RW-quadrat.jpg","width":488,"height":479,"caption":"Der Augenoptiker Roman Wagner"},"image":{"@id":"https:\/\/optik.roman-wagner.de\/fr\/#\/schema\/logo\/image\/"},"sameAs":["https:\/\/www.facebook.com\/romanwagner.optiker","https:\/\/www.instagram.com\/romanwagner.optiker\/","https:\/\/www.youtube.com\/channel\/UCIHnCII9jl34mZG08gXgG6A"]},{"@type":"Person","@id":"https:\/\/optik.roman-wagner.de\/fr\/#\/schema\/person\/4a52051c9505d1f3da58c234985c6c2f","name":"RomanWagner","image":{"@type":"ImageObject","inLanguage":"fr-FR","@id":"https:\/\/secure.gravatar.com\/avatar\/e6c57eb4a35b8245e2d2f86a3e023a8642987475df645a50407f34b4addef3fb?s=96&d=mm&r=g","url":"https:\/\/secure.gravatar.com\/avatar\/e6c57eb4a35b8245e2d2f86a3e023a8642987475df645a50407f34b4addef3fb?s=96&d=mm&r=g","contentUrl":"https:\/\/secure.gravatar.com\/avatar\/e6c57eb4a35b8245e2d2f86a3e023a8642987475df645a50407f34b4addef3fb?s=96&d=mm&r=g","caption":"RomanWagner"},"url":"https:\/\/optik.roman-wagner.de\/fr\/author\/romanwagner\/"}]}},"_links":{"self":[{"href":"https:\/\/optik.roman-wagner.de\/fr\/wp-json\/wp\/v2\/posts\/8583","targetHints":{"allow":["GET"]}}],"collection":[{"href":"https:\/\/optik.roman-wagner.de\/fr\/wp-json\/wp\/v2\/posts"}],"about":[{"href":"https:\/\/optik.roman-wagner.de\/fr\/wp-json\/wp\/v2\/types\/post"}],"author":[{"embeddable":true,"href":"https:\/\/optik.roman-wagner.de\/fr\/wp-json\/wp\/v2\/users\/1"}],"replies":[{"embeddable":true,"href":"https:\/\/optik.roman-wagner.de\/fr\/wp-json\/wp\/v2\/comments?post=8583"}],"version-history":[{"count":0,"href":"https:\/\/optik.roman-wagner.de\/fr\/wp-json\/wp\/v2\/posts\/8583\/revisions"}],"wp:featuredmedia":[{"embeddable":true,"href":"https:\/\/optik.roman-wagner.de\/fr\/wp-json\/wp\/v2\/media\/7108"}],"wp:attachment":[{"href":"https:\/\/optik.roman-wagner.de\/fr\/wp-json\/wp\/v2\/media?parent=8583"}],"wp:term":[{"taxonomy":"category","embeddable":true,"href":"https:\/\/optik.roman-wagner.de\/fr\/wp-json\/wp\/v2\/categories?post=8583"},{"taxonomy":"post_tag","embeddable":true,"href":"https:\/\/optik.roman-wagner.de\/fr\/wp-json\/wp\/v2\/tags?post=8583"}],"curies":[{"name":"wp","href":"https:\/\/api.w.org\/{rel}","templated":true}]}}