{"id":8554,"date":"2024-02-28T14:46:22","date_gmt":"2024-02-28T13:46:22","guid":{"rendered":"https:\/\/optik.roman-wagner.de\/2024\/02\/top-100-des-opticiens-pour-la-10e-fois-consecutive\/"},"modified":"2026-04-30T15:47:28","modified_gmt":"2026-04-30T13:47:28","slug":"top-100-des-opticiens-pour-la-10e-fois-consecutive","status":"publish","type":"post","link":"https:\/\/optik.roman-wagner.de\/fr\/2024\/02\/top-100-des-opticiens-pour-la-10e-fois-consecutive\/","title":{"rendered":"Top 100 des opticiens \u2013 pour la 10e fois cons\u00e9cutive"},"content":{"rendered":"<p>[et_pb_section fb_built=\u00a0\u00bb1&Prime; _builder_version=\u00a0\u00bb4.25.1&Prime; custom_margin=\u00a0\u00bb130px||||false|false\u00a0\u00bb custom_padding=\u00a0\u00bb0px||4px||false|false\u00a0\u00bb hover_enabled=\u00a0\u00bb0&Prime; da_disable_devices=\u00a0\u00bboff|off|off\u00a0\u00bb global_colors_info=\u00a0\u00bb{}\u00a0\u00bb custom_margin_last_edited=\u00a0\u00bbon|phone\u00a0\u00bb sticky_enabled=\u00a0\u00bb0&Prime; custom_margin_phone=\u00a0\u00bb70px||||false|false\u00a0\u00bb da_is_popup=\u00a0\u00bboff\u00a0\u00bb da_exit_intent=\u00a0\u00bboff\u00a0\u00bb da_has_close=\u00a0\u00bbon\u00a0\u00bb da_alt_close=\u00a0\u00bboff\u00a0\u00bb da_dark_close=\u00a0\u00bboff\u00a0\u00bb da_not_modal=\u00a0\u00bbon\u00a0\u00bb da_is_singular=\u00a0\u00bboff\u00a0\u00bb da_with_loader=\u00a0\u00bboff\u00a0\u00bb da_has_shadow=\u00a0\u00bbon\u00a0\u00bb custom_margin_tablet=\u00a0\u00bb130px||||false|false\u00a0\u00bb][et_pb_row _builder_version=\u00a0\u00bb4.16&Prime; custom_padding=\u00a0\u00bb6px||9px|||\u00a0\u00bb global_colors_info=\u00a0\u00bb{}\u00a0\u00bb][et_pb_column type=\u00a0\u00bb4_4&Prime; _builder_version=\u00a0\u00bb4.16&Prime; global_colors_info=\u00a0\u00bb{}\u00a0\u00bb][et_pb_text _builder_version=\u00a0\u00bb4.25.1&Prime; custom_margin=\u00a0\u00bb24px|40px||40px|false|false\u00a0\u00bb custom_padding=\u00a0\u00bb||18px|||\u00a0\u00bb hover_enabled=\u00a0\u00bb0&Prime; global_colors_info=\u00a0\u00bb{}\u00a0\u00bb sticky_enabled=\u00a0\u00bb0&Prime;]<\/p>\n<h1 style=\"text-align: center;\"><strong>Top 100 Optiker \u2013 pour la 10e fois cons\u00e9cutive<\/strong><\/h1>\n<p style=\"text-align: center;\">10e distinction cons\u00e9cutive pour notre magasin d\u2019optique \u00e0 Schweich.<br \/>Sur la photo, de gauche \u00e0 droite : Roman Wagner, Wotan Wilke M\u00f6hring et Stefan Wies<\/p>\n<p style=\"text-align: center;\">[\/et_pb_text][\/et_pb_column][\/et_pb_row][\/et_pb_section][et_pb_section fb_built=\u00a0\u00bb1&Prime; _builder_version=\u00a0\u00bb4.16&Prime; custom_padding=\u00a0\u00bb3px||10px|||\u00a0\u00bb da_disable_devices=\u00a0\u00bboff|off|off\u00a0\u00bb global_colors_info=\u00a0\u00bb{}\u00a0\u00bb da_is_popup=\u00a0\u00bboff\u00a0\u00bb da_exit_intent=\u00a0\u00bboff\u00a0\u00bb da_has_close=\u00a0\u00bbon\u00a0\u00bb da_alt_close=\u00a0\u00bboff\u00a0\u00bb da_dark_close=\u00a0\u00bboff\u00a0\u00bb da_not_modal=\u00a0\u00bbon\u00a0\u00bb da_is_singular=\u00a0\u00bboff\u00a0\u00bb da_with_loader=\u00a0\u00bboff\u00a0\u00bb da_has_shadow=\u00a0\u00bbon\u00a0\u00bb][et_pb_row column_structure=\u00a0\u00bb1_2,1_2&Prime; make_equal=\u00a0\u00bbon\u00a0\u00bb _builder_version=\u00a0\u00bb4.23.4&Prime; custom_padding=\u00a0\u00bb4px||11px|||\u00a0\u00bb global_colors_info=\u00a0\u00bb{}\u00a0\u00bb][et_pb_column type=\u00a0\u00bb1_2&Prime; _builder_version=\u00a0\u00bb4.16&Prime; global_colors_info=\u00a0\u00bb{}\u00a0\u00bb][et_pb_image src=\u00a0\u00bbhttps:\/\/optik.roman-wagner.de\/wp-content\/uploads\/2024\/02\/Roman_Wagner_Top100_2024_2025.jpg\u00a0\u00bb title_text=\u00a0\u00bbRoman_Wagner_Top100_2024_2025&Prime; align=\u00a0\u00bbcenter\u00a0\u00bb _builder_version=\u00a0\u00bb4.23.4&Prime; custom_margin=\u00a0\u00bb||27px|||\u00a0\u00bb box_shadow_style=\u00a0\u00bbpreset2&Prime; global_colors_info=\u00a0\u00bb{}\u00a0\u00bb][\/et_pb_image][\/et_pb_column][et_pb_column type=\u00a0\u00bb1_2&Prime; _builder_version=\u00a0\u00bb4.23.4&Prime; global_colors_info=\u00a0\u00bb{}\u00a0\u00bb][et_pb_cta title=\u00a0\u00bbLa distinction\u00a0\u00bb url_new_window=\u00a0\u00bbon\u00a0\u00bb _builder_version=\u00a0\u00bb4.23.4&Prime; header_text_align=\u00a0\u00bbleft\u00a0\u00bb header_text_color=\u00a0\u00bb#000000&Prime; body_text_color=\u00a0\u00bb#686868&Prime; background_color=\u00a0\u00bb#ffffff\u00a0\u00bb custom_button=\u00a0\u00bbon\u00a0\u00bb button_text_color=\u00a0\u00bb#0084d7&Prime; button_alignment=\u00a0\u00bbleft\u00a0\u00bb custom_padding=\u00a0\u00bb0px||||false|false\u00a0\u00bb global_colors_info=\u00a0\u00bb{}\u00a0\u00bb]<\/p>\n<p style=\"text-align: left;\"><strong><\/strong>Mi-f\u00e9vrier 2024, l\u2019acteur tr\u00e8s appr\u00e9ci\u00e9 Wotan Wilke M\u00f6hring, en tant que parrain, a r\u00e9compens\u00e9 les <strong>laur\u00e9ats du concours Top 100 Optiker 2024\/2025<\/strong> et nous a remis personnellement, lors d\u2019un gala solennel \u00e0 D\u00fcsseldorf, le certificat que nous recevons sans interruption depuis 2006.<\/p>\n<p style=\"text-align: left;\">Nous sommes particuli\u00e8rement heureux de cette 10e distinction cons\u00e9cutive pour notre magasin d\u2019optique. Nous avions de nouveau candidat\u00e9 \u00e0 ce titre aupr\u00e8s de l\u2019institut BGW pour les \u00e9tudes de march\u00e9 innovantes et avons, une fois encore, int\u00e9gr\u00e9 le Top 100. <\/p>\n<p style=\"text-align: left;\">Dans le cadre d\u2019une proc\u00e9dure exigeante, les nombreux participants du TOP 100 Optiker ont \u00e9t\u00e9 s\u00e9lectionn\u00e9s par un jury ind\u00e9pendant compos\u00e9 d\u2019experts du monde scientifique et du marketing, repr\u00e9sent\u00e9 par l\u2019institut BGW pour les \u00e9tudes de march\u00e9 innovantes \u00e0 D\u00fcsseldorf.<\/p>\n<p style=\"text-align: left;\">Les candidats ont \u00e9t\u00e9 examin\u00e9s de fond en comble au moyen de visites des magasins et d\u2019achats tests anonymes. Le jury est parvenu \u00e0 identifier, parmi les candidats, les opticiens qui pensent et agissent de mani\u00e8re particuli\u00e8rement orient\u00e9e client. <\/p>\n<p style=\"text-align: left;\"><span style=\"text-decoration: underline;\">Les \u00e9valuations ont \u00e9t\u00e9 r\u00e9alis\u00e9es dans ces 5 cat\u00e9gories :<\/span><\/p>\n<ul>\n<li style=\"text-align: left;\">Orientation client<\/li>\n<li style=\"text-align: left;\">Information client<\/li>\n<li style=\"text-align: left;\">Orientation des collaborateurs<\/li>\n<li style=\"text-align: left;\">Direction d\u2019entreprise<\/li>\n<li style=\"text-align: left;\">Am\u00e9nagement du magasin<\/li>\n<\/ul>\n<p style=\"text-align: left;\">Bien entendu, les crit\u00e8res de qualit\u00e9 et de service test\u00e9s sont la norme sur l\u2019ensemble de nos sites.<\/p>\n<p>[\/et_pb_cta][\/et_pb_column][\/et_pb_row][\/et_pb_section][et_pb_section fb_built=\u00a0\u00bb1&Prime; module_id=\u00a0\u00bbInscription \u00e0 la newsletter\u00a0\u00bb _builder_version=\u00a0\u00bb4.14.7&Prime; custom_padding=\u00a0\u00bb2px||15px|||\u00a0\u00bb da_disable_devices=\u00a0\u00bboff|off|off\u00a0\u00bb global_module=\u00a0\u00bb202&Prime; saved_tabs=\u00a0\u00bball\u00a0\u00bb global_colors_info=\u00a0\u00bb{}\u00a0\u00bb da_is_popup=\u00a0\u00bboff\u00a0\u00bb da_exit_intent=\u00a0\u00bboff\u00a0\u00bb da_has_close=\u00a0\u00bbon\u00a0\u00bb da_alt_close=\u00a0\u00bboff\u00a0\u00bb da_dark_close=\u00a0\u00bboff\u00a0\u00bb da_not_modal=\u00a0\u00bbon\u00a0\u00bb da_is_singular=\u00a0\u00bboff\u00a0\u00bb da_with_loader=\u00a0\u00bboff\u00a0\u00bb da_has_shadow=\u00a0\u00bbon\u00a0\u00bb][\/et_pb_section][et_pb_section fb_built=\u00a0\u00bb1&Prime; _builder_version=\u00a0\u00bb4.0.7&Prime; custom_padding=\u00a0\u00bb5px||6px|||\u00a0\u00bb da_disable_devices=\u00a0\u00bboff|off|off\u00a0\u00bb global_module=\u00a0\u00bb184&Prime; saved_tabs=\u00a0\u00bball\u00a0\u00bb global_colors_info=\u00a0\u00bb{}\u00a0\u00bb da_is_popup=\u00a0\u00bboff\u00a0\u00bb da_exit_intent=\u00a0\u00bboff\u00a0\u00bb da_has_close=\u00a0\u00bbon\u00a0\u00bb da_alt_close=\u00a0\u00bboff\u00a0\u00bb da_dark_close=\u00a0\u00bboff\u00a0\u00bb da_not_modal=\u00a0\u00bbon\u00a0\u00bb da_is_singular=\u00a0\u00bboff\u00a0\u00bb da_with_loader=\u00a0\u00bboff\u00a0\u00bb da_has_shadow=\u00a0\u00bbon\u00a0\u00bb][\/et_pb_section]<\/p>\n","protected":false},"excerpt":{"rendered":"<p>Mi-f\u00e9vrier, l\u2019acteur tr\u00e8s appr\u00e9ci\u00e9 Wotan Wilke M\u00f6hring, en tant que parrain, a r\u00e9compens\u00e9 les laur\u00e9ats du concours Top 100 Optiker 2024\/2025.<\/p>\n","protected":false},"author":1,"featured_media":8555,"comment_status":"closed","ping_status":"open","sticky":false,"template":"","format":"standard","meta":{"_et_pb_use_builder":"on","_et_pb_old_content":"","_et_gb_content_width":"","iawp_total_views":0,"footnotes":""},"categories":[140],"tags":[],"class_list":["post-8554","post","type-post","status-publish","format-standard","has-post-thumbnail","hentry","category-non-classe"],"yoast_head":"<!-- This site is optimized with the Yoast SEO plugin v27.4 - https:\/\/yoast.com\/product\/yoast-seo-wordpress\/ -->\n<title>Top 100 des opticiens \u2013 pour la 10e fois cons\u00e9cutive - Roman Wagner<\/title>\n<meta name=\"description\" content=\"Mi-f\u00e9vrier, l\u2019acteur tr\u00e8s appr\u00e9ci\u00e9 Wotan Wilke M\u00f6hring, en tant que parrain, a r\u00e9compens\u00e9 les laur\u00e9ats du concours Top 100 Optiker 2024\/2025.\" \/>\n<meta name=\"robots\" content=\"index, follow, max-snippet:-1, max-image-preview:large, max-video-preview:-1\" \/>\n<link rel=\"canonical\" href=\"https:\/\/optik.roman-wagner.de\/fr\/2024\/02\/top-100-des-opticiens-pour-la-10e-fois-consecutive\/\" \/>\n<meta property=\"og:locale\" content=\"fr_FR\" \/>\n<meta property=\"og:type\" content=\"article\" \/>\n<meta property=\"og:title\" content=\"Top 100 des opticiens \u2013 pour la 10e fois cons\u00e9cutive - Roman Wagner\" \/>\n<meta property=\"og:description\" content=\"Mi-f\u00e9vrier, l\u2019acteur tr\u00e8s appr\u00e9ci\u00e9 Wotan Wilke M\u00f6hring, en tant que parrain, a r\u00e9compens\u00e9 les laur\u00e9ats du concours Top 100 Optiker 2024\/2025.\" \/>\n<meta property=\"og:url\" content=\"https:\/\/optik.roman-wagner.de\/fr\/2024\/02\/top-100-des-opticiens-pour-la-10e-fois-consecutive\/\" \/>\n<meta property=\"og:site_name\" content=\"Roman Wagner\" \/>\n<meta property=\"article:publisher\" content=\"https:\/\/www.facebook.com\/romanwagner.optiker\" \/>\n<meta property=\"article:published_time\" content=\"2024-02-28T13:46:22+00:00\" \/>\n<meta property=\"article:modified_time\" content=\"2026-04-30T13:47:28+00:00\" \/>\n<meta property=\"og:image\" content=\"https:\/\/optik.roman-wagner.de\/wp-content\/uploads\/2024\/02\/Roman_Wagner_Top100_2024-2025.jpg\" \/>\n\t<meta property=\"og:image:width\" content=\"900\" \/>\n\t<meta property=\"og:image:height\" content=\"613\" \/>\n\t<meta property=\"og:image:type\" content=\"image\/jpeg\" \/>\n<meta name=\"author\" content=\"RomanWagner\" \/>\n<meta name=\"twitter:card\" content=\"summary_large_image\" \/>\n<meta name=\"twitter:label1\" content=\"\u00c9crit par\" \/>\n\t<meta name=\"twitter:data1\" content=\"RomanWagner\" \/>\n\t<meta name=\"twitter:label2\" content=\"Dur\u00e9e de lecture estim\u00e9e\" \/>\n\t<meta name=\"twitter:data2\" content=\"4 minutes\" \/>\n<script type=\"application\/ld+json\" class=\"yoast-schema-graph\">{\"@context\":\"https:\\\/\\\/schema.org\",\"@graph\":[{\"@type\":\"Article\",\"@id\":\"https:\\\/\\\/optik.roman-wagner.de\\\/fr\\\/2024\\\/02\\\/top-100-des-opticiens-pour-la-10e-fois-consecutive\\\/#article\",\"isPartOf\":{\"@id\":\"https:\\\/\\\/optik.roman-wagner.de\\\/fr\\\/2024\\\/02\\\/top-100-des-opticiens-pour-la-10e-fois-consecutive\\\/\"},\"author\":{\"name\":\"RomanWagner\",\"@id\":\"https:\\\/\\\/optik.roman-wagner.de\\\/fr\\\/#\\\/schema\\\/person\\\/4a52051c9505d1f3da58c234985c6c2f\"},\"headline\":\"Top 100 des opticiens \u2013 pour la 10e fois cons\u00e9cutive\",\"datePublished\":\"2024-02-28T13:46:22+00:00\",\"dateModified\":\"2026-04-30T13:47:28+00:00\",\"mainEntityOfPage\":{\"@id\":\"https:\\\/\\\/optik.roman-wagner.de\\\/fr\\\/2024\\\/02\\\/top-100-des-opticiens-pour-la-10e-fois-consecutive\\\/\"},\"wordCount\":726,\"publisher\":{\"@id\":\"https:\\\/\\\/optik.roman-wagner.de\\\/fr\\\/#organization\"},\"image\":{\"@id\":\"https:\\\/\\\/optik.roman-wagner.de\\\/fr\\\/2024\\\/02\\\/top-100-des-opticiens-pour-la-10e-fois-consecutive\\\/#primaryimage\"},\"thumbnailUrl\":\"https:\\\/\\\/optik.roman-wagner.de\\\/wp-content\\\/uploads\\\/2024\\\/02\\\/Roman_Wagner_Top100_2024-2025.jpg\",\"inLanguage\":\"fr-FR\"},{\"@type\":\"WebPage\",\"@id\":\"https:\\\/\\\/optik.roman-wagner.de\\\/fr\\\/2024\\\/02\\\/top-100-des-opticiens-pour-la-10e-fois-consecutive\\\/\",\"url\":\"https:\\\/\\\/optik.roman-wagner.de\\\/fr\\\/2024\\\/02\\\/top-100-des-opticiens-pour-la-10e-fois-consecutive\\\/\",\"name\":\"Top 100 des opticiens \u2013 pour la 10e fois cons\u00e9cutive - Roman Wagner\",\"isPartOf\":{\"@id\":\"https:\\\/\\\/optik.roman-wagner.de\\\/fr\\\/#website\"},\"primaryImageOfPage\":{\"@id\":\"https:\\\/\\\/optik.roman-wagner.de\\\/fr\\\/2024\\\/02\\\/top-100-des-opticiens-pour-la-10e-fois-consecutive\\\/#primaryimage\"},\"image\":{\"@id\":\"https:\\\/\\\/optik.roman-wagner.de\\\/fr\\\/2024\\\/02\\\/top-100-des-opticiens-pour-la-10e-fois-consecutive\\\/#primaryimage\"},\"thumbnailUrl\":\"https:\\\/\\\/optik.roman-wagner.de\\\/wp-content\\\/uploads\\\/2024\\\/02\\\/Roman_Wagner_Top100_2024-2025.jpg\",\"datePublished\":\"2024-02-28T13:46:22+00:00\",\"dateModified\":\"2026-04-30T13:47:28+00:00\",\"description\":\"Mi-f\u00e9vrier, l\u2019acteur tr\u00e8s appr\u00e9ci\u00e9 Wotan Wilke M\u00f6hring, en tant que parrain, a r\u00e9compens\u00e9 les laur\u00e9ats du concours Top 100 Optiker 2024\\\/2025.\",\"breadcrumb\":{\"@id\":\"https:\\\/\\\/optik.roman-wagner.de\\\/fr\\\/2024\\\/02\\\/top-100-des-opticiens-pour-la-10e-fois-consecutive\\\/#breadcrumb\"},\"inLanguage\":\"fr-FR\",\"potentialAction\":[{\"@type\":\"ReadAction\",\"target\":[\"https:\\\/\\\/optik.roman-wagner.de\\\/fr\\\/2024\\\/02\\\/top-100-des-opticiens-pour-la-10e-fois-consecutive\\\/\"]}]},{\"@type\":\"ImageObject\",\"inLanguage\":\"fr-FR\",\"@id\":\"https:\\\/\\\/optik.roman-wagner.de\\\/fr\\\/2024\\\/02\\\/top-100-des-opticiens-pour-la-10e-fois-consecutive\\\/#primaryimage\",\"url\":\"https:\\\/\\\/optik.roman-wagner.de\\\/wp-content\\\/uploads\\\/2024\\\/02\\\/Roman_Wagner_Top100_2024-2025.jpg\",\"contentUrl\":\"https:\\\/\\\/optik.roman-wagner.de\\\/wp-content\\\/uploads\\\/2024\\\/02\\\/Roman_Wagner_Top100_2024-2025.jpg\",\"width\":900,\"height\":613},{\"@type\":\"BreadcrumbList\",\"@id\":\"https:\\\/\\\/optik.roman-wagner.de\\\/fr\\\/2024\\\/02\\\/top-100-des-opticiens-pour-la-10e-fois-consecutive\\\/#breadcrumb\",\"itemListElement\":[{\"@type\":\"ListItem\",\"position\":1,\"name\":\"Startseite\",\"item\":\"https:\\\/\\\/optik.roman-wagner.de\\\/fr\\\/centres-pour-une-bonne-vision\\\/\"},{\"@type\":\"ListItem\",\"position\":2,\"name\":\"Top 100 des opticiens \u2013 pour la 10e fois cons\u00e9cutive\"}]},{\"@type\":\"WebSite\",\"@id\":\"https:\\\/\\\/optik.roman-wagner.de\\\/fr\\\/#website\",\"url\":\"https:\\\/\\\/optik.roman-wagner.de\\\/fr\\\/\",\"name\":\"Der Augenoptiker Roman Wagner\",\"description\":\"Zentren f\u00fcr gutes Sehen\",\"publisher\":{\"@id\":\"https:\\\/\\\/optik.roman-wagner.de\\\/fr\\\/#organization\"},\"potentialAction\":[{\"@type\":\"SearchAction\",\"target\":{\"@type\":\"EntryPoint\",\"urlTemplate\":\"https:\\\/\\\/optik.roman-wagner.de\\\/fr\\\/?s={search_term_string}\"},\"query-input\":{\"@type\":\"PropertyValueSpecification\",\"valueRequired\":true,\"valueName\":\"search_term_string\"}}],\"inLanguage\":\"fr-FR\"},{\"@type\":\"Organization\",\"@id\":\"https:\\\/\\\/optik.roman-wagner.de\\\/fr\\\/#organization\",\"name\":\"Der Augenoptiker Roman Wagner\",\"url\":\"https:\\\/\\\/optik.roman-wagner.de\\\/fr\\\/\",\"logo\":{\"@type\":\"ImageObject\",\"inLanguage\":\"fr-FR\",\"@id\":\"https:\\\/\\\/optik.roman-wagner.de\\\/fr\\\/#\\\/schema\\\/logo\\\/image\\\/\",\"url\":\"https:\\\/\\\/optik.roman-wagner.de\\\/wp-content\\\/uploads\\\/2019\\\/11\\\/Logo-RW-quadrat.jpg\",\"contentUrl\":\"https:\\\/\\\/optik.roman-wagner.de\\\/wp-content\\\/uploads\\\/2019\\\/11\\\/Logo-RW-quadrat.jpg\",\"width\":488,\"height\":479,\"caption\":\"Der Augenoptiker Roman Wagner\"},\"image\":{\"@id\":\"https:\\\/\\\/optik.roman-wagner.de\\\/fr\\\/#\\\/schema\\\/logo\\\/image\\\/\"},\"sameAs\":[\"https:\\\/\\\/www.facebook.com\\\/romanwagner.optiker\",\"https:\\\/\\\/www.instagram.com\\\/romanwagner.optiker\\\/\",\"https:\\\/\\\/www.youtube.com\\\/channel\\\/UCIHnCII9jl34mZG08gXgG6A\"]},{\"@type\":\"Person\",\"@id\":\"https:\\\/\\\/optik.roman-wagner.de\\\/fr\\\/#\\\/schema\\\/person\\\/4a52051c9505d1f3da58c234985c6c2f\",\"name\":\"RomanWagner\",\"image\":{\"@type\":\"ImageObject\",\"inLanguage\":\"fr-FR\",\"@id\":\"https:\\\/\\\/secure.gravatar.com\\\/avatar\\\/e6c57eb4a35b8245e2d2f86a3e023a8642987475df645a50407f34b4addef3fb?s=96&d=mm&r=g\",\"url\":\"https:\\\/\\\/secure.gravatar.com\\\/avatar\\\/e6c57eb4a35b8245e2d2f86a3e023a8642987475df645a50407f34b4addef3fb?s=96&d=mm&r=g\",\"contentUrl\":\"https:\\\/\\\/secure.gravatar.com\\\/avatar\\\/e6c57eb4a35b8245e2d2f86a3e023a8642987475df645a50407f34b4addef3fb?s=96&d=mm&r=g\",\"caption\":\"RomanWagner\"},\"url\":\"https:\\\/\\\/optik.roman-wagner.de\\\/fr\\\/author\\\/romanwagner\\\/\"}]}<\/script>\n<!-- \/ Yoast SEO plugin. -->","yoast_head_json":{"title":"Top 100 des opticiens \u2013 pour la 10e fois cons\u00e9cutive - Roman Wagner","description":"Mi-f\u00e9vrier, l\u2019acteur tr\u00e8s appr\u00e9ci\u00e9 Wotan Wilke M\u00f6hring, en tant que parrain, a r\u00e9compens\u00e9 les laur\u00e9ats du concours Top 100 Optiker 2024\/2025.","robots":{"index":"index","follow":"follow","max-snippet":"max-snippet:-1","max-image-preview":"max-image-preview:large","max-video-preview":"max-video-preview:-1"},"canonical":"https:\/\/optik.roman-wagner.de\/fr\/2024\/02\/top-100-des-opticiens-pour-la-10e-fois-consecutive\/","og_locale":"fr_FR","og_type":"article","og_title":"Top 100 des opticiens \u2013 pour la 10e fois cons\u00e9cutive - Roman Wagner","og_description":"Mi-f\u00e9vrier, l\u2019acteur tr\u00e8s appr\u00e9ci\u00e9 Wotan Wilke M\u00f6hring, en tant que parrain, a r\u00e9compens\u00e9 les laur\u00e9ats du concours Top 100 Optiker 2024\/2025.","og_url":"https:\/\/optik.roman-wagner.de\/fr\/2024\/02\/top-100-des-opticiens-pour-la-10e-fois-consecutive\/","og_site_name":"Roman Wagner","article_publisher":"https:\/\/www.facebook.com\/romanwagner.optiker","article_published_time":"2024-02-28T13:46:22+00:00","article_modified_time":"2026-04-30T13:47:28+00:00","og_image":[{"width":900,"height":613,"url":"https:\/\/optik.roman-wagner.de\/wp-content\/uploads\/2024\/02\/Roman_Wagner_Top100_2024-2025.jpg","type":"image\/jpeg"}],"author":"RomanWagner","twitter_card":"summary_large_image","twitter_misc":{"\u00c9crit par":"RomanWagner","Dur\u00e9e de lecture estim\u00e9e":"4 minutes"},"schema":{"@context":"https:\/\/schema.org","@graph":[{"@type":"Article","@id":"https:\/\/optik.roman-wagner.de\/fr\/2024\/02\/top-100-des-opticiens-pour-la-10e-fois-consecutive\/#article","isPartOf":{"@id":"https:\/\/optik.roman-wagner.de\/fr\/2024\/02\/top-100-des-opticiens-pour-la-10e-fois-consecutive\/"},"author":{"name":"RomanWagner","@id":"https:\/\/optik.roman-wagner.de\/fr\/#\/schema\/person\/4a52051c9505d1f3da58c234985c6c2f"},"headline":"Top 100 des opticiens \u2013 pour la 10e fois cons\u00e9cutive","datePublished":"2024-02-28T13:46:22+00:00","dateModified":"2026-04-30T13:47:28+00:00","mainEntityOfPage":{"@id":"https:\/\/optik.roman-wagner.de\/fr\/2024\/02\/top-100-des-opticiens-pour-la-10e-fois-consecutive\/"},"wordCount":726,"publisher":{"@id":"https:\/\/optik.roman-wagner.de\/fr\/#organization"},"image":{"@id":"https:\/\/optik.roman-wagner.de\/fr\/2024\/02\/top-100-des-opticiens-pour-la-10e-fois-consecutive\/#primaryimage"},"thumbnailUrl":"https:\/\/optik.roman-wagner.de\/wp-content\/uploads\/2024\/02\/Roman_Wagner_Top100_2024-2025.jpg","inLanguage":"fr-FR"},{"@type":"WebPage","@id":"https:\/\/optik.roman-wagner.de\/fr\/2024\/02\/top-100-des-opticiens-pour-la-10e-fois-consecutive\/","url":"https:\/\/optik.roman-wagner.de\/fr\/2024\/02\/top-100-des-opticiens-pour-la-10e-fois-consecutive\/","name":"Top 100 des opticiens \u2013 pour la 10e fois cons\u00e9cutive - Roman Wagner","isPartOf":{"@id":"https:\/\/optik.roman-wagner.de\/fr\/#website"},"primaryImageOfPage":{"@id":"https:\/\/optik.roman-wagner.de\/fr\/2024\/02\/top-100-des-opticiens-pour-la-10e-fois-consecutive\/#primaryimage"},"image":{"@id":"https:\/\/optik.roman-wagner.de\/fr\/2024\/02\/top-100-des-opticiens-pour-la-10e-fois-consecutive\/#primaryimage"},"thumbnailUrl":"https:\/\/optik.roman-wagner.de\/wp-content\/uploads\/2024\/02\/Roman_Wagner_Top100_2024-2025.jpg","datePublished":"2024-02-28T13:46:22+00:00","dateModified":"2026-04-30T13:47:28+00:00","description":"Mi-f\u00e9vrier, l\u2019acteur tr\u00e8s appr\u00e9ci\u00e9 Wotan Wilke M\u00f6hring, en tant que parrain, a r\u00e9compens\u00e9 les laur\u00e9ats du concours Top 100 Optiker 2024\/2025.","breadcrumb":{"@id":"https:\/\/optik.roman-wagner.de\/fr\/2024\/02\/top-100-des-opticiens-pour-la-10e-fois-consecutive\/#breadcrumb"},"inLanguage":"fr-FR","potentialAction":[{"@type":"ReadAction","target":["https:\/\/optik.roman-wagner.de\/fr\/2024\/02\/top-100-des-opticiens-pour-la-10e-fois-consecutive\/"]}]},{"@type":"ImageObject","inLanguage":"fr-FR","@id":"https:\/\/optik.roman-wagner.de\/fr\/2024\/02\/top-100-des-opticiens-pour-la-10e-fois-consecutive\/#primaryimage","url":"https:\/\/optik.roman-wagner.de\/wp-content\/uploads\/2024\/02\/Roman_Wagner_Top100_2024-2025.jpg","contentUrl":"https:\/\/optik.roman-wagner.de\/wp-content\/uploads\/2024\/02\/Roman_Wagner_Top100_2024-2025.jpg","width":900,"height":613},{"@type":"BreadcrumbList","@id":"https:\/\/optik.roman-wagner.de\/fr\/2024\/02\/top-100-des-opticiens-pour-la-10e-fois-consecutive\/#breadcrumb","itemListElement":[{"@type":"ListItem","position":1,"name":"Startseite","item":"https:\/\/optik.roman-wagner.de\/fr\/centres-pour-une-bonne-vision\/"},{"@type":"ListItem","position":2,"name":"Top 100 des opticiens \u2013 pour la 10e fois cons\u00e9cutive"}]},{"@type":"WebSite","@id":"https:\/\/optik.roman-wagner.de\/fr\/#website","url":"https:\/\/optik.roman-wagner.de\/fr\/","name":"Der Augenoptiker Roman Wagner","description":"Zentren f\u00fcr gutes Sehen","publisher":{"@id":"https:\/\/optik.roman-wagner.de\/fr\/#organization"},"potentialAction":[{"@type":"SearchAction","target":{"@type":"EntryPoint","urlTemplate":"https:\/\/optik.roman-wagner.de\/fr\/?s={search_term_string}"},"query-input":{"@type":"PropertyValueSpecification","valueRequired":true,"valueName":"search_term_string"}}],"inLanguage":"fr-FR"},{"@type":"Organization","@id":"https:\/\/optik.roman-wagner.de\/fr\/#organization","name":"Der Augenoptiker Roman Wagner","url":"https:\/\/optik.roman-wagner.de\/fr\/","logo":{"@type":"ImageObject","inLanguage":"fr-FR","@id":"https:\/\/optik.roman-wagner.de\/fr\/#\/schema\/logo\/image\/","url":"https:\/\/optik.roman-wagner.de\/wp-content\/uploads\/2019\/11\/Logo-RW-quadrat.jpg","contentUrl":"https:\/\/optik.roman-wagner.de\/wp-content\/uploads\/2019\/11\/Logo-RW-quadrat.jpg","width":488,"height":479,"caption":"Der Augenoptiker Roman Wagner"},"image":{"@id":"https:\/\/optik.roman-wagner.de\/fr\/#\/schema\/logo\/image\/"},"sameAs":["https:\/\/www.facebook.com\/romanwagner.optiker","https:\/\/www.instagram.com\/romanwagner.optiker\/","https:\/\/www.youtube.com\/channel\/UCIHnCII9jl34mZG08gXgG6A"]},{"@type":"Person","@id":"https:\/\/optik.roman-wagner.de\/fr\/#\/schema\/person\/4a52051c9505d1f3da58c234985c6c2f","name":"RomanWagner","image":{"@type":"ImageObject","inLanguage":"fr-FR","@id":"https:\/\/secure.gravatar.com\/avatar\/e6c57eb4a35b8245e2d2f86a3e023a8642987475df645a50407f34b4addef3fb?s=96&d=mm&r=g","url":"https:\/\/secure.gravatar.com\/avatar\/e6c57eb4a35b8245e2d2f86a3e023a8642987475df645a50407f34b4addef3fb?s=96&d=mm&r=g","contentUrl":"https:\/\/secure.gravatar.com\/avatar\/e6c57eb4a35b8245e2d2f86a3e023a8642987475df645a50407f34b4addef3fb?s=96&d=mm&r=g","caption":"RomanWagner"},"url":"https:\/\/optik.roman-wagner.de\/fr\/author\/romanwagner\/"}]}},"_links":{"self":[{"href":"https:\/\/optik.roman-wagner.de\/fr\/wp-json\/wp\/v2\/posts\/8554","targetHints":{"allow":["GET"]}}],"collection":[{"href":"https:\/\/optik.roman-wagner.de\/fr\/wp-json\/wp\/v2\/posts"}],"about":[{"href":"https:\/\/optik.roman-wagner.de\/fr\/wp-json\/wp\/v2\/types\/post"}],"author":[{"embeddable":true,"href":"https:\/\/optik.roman-wagner.de\/fr\/wp-json\/wp\/v2\/users\/1"}],"replies":[{"embeddable":true,"href":"https:\/\/optik.roman-wagner.de\/fr\/wp-json\/wp\/v2\/comments?post=8554"}],"version-history":[{"count":1,"href":"https:\/\/optik.roman-wagner.de\/fr\/wp-json\/wp\/v2\/posts\/8554\/revisions"}],"predecessor-version":[{"id":8558,"href":"https:\/\/optik.roman-wagner.de\/fr\/wp-json\/wp\/v2\/posts\/8554\/revisions\/8558"}],"wp:featuredmedia":[{"embeddable":true,"href":"https:\/\/optik.roman-wagner.de\/fr\/wp-json\/wp\/v2\/media\/8555"}],"wp:attachment":[{"href":"https:\/\/optik.roman-wagner.de\/fr\/wp-json\/wp\/v2\/media?parent=8554"}],"wp:term":[{"taxonomy":"category","embeddable":true,"href":"https:\/\/optik.roman-wagner.de\/fr\/wp-json\/wp\/v2\/categories?post=8554"},{"taxonomy":"post_tag","embeddable":true,"href":"https:\/\/optik.roman-wagner.de\/fr\/wp-json\/wp\/v2\/tags?post=8554"}],"curies":[{"name":"wp","href":"https:\/\/api.w.org\/{rel}","templated":true}]}}