{"id":8498,"date":"2024-03-27T10:03:57","date_gmt":"2024-03-27T09:03:57","guid":{"rendered":"https:\/\/optik.roman-wagner.de\/2024\/03\/new-york-city-et-son-salon-vision-expo-east-2024\/"},"modified":"2024-03-27T10:03:57","modified_gmt":"2024-03-27T09:03:57","slug":"new-york-city-et-son-salon-vision-expo-east-2024","status":"publish","type":"post","link":"https:\/\/optik.roman-wagner.de\/fr\/2024\/03\/new-york-city-et-son-salon-vision-expo-east-2024\/","title":{"rendered":"New York City et son salon Vision Expo East 2024"},"content":{"rendered":"","protected":false},"excerpt":{"rendered":"<p>Notre troisi\u00e8me visite de salon professionnel cette ann\u00e9e.<\/p>\n<p>Le nombre d\u2019exposants \u00e9tait impressionnant. Outre la mode de la lunetterie, l\u2019accent a \u00e9t\u00e9 mis sur les technologies innovantes en optique et en ophtalmologie. Le th\u00e8me de la \u00ab s\u00e9cheresse oculaire \u00bb \u00e9tait au premier plan. Nous travaillons d\u00e9j\u00e0 avec beaucoup de succ\u00e8s depuis longtemps avec la technologie sp\u00e9cifique pour l\u2019optimisation du film lacrymal.   <\/p>\n","protected":false},"author":1,"featured_media":8505,"comment_status":"closed","ping_status":"open","sticky":false,"template":"","format":"standard","meta":{"_et_pb_use_builder":"on","_et_pb_old_content":"","_et_gb_content_width":"","iawp_total_views":0,"footnotes":""},"categories":[140],"tags":[338,337,336,335],"class_list":["post-8498","post","type-post","status-publish","format-standard","has-post-thumbnail","hentry","category-non-classe","tag-lunettes-elton-john","tag-marque-elton-john","tag-montures-de-lunettes-elton-john","tag-vision-expo-east"],"yoast_head":"<!-- This site is optimized with the Yoast SEO plugin v27.4 - https:\/\/yoast.com\/product\/yoast-seo-wordpress\/ -->\n<title>New York City et son salon Vision Expo East 2024<\/title>\n<meta name=\"description\" content=\"Nous \u00e9tions \u00e0 New York pour le salon Vision Expo East 2024. Le th\u00e8me de la \u00ab s\u00e9cheresse oculaire \u00bb \u00e9tait au c\u0153ur des \u00e9changes.\" \/>\n<meta name=\"robots\" content=\"index, follow, max-snippet:-1, max-image-preview:large, max-video-preview:-1\" \/>\n<link rel=\"canonical\" href=\"https:\/\/optik.roman-wagner.de\/fr\/2024\/03\/new-york-city-et-son-salon-vision-expo-east-2024\/\" \/>\n<meta property=\"og:locale\" content=\"fr_FR\" \/>\n<meta property=\"og:type\" content=\"article\" \/>\n<meta property=\"og:title\" content=\"New York City et son salon Vision Expo East 2024\" \/>\n<meta property=\"og:description\" content=\"Nous \u00e9tions \u00e0 New York pour le salon Vision Expo East 2024. Le th\u00e8me de la \u00ab s\u00e9cheresse oculaire \u00bb \u00e9tait au c\u0153ur des \u00e9changes.\" \/>\n<meta property=\"og:url\" content=\"https:\/\/optik.roman-wagner.de\/fr\/2024\/03\/new-york-city-et-son-salon-vision-expo-east-2024\/\" \/>\n<meta property=\"og:site_name\" content=\"Roman Wagner\" \/>\n<meta property=\"article:publisher\" content=\"https:\/\/www.facebook.com\/romanwagner.optiker\" \/>\n<meta property=\"article:published_time\" content=\"2024-03-27T09:03:57+00:00\" \/>\n<meta property=\"og:image\" content=\"https:\/\/optik.roman-wagner.de\/wp-content\/uploads\/2024\/03\/New-York-2024-7.jpg\" \/>\n\t<meta property=\"og:image:width\" content=\"753\" \/>\n\t<meta property=\"og:image:height\" content=\"1000\" \/>\n\t<meta property=\"og:image:type\" content=\"image\/jpeg\" \/>\n<meta name=\"author\" content=\"RomanWagner\" \/>\n<meta name=\"twitter:card\" content=\"summary_large_image\" \/>\n<meta name=\"twitter:label1\" content=\"\u00c9crit par\" \/>\n\t<meta name=\"twitter:data1\" content=\"RomanWagner\" \/>\n<script type=\"application\/ld+json\" class=\"yoast-schema-graph\">{\"@context\":\"https:\\\/\\\/schema.org\",\"@graph\":[{\"@type\":\"Article\",\"@id\":\"https:\\\/\\\/optik.roman-wagner.de\\\/fr\\\/2024\\\/03\\\/new-york-city-et-son-salon-vision-expo-east-2024\\\/#article\",\"isPartOf\":{\"@id\":\"https:\\\/\\\/optik.roman-wagner.de\\\/fr\\\/2024\\\/03\\\/new-york-city-et-son-salon-vision-expo-east-2024\\\/\"},\"author\":{\"name\":\"RomanWagner\",\"@id\":\"https:\\\/\\\/optik.roman-wagner.de\\\/fr\\\/#\\\/schema\\\/person\\\/4a52051c9505d1f3da58c234985c6c2f\"},\"headline\":\"New York City et son salon Vision Expo East 2024\",\"datePublished\":\"2024-03-27T09:03:57+00:00\",\"mainEntityOfPage\":{\"@id\":\"https:\\\/\\\/optik.roman-wagner.de\\\/fr\\\/2024\\\/03\\\/new-york-city-et-son-salon-vision-expo-east-2024\\\/\"},\"wordCount\":9,\"publisher\":{\"@id\":\"https:\\\/\\\/optik.roman-wagner.de\\\/fr\\\/#organization\"},\"image\":{\"@id\":\"https:\\\/\\\/optik.roman-wagner.de\\\/fr\\\/2024\\\/03\\\/new-york-city-et-son-salon-vision-expo-east-2024\\\/#primaryimage\"},\"thumbnailUrl\":\"https:\\\/\\\/optik.roman-wagner.de\\\/wp-content\\\/uploads\\\/2024\\\/03\\\/New-York-2024-7.jpg\",\"keywords\":[\"Lunettes Elton John\",\"Marque Elton John\",\"Montures de lunettes Elton John\",\"Vision Expo East\"],\"inLanguage\":\"fr-FR\"},{\"@type\":\"WebPage\",\"@id\":\"https:\\\/\\\/optik.roman-wagner.de\\\/fr\\\/2024\\\/03\\\/new-york-city-et-son-salon-vision-expo-east-2024\\\/\",\"url\":\"https:\\\/\\\/optik.roman-wagner.de\\\/fr\\\/2024\\\/03\\\/new-york-city-et-son-salon-vision-expo-east-2024\\\/\",\"name\":\"New York City et son salon Vision Expo East 2024\",\"isPartOf\":{\"@id\":\"https:\\\/\\\/optik.roman-wagner.de\\\/fr\\\/#website\"},\"primaryImageOfPage\":{\"@id\":\"https:\\\/\\\/optik.roman-wagner.de\\\/fr\\\/2024\\\/03\\\/new-york-city-et-son-salon-vision-expo-east-2024\\\/#primaryimage\"},\"image\":{\"@id\":\"https:\\\/\\\/optik.roman-wagner.de\\\/fr\\\/2024\\\/03\\\/new-york-city-et-son-salon-vision-expo-east-2024\\\/#primaryimage\"},\"thumbnailUrl\":\"https:\\\/\\\/optik.roman-wagner.de\\\/wp-content\\\/uploads\\\/2024\\\/03\\\/New-York-2024-7.jpg\",\"datePublished\":\"2024-03-27T09:03:57+00:00\",\"description\":\"Nous \u00e9tions \u00e0 New York pour le salon Vision Expo East 2024. Le th\u00e8me de la \u00ab s\u00e9cheresse oculaire \u00bb \u00e9tait au c\u0153ur des \u00e9changes.\",\"breadcrumb\":{\"@id\":\"https:\\\/\\\/optik.roman-wagner.de\\\/fr\\\/2024\\\/03\\\/new-york-city-et-son-salon-vision-expo-east-2024\\\/#breadcrumb\"},\"inLanguage\":\"fr-FR\",\"potentialAction\":[{\"@type\":\"ReadAction\",\"target\":[\"https:\\\/\\\/optik.roman-wagner.de\\\/fr\\\/2024\\\/03\\\/new-york-city-et-son-salon-vision-expo-east-2024\\\/\"]}]},{\"@type\":\"ImageObject\",\"inLanguage\":\"fr-FR\",\"@id\":\"https:\\\/\\\/optik.roman-wagner.de\\\/fr\\\/2024\\\/03\\\/new-york-city-et-son-salon-vision-expo-east-2024\\\/#primaryimage\",\"url\":\"https:\\\/\\\/optik.roman-wagner.de\\\/wp-content\\\/uploads\\\/2024\\\/03\\\/New-York-2024-7.jpg\",\"contentUrl\":\"https:\\\/\\\/optik.roman-wagner.de\\\/wp-content\\\/uploads\\\/2024\\\/03\\\/New-York-2024-7.jpg\",\"width\":753,\"height\":1000},{\"@type\":\"BreadcrumbList\",\"@id\":\"https:\\\/\\\/optik.roman-wagner.de\\\/fr\\\/2024\\\/03\\\/new-york-city-et-son-salon-vision-expo-east-2024\\\/#breadcrumb\",\"itemListElement\":[{\"@type\":\"ListItem\",\"position\":1,\"name\":\"Startseite\",\"item\":\"https:\\\/\\\/optik.roman-wagner.de\\\/fr\\\/centres-pour-une-bonne-vision\\\/\"},{\"@type\":\"ListItem\",\"position\":2,\"name\":\"New York City et son salon Vision Expo East 2024\"}]},{\"@type\":\"WebSite\",\"@id\":\"https:\\\/\\\/optik.roman-wagner.de\\\/fr\\\/#website\",\"url\":\"https:\\\/\\\/optik.roman-wagner.de\\\/fr\\\/\",\"name\":\"Der Augenoptiker Roman Wagner\",\"description\":\"Zentren f\u00fcr gutes Sehen\",\"publisher\":{\"@id\":\"https:\\\/\\\/optik.roman-wagner.de\\\/fr\\\/#organization\"},\"potentialAction\":[{\"@type\":\"SearchAction\",\"target\":{\"@type\":\"EntryPoint\",\"urlTemplate\":\"https:\\\/\\\/optik.roman-wagner.de\\\/fr\\\/?s={search_term_string}\"},\"query-input\":{\"@type\":\"PropertyValueSpecification\",\"valueRequired\":true,\"valueName\":\"search_term_string\"}}],\"inLanguage\":\"fr-FR\"},{\"@type\":\"Organization\",\"@id\":\"https:\\\/\\\/optik.roman-wagner.de\\\/fr\\\/#organization\",\"name\":\"Der Augenoptiker Roman Wagner\",\"url\":\"https:\\\/\\\/optik.roman-wagner.de\\\/fr\\\/\",\"logo\":{\"@type\":\"ImageObject\",\"inLanguage\":\"fr-FR\",\"@id\":\"https:\\\/\\\/optik.roman-wagner.de\\\/fr\\\/#\\\/schema\\\/logo\\\/image\\\/\",\"url\":\"https:\\\/\\\/optik.roman-wagner.de\\\/wp-content\\\/uploads\\\/2019\\\/11\\\/Logo-RW-quadrat.jpg\",\"contentUrl\":\"https:\\\/\\\/optik.roman-wagner.de\\\/wp-content\\\/uploads\\\/2019\\\/11\\\/Logo-RW-quadrat.jpg\",\"width\":488,\"height\":479,\"caption\":\"Der Augenoptiker Roman Wagner\"},\"image\":{\"@id\":\"https:\\\/\\\/optik.roman-wagner.de\\\/fr\\\/#\\\/schema\\\/logo\\\/image\\\/\"},\"sameAs\":[\"https:\\\/\\\/www.facebook.com\\\/romanwagner.optiker\",\"https:\\\/\\\/www.instagram.com\\\/romanwagner.optiker\\\/\",\"https:\\\/\\\/www.youtube.com\\\/channel\\\/UCIHnCII9jl34mZG08gXgG6A\"]},{\"@type\":\"Person\",\"@id\":\"https:\\\/\\\/optik.roman-wagner.de\\\/fr\\\/#\\\/schema\\\/person\\\/4a52051c9505d1f3da58c234985c6c2f\",\"name\":\"RomanWagner\",\"image\":{\"@type\":\"ImageObject\",\"inLanguage\":\"fr-FR\",\"@id\":\"https:\\\/\\\/secure.gravatar.com\\\/avatar\\\/e6c57eb4a35b8245e2d2f86a3e023a8642987475df645a50407f34b4addef3fb?s=96&d=mm&r=g\",\"url\":\"https:\\\/\\\/secure.gravatar.com\\\/avatar\\\/e6c57eb4a35b8245e2d2f86a3e023a8642987475df645a50407f34b4addef3fb?s=96&d=mm&r=g\",\"contentUrl\":\"https:\\\/\\\/secure.gravatar.com\\\/avatar\\\/e6c57eb4a35b8245e2d2f86a3e023a8642987475df645a50407f34b4addef3fb?s=96&d=mm&r=g\",\"caption\":\"RomanWagner\"},\"url\":\"https:\\\/\\\/optik.roman-wagner.de\\\/fr\\\/author\\\/romanwagner\\\/\"}]}<\/script>\n<!-- \/ Yoast SEO plugin. -->","yoast_head_json":{"title":"New York City et son salon Vision Expo East 2024","description":"Nous \u00e9tions \u00e0 New York pour le salon Vision Expo East 2024. Le th\u00e8me de la \u00ab s\u00e9cheresse oculaire \u00bb \u00e9tait au c\u0153ur des \u00e9changes.","robots":{"index":"index","follow":"follow","max-snippet":"max-snippet:-1","max-image-preview":"max-image-preview:large","max-video-preview":"max-video-preview:-1"},"canonical":"https:\/\/optik.roman-wagner.de\/fr\/2024\/03\/new-york-city-et-son-salon-vision-expo-east-2024\/","og_locale":"fr_FR","og_type":"article","og_title":"New York City et son salon Vision Expo East 2024","og_description":"Nous \u00e9tions \u00e0 New York pour le salon Vision Expo East 2024. Le th\u00e8me de la \u00ab s\u00e9cheresse oculaire \u00bb \u00e9tait au c\u0153ur des \u00e9changes.","og_url":"https:\/\/optik.roman-wagner.de\/fr\/2024\/03\/new-york-city-et-son-salon-vision-expo-east-2024\/","og_site_name":"Roman Wagner","article_publisher":"https:\/\/www.facebook.com\/romanwagner.optiker","article_published_time":"2024-03-27T09:03:57+00:00","og_image":[{"width":753,"height":1000,"url":"https:\/\/optik.roman-wagner.de\/wp-content\/uploads\/2024\/03\/New-York-2024-7.jpg","type":"image\/jpeg"}],"author":"RomanWagner","twitter_card":"summary_large_image","twitter_misc":{"\u00c9crit par":"RomanWagner"},"schema":{"@context":"https:\/\/schema.org","@graph":[{"@type":"Article","@id":"https:\/\/optik.roman-wagner.de\/fr\/2024\/03\/new-york-city-et-son-salon-vision-expo-east-2024\/#article","isPartOf":{"@id":"https:\/\/optik.roman-wagner.de\/fr\/2024\/03\/new-york-city-et-son-salon-vision-expo-east-2024\/"},"author":{"name":"RomanWagner","@id":"https:\/\/optik.roman-wagner.de\/fr\/#\/schema\/person\/4a52051c9505d1f3da58c234985c6c2f"},"headline":"New York City et son salon Vision Expo East 2024","datePublished":"2024-03-27T09:03:57+00:00","mainEntityOfPage":{"@id":"https:\/\/optik.roman-wagner.de\/fr\/2024\/03\/new-york-city-et-son-salon-vision-expo-east-2024\/"},"wordCount":9,"publisher":{"@id":"https:\/\/optik.roman-wagner.de\/fr\/#organization"},"image":{"@id":"https:\/\/optik.roman-wagner.de\/fr\/2024\/03\/new-york-city-et-son-salon-vision-expo-east-2024\/#primaryimage"},"thumbnailUrl":"https:\/\/optik.roman-wagner.de\/wp-content\/uploads\/2024\/03\/New-York-2024-7.jpg","keywords":["Lunettes Elton John","Marque Elton John","Montures de lunettes Elton John","Vision Expo East"],"inLanguage":"fr-FR"},{"@type":"WebPage","@id":"https:\/\/optik.roman-wagner.de\/fr\/2024\/03\/new-york-city-et-son-salon-vision-expo-east-2024\/","url":"https:\/\/optik.roman-wagner.de\/fr\/2024\/03\/new-york-city-et-son-salon-vision-expo-east-2024\/","name":"New York City et son salon Vision Expo East 2024","isPartOf":{"@id":"https:\/\/optik.roman-wagner.de\/fr\/#website"},"primaryImageOfPage":{"@id":"https:\/\/optik.roman-wagner.de\/fr\/2024\/03\/new-york-city-et-son-salon-vision-expo-east-2024\/#primaryimage"},"image":{"@id":"https:\/\/optik.roman-wagner.de\/fr\/2024\/03\/new-york-city-et-son-salon-vision-expo-east-2024\/#primaryimage"},"thumbnailUrl":"https:\/\/optik.roman-wagner.de\/wp-content\/uploads\/2024\/03\/New-York-2024-7.jpg","datePublished":"2024-03-27T09:03:57+00:00","description":"Nous \u00e9tions \u00e0 New York pour le salon Vision Expo East 2024. Le th\u00e8me de la \u00ab s\u00e9cheresse oculaire \u00bb \u00e9tait au c\u0153ur des \u00e9changes.","breadcrumb":{"@id":"https:\/\/optik.roman-wagner.de\/fr\/2024\/03\/new-york-city-et-son-salon-vision-expo-east-2024\/#breadcrumb"},"inLanguage":"fr-FR","potentialAction":[{"@type":"ReadAction","target":["https:\/\/optik.roman-wagner.de\/fr\/2024\/03\/new-york-city-et-son-salon-vision-expo-east-2024\/"]}]},{"@type":"ImageObject","inLanguage":"fr-FR","@id":"https:\/\/optik.roman-wagner.de\/fr\/2024\/03\/new-york-city-et-son-salon-vision-expo-east-2024\/#primaryimage","url":"https:\/\/optik.roman-wagner.de\/wp-content\/uploads\/2024\/03\/New-York-2024-7.jpg","contentUrl":"https:\/\/optik.roman-wagner.de\/wp-content\/uploads\/2024\/03\/New-York-2024-7.jpg","width":753,"height":1000},{"@type":"BreadcrumbList","@id":"https:\/\/optik.roman-wagner.de\/fr\/2024\/03\/new-york-city-et-son-salon-vision-expo-east-2024\/#breadcrumb","itemListElement":[{"@type":"ListItem","position":1,"name":"Startseite","item":"https:\/\/optik.roman-wagner.de\/fr\/centres-pour-une-bonne-vision\/"},{"@type":"ListItem","position":2,"name":"New York City et son salon Vision Expo East 2024"}]},{"@type":"WebSite","@id":"https:\/\/optik.roman-wagner.de\/fr\/#website","url":"https:\/\/optik.roman-wagner.de\/fr\/","name":"Der Augenoptiker Roman Wagner","description":"Zentren f\u00fcr gutes Sehen","publisher":{"@id":"https:\/\/optik.roman-wagner.de\/fr\/#organization"},"potentialAction":[{"@type":"SearchAction","target":{"@type":"EntryPoint","urlTemplate":"https:\/\/optik.roman-wagner.de\/fr\/?s={search_term_string}"},"query-input":{"@type":"PropertyValueSpecification","valueRequired":true,"valueName":"search_term_string"}}],"inLanguage":"fr-FR"},{"@type":"Organization","@id":"https:\/\/optik.roman-wagner.de\/fr\/#organization","name":"Der Augenoptiker Roman Wagner","url":"https:\/\/optik.roman-wagner.de\/fr\/","logo":{"@type":"ImageObject","inLanguage":"fr-FR","@id":"https:\/\/optik.roman-wagner.de\/fr\/#\/schema\/logo\/image\/","url":"https:\/\/optik.roman-wagner.de\/wp-content\/uploads\/2019\/11\/Logo-RW-quadrat.jpg","contentUrl":"https:\/\/optik.roman-wagner.de\/wp-content\/uploads\/2019\/11\/Logo-RW-quadrat.jpg","width":488,"height":479,"caption":"Der Augenoptiker Roman Wagner"},"image":{"@id":"https:\/\/optik.roman-wagner.de\/fr\/#\/schema\/logo\/image\/"},"sameAs":["https:\/\/www.facebook.com\/romanwagner.optiker","https:\/\/www.instagram.com\/romanwagner.optiker\/","https:\/\/www.youtube.com\/channel\/UCIHnCII9jl34mZG08gXgG6A"]},{"@type":"Person","@id":"https:\/\/optik.roman-wagner.de\/fr\/#\/schema\/person\/4a52051c9505d1f3da58c234985c6c2f","name":"RomanWagner","image":{"@type":"ImageObject","inLanguage":"fr-FR","@id":"https:\/\/secure.gravatar.com\/avatar\/e6c57eb4a35b8245e2d2f86a3e023a8642987475df645a50407f34b4addef3fb?s=96&d=mm&r=g","url":"https:\/\/secure.gravatar.com\/avatar\/e6c57eb4a35b8245e2d2f86a3e023a8642987475df645a50407f34b4addef3fb?s=96&d=mm&r=g","contentUrl":"https:\/\/secure.gravatar.com\/avatar\/e6c57eb4a35b8245e2d2f86a3e023a8642987475df645a50407f34b4addef3fb?s=96&d=mm&r=g","caption":"RomanWagner"},"url":"https:\/\/optik.roman-wagner.de\/fr\/author\/romanwagner\/"}]}},"_links":{"self":[{"href":"https:\/\/optik.roman-wagner.de\/fr\/wp-json\/wp\/v2\/posts\/8498","targetHints":{"allow":["GET"]}}],"collection":[{"href":"https:\/\/optik.roman-wagner.de\/fr\/wp-json\/wp\/v2\/posts"}],"about":[{"href":"https:\/\/optik.roman-wagner.de\/fr\/wp-json\/wp\/v2\/types\/post"}],"author":[{"embeddable":true,"href":"https:\/\/optik.roman-wagner.de\/fr\/wp-json\/wp\/v2\/users\/1"}],"replies":[{"embeddable":true,"href":"https:\/\/optik.roman-wagner.de\/fr\/wp-json\/wp\/v2\/comments?post=8498"}],"version-history":[{"count":0,"href":"https:\/\/optik.roman-wagner.de\/fr\/wp-json\/wp\/v2\/posts\/8498\/revisions"}],"wp:featuredmedia":[{"embeddable":true,"href":"https:\/\/optik.roman-wagner.de\/fr\/wp-json\/wp\/v2\/media\/8505"}],"wp:attachment":[{"href":"https:\/\/optik.roman-wagner.de\/fr\/wp-json\/wp\/v2\/media?parent=8498"}],"wp:term":[{"taxonomy":"category","embeddable":true,"href":"https:\/\/optik.roman-wagner.de\/fr\/wp-json\/wp\/v2\/categories?post=8498"},{"taxonomy":"post_tag","embeddable":true,"href":"https:\/\/optik.roman-wagner.de\/fr\/wp-json\/wp\/v2\/tags?post=8498"}],"curies":[{"name":"wp","href":"https:\/\/api.w.org\/{rel}","templated":true}]}}