{"id":8431,"date":"2024-08-29T10:03:13","date_gmt":"2024-08-29T08:03:13","guid":{"rendered":"https:\/\/optik.roman-wagner.de\/2024\/08\/detecter-precocement-les-troubles-de-la-vision-chez-les-enfants\/"},"modified":"2026-04-30T15:46:27","modified_gmt":"2026-04-30T13:46:27","slug":"detecter-precocement-les-troubles-de-la-vision-chez-les-enfants","status":"publish","type":"post","link":"https:\/\/optik.roman-wagner.de\/fr\/2024\/08\/detecter-precocement-les-troubles-de-la-vision-chez-les-enfants\/","title":{"rendered":"D\u00e9tecter pr\u00e9cocement les troubles de la vision chez les enfants"},"content":{"rendered":"<p>[et_pb_section fb_built=\u00a0\u00bb1&Prime; _builder_version=\u00a0\u00bb4.25.1&Prime; custom_margin=\u00a0\u00bb70px||||false|false\u00a0\u00bb custom_margin_tablet=\u00a0\u00bb70px||||false|false\u00a0\u00bb custom_margin_phone=\u00a0\u00bb30px||||false|false\u00a0\u00bb custom_margin_last_edited=\u00a0\u00bbon|phone\u00a0\u00bb custom_padding=\u00a0\u00bb0px||8px||false|false\u00a0\u00bb da_disable_devices=\u00a0\u00bboff|off|off\u00a0\u00bb global_colors_info=\u00a0\u00bb{}\u00a0\u00bb da_is_popup=\u00a0\u00bboff\u00a0\u00bb da_exit_intent=\u00a0\u00bboff\u00a0\u00bb da_has_close=\u00a0\u00bbon\u00a0\u00bb da_alt_close=\u00a0\u00bboff\u00a0\u00bb da_dark_close=\u00a0\u00bboff\u00a0\u00bb da_not_modal=\u00a0\u00bbon\u00a0\u00bb da_is_singular=\u00a0\u00bboff\u00a0\u00bb da_with_loader=\u00a0\u00bboff\u00a0\u00bb da_has_shadow=\u00a0\u00bbon\u00a0\u00bb][et_pb_row column_structure=\u00a0\u00bb1_2,1_2&Prime; _builder_version=\u00a0\u00bb4.25.1&Prime; background_size=\u00a0\u00bbinitial\u00a0\u00bb background_position=\u00a0\u00bbtop_left\u00a0\u00bb background_repeat=\u00a0\u00bbrepeat\u00a0\u00bb custom_padding=\u00a0\u00bb60px||28px||false|false\u00a0\u00bb global_colors_info=\u00a0\u00bb{}\u00a0\u00bb][et_pb_column type=\u00a0\u00bb1_2&Prime; _builder_version=\u00a0\u00bb4.16&Prime; custom_padding=\u00a0\u00bb|||\u00a0\u00bb global_colors_info=\u00a0\u00bb{}\u00a0\u00bb custom_padding__hover=\u00a0\u00bb|||\u00a0\u00bb][et_pb_cta title=\u00a0\u00bbD\u00e9tecter pr\u00e9cocement les troubles de la vision chez les enfants \u00a0\u00bb button_url=\u00a0\u00bbhttps:\/\/optik.roman-wagner.de\/fr\/rendez-vous-en-ligne\/\u00a0\u00bb url_new_window=\u00a0\u00bbon\u00a0\u00bb button_text=\u00a0\u00bbPrendre rendez-vous\u00a0\u00bb _builder_version=\u00a0\u00bb4.25.1&Prime; header_level=\u00a0\u00bbh1&Prime; header_font=\u00a0\u00bb|600|||||||\u00a0\u00bb use_background_color=\u00a0\u00bboff\u00a0\u00bb custom_button=\u00a0\u00bbon\u00a0\u00bb button_icon=\u00a0\u00bb&#x26;||divi||400&Prime; button_on_hover=\u00a0\u00bboff\u00a0\u00bb text_orientation=\u00a0\u00bbleft\u00a0\u00bb background_layout=\u00a0\u00bblight\u00a0\u00bb custom_margin=\u00a0\u00bb4px||5px||false|false\u00a0\u00bb global_colors_info=\u00a0\u00bb{}\u00a0\u00bb]<\/p>\n<h5>Une bonne vision est cruciale pour la r\u00e9ussite scolaire <\/h5>\n<p>Faites donc v\u00e9rifier l\u2019acuit\u00e9 visuelle de vos enfants dans nos Centres pour une Bonne Vision !<\/p>\n<p>[\/et_pb_cta][et_pb_text _builder_version=\u00a0\u00bb4.25.1&Prime; _module_preset=\u00a0\u00bbdefault\u00a0\u00bb custom_margin=\u00a0\u00bb40px||||false|false\u00a0\u00bb global_colors_info=\u00a0\u00bb{}\u00a0\u00bb]<\/p>\n<p><strong>Environ 60 % de tous les d\u00e9fauts visuels sont d\u00e9tect\u00e9s trop tard. L\u2019opticien Roman Wagner vous explique ce que vous devriez savoir sur la sant\u00e9 visuelle de vos enfants. <\/strong><\/p>\n<p>La nouvelle ann\u00e9e scolaire commence. L\u2019attention des enfants est \u00e0 nouveau plus sollicit\u00e9e.<br \/>Mais les enfants qui voient mal ont du mal \u00e0 suivre les cours. Ils se fatiguent plus vite. La baisse de performance et la perte de motivation en sont les cons\u00e9quences.   <\/p>\n<h3>Pr\u00e8s de la moiti\u00e9 des enfants sans test de vision<\/h3>\n<p>La myopie commence souvent pendant la scolarit\u00e9 et augmente progressivement. Cela est particuli\u00e8rement vrai si les parents et les grands-parents sont \u00e9galement myopes. Malgr\u00e9 les recommandations claires des experts, environ la moiti\u00e9 des enfants n\u2019ont pas de test de vision r\u00e9cent.  <\/p>\n<h3>Des examens oculaires r\u00e9guliers sont essentiels<\/h3>\n<p>Les enfants ne peuvent souvent pas d\u00e9tecter eux-m\u00eames les probl\u00e8mes de vision. Il incombe aux parents et tuteurs d\u2019agir pr\u00e9cocement. <\/p>\n<p>Si les deux parents sont myopes, les yeux des petits devraient \u00eatre examin\u00e9s annuellement ; pour les \u00e9l\u00e8ves ayant une vision normale, au moins tous les trois ans.<\/p>\n<p>Pour d\u00e9tecter les probl\u00e8mes de vision \u00e9vidents, vous pouvez prendre rendez-vous pour un contr\u00f4le de l\u2019acuit\u00e9 visuelle dans les Centres pour une Bonne Vision de Roman Wagner.<\/p>\n<p>Pour la d\u00e9tection de probl\u00e8mes de vision plus subtils, les experts recommandent, avant l\u2019entr\u00e9e \u00e0 l\u2019\u00e9cole, de faire examiner les yeux par des ophtalmologistes ou des optom\u00e9tristes sp\u00e9cialis\u00e9s dans les enfants.<\/p>\n<p>[\/et_pb_text][\/et_pb_column][et_pb_column type=\u00a0\u00bb1_2&Prime; _builder_version=\u00a0\u00bb4.25.1&Prime; _module_preset=\u00a0\u00bbdefault\u00a0\u00bb global_colors_info=\u00a0\u00bb{}\u00a0\u00bb][et_pb_gallery gallery_ids=\u00a0\u00bb8432,5267&Prime; fullwidth=\u00a0\u00bbon\u00a0\u00bb _builder_version=\u00a0\u00bb4.25.1&Prime; _module_preset=\u00a0\u00bbdefault\u00a0\u00bb auto=\u00a0\u00bbon\u00a0\u00bb auto_speed=\u00a0\u00bb4000&Prime; box_shadow_style=\u00a0\u00bbpreset2&Prime; global_colors_info=\u00a0\u00bb{}\u00a0\u00bb][\/et_pb_gallery][et_pb_text ol_item_indent=\u00a0\u00bb10px\u00a0\u00bb _builder_version=\u00a0\u00bb4.25.1&Prime; _module_preset=\u00a0\u00bbdefault\u00a0\u00bb ul_font=\u00a0\u00bb||||||||\u00a0\u00bb ol_font=\u00a0\u00bb||||||||\u00a0\u00bb ol_line_height=\u00a0\u00bb2.2em\u00a0\u00bb custom_margin=\u00a0\u00bb20px||9px||false|false\u00a0\u00bb global_colors_info=\u00a0\u00bb{}\u00a0\u00bb]<\/p>\n<h4><span style=\"text-decoration: underline;\">Ce que les parents peuvent faire \u2013 Conseils pour des yeux d\u2019enfants en bonne sant\u00e9<\/span><\/h4>\n<ol>\n<li>Faire examiner et tester les yeux par un ophtalmologiste au plus tard avant l\u2019\u00e2ge de 3 ans, ind\u00e9pendamment de l\u2019examen<\/li>\n<li>Pendant les ann\u00e9es scolaires, v\u00e9rifier de mani\u00e8re ludique si les enfants peuvent lire les plaques d\u2019immatriculation ou les panneaux \u00e9loign\u00e9s au moins aussi bien qu\u2019eux (id\u00e9alement avec chaque \u0153il s\u00e9par\u00e9ment)<\/li>\n<li>Maintenir une distance suffisante lors de la lecture et des travaux de pr\u00e8s, 30 \u00e0 40 cm sont recommand\u00e9s.<\/li>\n<li>Faire attention aux signes de probl\u00e8mes de vision chez les jeunes pousses : par exemple, lecture h\u00e9sitante, probl\u00e8mes pour attraper un ballon, fatigue rapide lors du bricolage et de la peinture.<\/li>\n<li><strong>Encourager un s\u00e9jour quotidien en ext\u00e9rieur, au moins deux heures par jour.<\/strong><\/li>\n<li><strong>Limiter le temps pass\u00e9 devant les \u00e9crans \u00e0 deux heures par jour.<\/strong><\/li>\n<li>En cas de myopie d\u00e9tect\u00e9e, contrer avec le <strong><a href=\"https:\/\/optik.roman-wagner.de\/fr\/myopie\/\">management de la myopie<\/a><\/strong>. Des verres de lunettes et des lentilles de contact sp\u00e9ciaux peuvent freiner sa progression. <\/li>\n<\/ol>\n<p>[\/et_pb_text][et_pb_button button_url=\u00a0\u00bbhttps:\/\/optik.roman-wagner.de\/fr\/myopie\/\u00a0\u00bb button_text=\u00a0\u00bbEn savoir plus sur le management de la myopie\u00a0\u00bb _builder_version=\u00a0\u00bb4.25.1&Prime; _module_preset=\u00a0\u00bbdefault\u00a0\u00bb global_colors_info=\u00a0\u00bb{}\u00a0\u00bb][\/et_pb_button][et_pb_text _builder_version=\u00a0\u00bb4.25.1&Prime; _module_preset=\u00a0\u00bbdefault\u00a0\u00bb hover_enabled=\u00a0\u00bb0&Prime; sticky_enabled=\u00a0\u00bb0&Prime;]<\/p>\n<p style=\"text-align: right;\"><span>Photo par <\/span><span class=\"html-span xdj266r x11i5rnm xat24cr x1mh8g0r xexx8yu x4uap5 x18d9i69 xkhd6sd x1hl2dhg x16tdsg8 x1vvkbs\"><a attributionsrc=\"\/privacy_sandbox\/comet\/register\/source\/?xt=AZW4x1MZi4Fkx_KinqRISHbyX_9dmI0bZsrIhFlrMsmhw2UWIaMenmC837nvYDw7Qfc0-wy2XdkZiaOauqIRnHCMXH6iFwJpQ7fUHS4vjqjBWaQx9ql2VLhA9evwKFaSuoAR7zcd7V-cecMbymkvFcDsor3fT1otQ9eLlPWx5WlDWIT3BbKQrzpsVdVE6ngPfHze-e6HoOQulq2IeC6gk5Rz82g7ngcrqZ-6qGCOa_kSC8CZL3zXKI3vGiHq1p_fcqXDHg_oGdpSw7UBVfrr_1R4g7UcUk6Km3Dy0Awmd6hOjYI4okpGkvWOIcTPU75kVjFOUkVY6qFU3fjuPVoKxy95QujzdVJo2Eqc_noyWxQ8u0CMhtXF7w7il42DkU_e46HIk6v1OpikQQV6eWjkMv0FftX6my67Ovz2ScUXJ5IbDkPGs6B1_CHk6pCUeGrI_JC_46_cVA4zvhJGP0OYyuwhwzVczs_gdhbfBy9xGW-zjuC-LwRQVDmY8hXjzp-oxYVCVLVzmSKQb81GVdoJqRz09fjQ8mir4dpFz_xh6roy9X-VE--ty_fk4jOVPFTF3BOlfKgP9A-GgnayIwrRcdS7lnrSUzXQe3lSycQA73RFv4vTg_ArbFxeK90-EbIMaMDwvT12jITKsEcIUPTLqiEKpBQgvlnlNXHDhW0x8EMxDaslWzqTOuDJde3YfqYDgmx9ifLXMGjAH-9LxDPK9_J4ecBt2LfAMODJaa6QKvKNEeoO7t7G8EKPg8_cQEG9jF_Oaf34LWGFNCuPthrQBzRvxOhbf8t7XAF2takGkKkkt2vMcNDxTLywvofBOKD0G5upUaOUoQ6pXA1VPvodN1Osnc8Ltkro4_3mYi3laZxJ6rBZThksqDqGSsO7QahPNBQ4cAtVPmZi-KMqvmxVCemIwMyj58PtJ9Iao7UACPu7YdwlK2axwUe6DbAGxFJR0CLjGrGgyeOhinoZF82f9c_BnpwJJOCNL5H1Yu_JQ-5surFndVasyQXq7QvMyB2wMGbJykAxVbrwb46YOw3LIyTJ_tRLbA3mfSBg_1YZpcufEzcUREkXYt6tNH62rUQ46zgllBAlShnDVNFOF_r9B8rbD87Hx2kdc1TuWPVBn9FMH70BeAjGkGVC1JmSDUo6mdCL35M_fsLwImnwvkCh15hYpBNDZ1x0blISVJ9YR4g_gynAGl7jYQ1MmnFaKCFpxuR2i0CfSbQ3tDsip8o9xId6bbYeQCufau1BNE8EX8stHNbXoU_mVBj7bBYEcBWxZLIYDDDni4bzFyh9Pmz8fYtEgJAMN2Ss-8GTQP0tkukZP7PhAX1L816AIeQYmy2e7pLxU9F-GFdHVu1mIFWJSGrrVofVgcP7QroutuMsUXbbKOGNklKoiAkokpOpW4EugNc6xQEsdmLnnIbbSpeJ9X2ernn95N8ewvK-Wed1iq0xCYgFTJKV2TA9J3kQwXouWvYey9N0UpeAtyLrZwJDlMn-v4HEJbuAjsWLcDgxSfiNPIkQcMwp2-Exepe-4ImyQ7V1AvATMBIHdJpDkSoAsUv-\" class=\"x1i10hfl xjbqb8w x1ejq31n xd10rxx x1sy0etr x17r0tee x972fbf xcfux6l x1qhh985 xm0m39n x9f619 x1ypdohk xt0psk2 xe8uvvx xdj266r x11i5rnm xat24cr x1mh8g0r xexx8yu x4uap5 x18d9i69 xkhd6sd x16tdsg8 x1hl2dhg xggy1nq x1a2a7pz x1sur9pj xkrqix3 x1fey0fg\" href=\"http:\/\/freepik.com\/?fbclid=IwZXh0bgNhZW0CMTAAAR2MirzK9GgqVWzQR8wv41yTOmjtHq4Xw-JTLscyYZ1qwFlulEYmVr3x_Vk_aem_4IcL6crFrf3VvxI5dh28sQ\" rel=\"nofollow noopener noreferrer\" role=\"link\" target=\"_blank\" tabindex=\"0\">freepik.com<\/a><\/span><\/p>\n<p>[\/et_pb_text][\/et_pb_column][\/et_pb_row][\/et_pb_section]<\/p>\n","protected":false},"excerpt":{"rendered":"<p>Une bonne vision est cruciale pour la r\u00e9ussite scolaire \u2013 Faites donc v\u00e9rifier l\u2019acuit\u00e9 visuelle de vos enfants dans nos Centres pour une Bonne Vision !<br \/>\nEnviron 60 % de tous les d\u00e9fauts visuels sont d\u00e9tect\u00e9s trop tard. L\u2019opticien Roman Wagner vous explique ce que vous devriez savoir sur la sant\u00e9 visuelle de vos enfants. <\/p>\n","protected":false},"author":1,"featured_media":8432,"comment_status":"closed","ping_status":"open","sticky":false,"template":"","format":"standard","meta":{"_et_pb_use_builder":"on","_et_pb_old_content":"","_et_gb_content_width":"","iawp_total_views":0,"footnotes":""},"categories":[140,234],"tags":[329,330,328,327],"class_list":["post-8431","post","type-post","status-publish","format-standard","has-post-thumbnail","hentry","category-non-classe","category-sante-des-enfants","tag-detecter-les-troubles-de-la-vision","tag-enfants","tag-lunettes-pour-enfants","tag-troubles-de-la-vision-chez-les-enfants"],"yoast_head":"<!-- This site is optimized with the Yoast SEO plugin v27.4 - https:\/\/yoast.com\/product\/yoast-seo-wordpress\/ -->\n<title>D\u00e9tecter pr\u00e9cocement les troubles de la vision chez les enfants - Roman Wagner<\/title>\n<meta name=\"description\" content=\"Environ 60 % de tous les troubles de la vision sont d\u00e9tect\u00e9s trop tard. Lisez ici ce que vous devriez savoir sur la sant\u00e9 visuelle de vos enfants.\" \/>\n<meta name=\"robots\" content=\"index, follow, max-snippet:-1, max-image-preview:large, max-video-preview:-1\" \/>\n<link rel=\"canonical\" href=\"https:\/\/optik.roman-wagner.de\/fr\/2024\/08\/detecter-precocement-les-troubles-de-la-vision-chez-les-enfants\/\" \/>\n<meta property=\"og:locale\" content=\"fr_FR\" \/>\n<meta property=\"og:type\" content=\"article\" \/>\n<meta property=\"og:title\" content=\"D\u00e9tecter pr\u00e9cocement les troubles de la vision chez les enfants - Roman Wagner\" \/>\n<meta property=\"og:description\" content=\"Environ 60 % de tous les troubles de la vision sont d\u00e9tect\u00e9s trop tard. Lisez ici ce que vous devriez savoir sur la sant\u00e9 visuelle de vos enfants.\" \/>\n<meta property=\"og:url\" content=\"https:\/\/optik.roman-wagner.de\/fr\/2024\/08\/detecter-precocement-les-troubles-de-la-vision-chez-les-enfants\/\" \/>\n<meta property=\"og:site_name\" content=\"Roman Wagner\" \/>\n<meta property=\"article:publisher\" content=\"https:\/\/www.facebook.com\/romanwagner.optiker\" \/>\n<meta property=\"article:published_time\" content=\"2024-08-29T08:03:13+00:00\" \/>\n<meta property=\"article:modified_time\" content=\"2026-04-30T13:46:27+00:00\" \/>\n<meta property=\"og:image\" content=\"https:\/\/optik.roman-wagner.de\/wp-content\/uploads\/2024\/08\/Sehdefizite-bei-Kindern-erkennen-Roman-Wagner.jpg\" \/>\n\t<meta property=\"og:image:width\" content=\"1000\" \/>\n\t<meta property=\"og:image:height\" content=\"1000\" \/>\n\t<meta property=\"og:image:type\" content=\"image\/jpeg\" \/>\n<meta name=\"author\" content=\"RomanWagner\" \/>\n<meta name=\"twitter:card\" content=\"summary_large_image\" \/>\n<meta name=\"twitter:label1\" content=\"\u00c9crit par\" \/>\n\t<meta name=\"twitter:data1\" content=\"RomanWagner\" \/>\n\t<meta name=\"twitter:label2\" content=\"Dur\u00e9e de lecture estim\u00e9e\" \/>\n\t<meta name=\"twitter:data2\" content=\"4 minutes\" \/>\n<script type=\"application\/ld+json\" class=\"yoast-schema-graph\">{\"@context\":\"https:\\\/\\\/schema.org\",\"@graph\":[{\"@type\":\"Article\",\"@id\":\"https:\\\/\\\/optik.roman-wagner.de\\\/fr\\\/2024\\\/08\\\/detecter-precocement-les-troubles-de-la-vision-chez-les-enfants\\\/#article\",\"isPartOf\":{\"@id\":\"https:\\\/\\\/optik.roman-wagner.de\\\/fr\\\/2024\\\/08\\\/detecter-precocement-les-troubles-de-la-vision-chez-les-enfants\\\/\"},\"author\":{\"name\":\"RomanWagner\",\"@id\":\"https:\\\/\\\/optik.roman-wagner.de\\\/fr\\\/#\\\/schema\\\/person\\\/4a52051c9505d1f3da58c234985c6c2f\"},\"headline\":\"D\u00e9tecter pr\u00e9cocement les troubles de la vision chez les enfants\",\"datePublished\":\"2024-08-29T08:03:13+00:00\",\"dateModified\":\"2026-04-30T13:46:27+00:00\",\"mainEntityOfPage\":{\"@id\":\"https:\\\/\\\/optik.roman-wagner.de\\\/fr\\\/2024\\\/08\\\/detecter-precocement-les-troubles-de-la-vision-chez-les-enfants\\\/\"},\"wordCount\":828,\"publisher\":{\"@id\":\"https:\\\/\\\/optik.roman-wagner.de\\\/fr\\\/#organization\"},\"image\":{\"@id\":\"https:\\\/\\\/optik.roman-wagner.de\\\/fr\\\/2024\\\/08\\\/detecter-precocement-les-troubles-de-la-vision-chez-les-enfants\\\/#primaryimage\"},\"thumbnailUrl\":\"https:\\\/\\\/optik.roman-wagner.de\\\/wp-content\\\/uploads\\\/2024\\\/08\\\/Sehdefizite-bei-Kindern-erkennen-Roman-Wagner.jpg\",\"keywords\":[\"D\u00e9tecter les troubles de la vision\",\"Enfants\",\"Lunettes pour enfants\",\"Troubles de la vision chez les enfants\"],\"articleSection\":{\"1\":\"Sant\u00e9 des enfants\"},\"inLanguage\":\"fr-FR\"},{\"@type\":\"WebPage\",\"@id\":\"https:\\\/\\\/optik.roman-wagner.de\\\/fr\\\/2024\\\/08\\\/detecter-precocement-les-troubles-de-la-vision-chez-les-enfants\\\/\",\"url\":\"https:\\\/\\\/optik.roman-wagner.de\\\/fr\\\/2024\\\/08\\\/detecter-precocement-les-troubles-de-la-vision-chez-les-enfants\\\/\",\"name\":\"D\u00e9tecter pr\u00e9cocement les troubles de la vision chez les enfants - Roman Wagner\",\"isPartOf\":{\"@id\":\"https:\\\/\\\/optik.roman-wagner.de\\\/fr\\\/#website\"},\"primaryImageOfPage\":{\"@id\":\"https:\\\/\\\/optik.roman-wagner.de\\\/fr\\\/2024\\\/08\\\/detecter-precocement-les-troubles-de-la-vision-chez-les-enfants\\\/#primaryimage\"},\"image\":{\"@id\":\"https:\\\/\\\/optik.roman-wagner.de\\\/fr\\\/2024\\\/08\\\/detecter-precocement-les-troubles-de-la-vision-chez-les-enfants\\\/#primaryimage\"},\"thumbnailUrl\":\"https:\\\/\\\/optik.roman-wagner.de\\\/wp-content\\\/uploads\\\/2024\\\/08\\\/Sehdefizite-bei-Kindern-erkennen-Roman-Wagner.jpg\",\"datePublished\":\"2024-08-29T08:03:13+00:00\",\"dateModified\":\"2026-04-30T13:46:27+00:00\",\"description\":\"Environ 60 % de tous les troubles de la vision sont d\u00e9tect\u00e9s trop tard. Lisez ici ce que vous devriez savoir sur la sant\u00e9 visuelle de vos enfants.\",\"breadcrumb\":{\"@id\":\"https:\\\/\\\/optik.roman-wagner.de\\\/fr\\\/2024\\\/08\\\/detecter-precocement-les-troubles-de-la-vision-chez-les-enfants\\\/#breadcrumb\"},\"inLanguage\":\"fr-FR\",\"potentialAction\":[{\"@type\":\"ReadAction\",\"target\":[\"https:\\\/\\\/optik.roman-wagner.de\\\/fr\\\/2024\\\/08\\\/detecter-precocement-les-troubles-de-la-vision-chez-les-enfants\\\/\"]}]},{\"@type\":\"ImageObject\",\"inLanguage\":\"fr-FR\",\"@id\":\"https:\\\/\\\/optik.roman-wagner.de\\\/fr\\\/2024\\\/08\\\/detecter-precocement-les-troubles-de-la-vision-chez-les-enfants\\\/#primaryimage\",\"url\":\"https:\\\/\\\/optik.roman-wagner.de\\\/wp-content\\\/uploads\\\/2024\\\/08\\\/Sehdefizite-bei-Kindern-erkennen-Roman-Wagner.jpg\",\"contentUrl\":\"https:\\\/\\\/optik.roman-wagner.de\\\/wp-content\\\/uploads\\\/2024\\\/08\\\/Sehdefizite-bei-Kindern-erkennen-Roman-Wagner.jpg\",\"width\":1000,\"height\":1000},{\"@type\":\"BreadcrumbList\",\"@id\":\"https:\\\/\\\/optik.roman-wagner.de\\\/fr\\\/2024\\\/08\\\/detecter-precocement-les-troubles-de-la-vision-chez-les-enfants\\\/#breadcrumb\",\"itemListElement\":[{\"@type\":\"ListItem\",\"position\":1,\"name\":\"Startseite\",\"item\":\"https:\\\/\\\/optik.roman-wagner.de\\\/fr\\\/centres-pour-une-bonne-vision\\\/\"},{\"@type\":\"ListItem\",\"position\":2,\"name\":\"D\u00e9tecter pr\u00e9cocement les troubles de la vision chez les enfants\"}]},{\"@type\":\"WebSite\",\"@id\":\"https:\\\/\\\/optik.roman-wagner.de\\\/fr\\\/#website\",\"url\":\"https:\\\/\\\/optik.roman-wagner.de\\\/fr\\\/\",\"name\":\"Der Augenoptiker Roman Wagner\",\"description\":\"Zentren f\u00fcr gutes Sehen\",\"publisher\":{\"@id\":\"https:\\\/\\\/optik.roman-wagner.de\\\/fr\\\/#organization\"},\"potentialAction\":[{\"@type\":\"SearchAction\",\"target\":{\"@type\":\"EntryPoint\",\"urlTemplate\":\"https:\\\/\\\/optik.roman-wagner.de\\\/fr\\\/?s={search_term_string}\"},\"query-input\":{\"@type\":\"PropertyValueSpecification\",\"valueRequired\":true,\"valueName\":\"search_term_string\"}}],\"inLanguage\":\"fr-FR\"},{\"@type\":\"Organization\",\"@id\":\"https:\\\/\\\/optik.roman-wagner.de\\\/fr\\\/#organization\",\"name\":\"Der Augenoptiker Roman Wagner\",\"url\":\"https:\\\/\\\/optik.roman-wagner.de\\\/fr\\\/\",\"logo\":{\"@type\":\"ImageObject\",\"inLanguage\":\"fr-FR\",\"@id\":\"https:\\\/\\\/optik.roman-wagner.de\\\/fr\\\/#\\\/schema\\\/logo\\\/image\\\/\",\"url\":\"https:\\\/\\\/optik.roman-wagner.de\\\/wp-content\\\/uploads\\\/2019\\\/11\\\/Logo-RW-quadrat.jpg\",\"contentUrl\":\"https:\\\/\\\/optik.roman-wagner.de\\\/wp-content\\\/uploads\\\/2019\\\/11\\\/Logo-RW-quadrat.jpg\",\"width\":488,\"height\":479,\"caption\":\"Der Augenoptiker Roman Wagner\"},\"image\":{\"@id\":\"https:\\\/\\\/optik.roman-wagner.de\\\/fr\\\/#\\\/schema\\\/logo\\\/image\\\/\"},\"sameAs\":[\"https:\\\/\\\/www.facebook.com\\\/romanwagner.optiker\",\"https:\\\/\\\/www.instagram.com\\\/romanwagner.optiker\\\/\",\"https:\\\/\\\/www.youtube.com\\\/channel\\\/UCIHnCII9jl34mZG08gXgG6A\"]},{\"@type\":\"Person\",\"@id\":\"https:\\\/\\\/optik.roman-wagner.de\\\/fr\\\/#\\\/schema\\\/person\\\/4a52051c9505d1f3da58c234985c6c2f\",\"name\":\"RomanWagner\",\"image\":{\"@type\":\"ImageObject\",\"inLanguage\":\"fr-FR\",\"@id\":\"https:\\\/\\\/secure.gravatar.com\\\/avatar\\\/e6c57eb4a35b8245e2d2f86a3e023a8642987475df645a50407f34b4addef3fb?s=96&d=mm&r=g\",\"url\":\"https:\\\/\\\/secure.gravatar.com\\\/avatar\\\/e6c57eb4a35b8245e2d2f86a3e023a8642987475df645a50407f34b4addef3fb?s=96&d=mm&r=g\",\"contentUrl\":\"https:\\\/\\\/secure.gravatar.com\\\/avatar\\\/e6c57eb4a35b8245e2d2f86a3e023a8642987475df645a50407f34b4addef3fb?s=96&d=mm&r=g\",\"caption\":\"RomanWagner\"},\"url\":\"https:\\\/\\\/optik.roman-wagner.de\\\/fr\\\/author\\\/romanwagner\\\/\"}]}<\/script>\n<!-- \/ Yoast SEO plugin. -->","yoast_head_json":{"title":"D\u00e9tecter pr\u00e9cocement les troubles de la vision chez les enfants - Roman Wagner","description":"Environ 60 % de tous les troubles de la vision sont d\u00e9tect\u00e9s trop tard. Lisez ici ce que vous devriez savoir sur la sant\u00e9 visuelle de vos enfants.","robots":{"index":"index","follow":"follow","max-snippet":"max-snippet:-1","max-image-preview":"max-image-preview:large","max-video-preview":"max-video-preview:-1"},"canonical":"https:\/\/optik.roman-wagner.de\/fr\/2024\/08\/detecter-precocement-les-troubles-de-la-vision-chez-les-enfants\/","og_locale":"fr_FR","og_type":"article","og_title":"D\u00e9tecter pr\u00e9cocement les troubles de la vision chez les enfants - Roman Wagner","og_description":"Environ 60 % de tous les troubles de la vision sont d\u00e9tect\u00e9s trop tard. Lisez ici ce que vous devriez savoir sur la sant\u00e9 visuelle de vos enfants.","og_url":"https:\/\/optik.roman-wagner.de\/fr\/2024\/08\/detecter-precocement-les-troubles-de-la-vision-chez-les-enfants\/","og_site_name":"Roman Wagner","article_publisher":"https:\/\/www.facebook.com\/romanwagner.optiker","article_published_time":"2024-08-29T08:03:13+00:00","article_modified_time":"2026-04-30T13:46:27+00:00","og_image":[{"width":1000,"height":1000,"url":"https:\/\/optik.roman-wagner.de\/wp-content\/uploads\/2024\/08\/Sehdefizite-bei-Kindern-erkennen-Roman-Wagner.jpg","type":"image\/jpeg"}],"author":"RomanWagner","twitter_card":"summary_large_image","twitter_misc":{"\u00c9crit par":"RomanWagner","Dur\u00e9e de lecture estim\u00e9e":"4 minutes"},"schema":{"@context":"https:\/\/schema.org","@graph":[{"@type":"Article","@id":"https:\/\/optik.roman-wagner.de\/fr\/2024\/08\/detecter-precocement-les-troubles-de-la-vision-chez-les-enfants\/#article","isPartOf":{"@id":"https:\/\/optik.roman-wagner.de\/fr\/2024\/08\/detecter-precocement-les-troubles-de-la-vision-chez-les-enfants\/"},"author":{"name":"RomanWagner","@id":"https:\/\/optik.roman-wagner.de\/fr\/#\/schema\/person\/4a52051c9505d1f3da58c234985c6c2f"},"headline":"D\u00e9tecter pr\u00e9cocement les troubles de la vision chez les enfants","datePublished":"2024-08-29T08:03:13+00:00","dateModified":"2026-04-30T13:46:27+00:00","mainEntityOfPage":{"@id":"https:\/\/optik.roman-wagner.de\/fr\/2024\/08\/detecter-precocement-les-troubles-de-la-vision-chez-les-enfants\/"},"wordCount":828,"publisher":{"@id":"https:\/\/optik.roman-wagner.de\/fr\/#organization"},"image":{"@id":"https:\/\/optik.roman-wagner.de\/fr\/2024\/08\/detecter-precocement-les-troubles-de-la-vision-chez-les-enfants\/#primaryimage"},"thumbnailUrl":"https:\/\/optik.roman-wagner.de\/wp-content\/uploads\/2024\/08\/Sehdefizite-bei-Kindern-erkennen-Roman-Wagner.jpg","keywords":["D\u00e9tecter les troubles de la vision","Enfants","Lunettes pour enfants","Troubles de la vision chez les enfants"],"articleSection":{"1":"Sant\u00e9 des enfants"},"inLanguage":"fr-FR"},{"@type":"WebPage","@id":"https:\/\/optik.roman-wagner.de\/fr\/2024\/08\/detecter-precocement-les-troubles-de-la-vision-chez-les-enfants\/","url":"https:\/\/optik.roman-wagner.de\/fr\/2024\/08\/detecter-precocement-les-troubles-de-la-vision-chez-les-enfants\/","name":"D\u00e9tecter pr\u00e9cocement les troubles de la vision chez les enfants - Roman Wagner","isPartOf":{"@id":"https:\/\/optik.roman-wagner.de\/fr\/#website"},"primaryImageOfPage":{"@id":"https:\/\/optik.roman-wagner.de\/fr\/2024\/08\/detecter-precocement-les-troubles-de-la-vision-chez-les-enfants\/#primaryimage"},"image":{"@id":"https:\/\/optik.roman-wagner.de\/fr\/2024\/08\/detecter-precocement-les-troubles-de-la-vision-chez-les-enfants\/#primaryimage"},"thumbnailUrl":"https:\/\/optik.roman-wagner.de\/wp-content\/uploads\/2024\/08\/Sehdefizite-bei-Kindern-erkennen-Roman-Wagner.jpg","datePublished":"2024-08-29T08:03:13+00:00","dateModified":"2026-04-30T13:46:27+00:00","description":"Environ 60 % de tous les troubles de la vision sont d\u00e9tect\u00e9s trop tard. Lisez ici ce que vous devriez savoir sur la sant\u00e9 visuelle de vos enfants.","breadcrumb":{"@id":"https:\/\/optik.roman-wagner.de\/fr\/2024\/08\/detecter-precocement-les-troubles-de-la-vision-chez-les-enfants\/#breadcrumb"},"inLanguage":"fr-FR","potentialAction":[{"@type":"ReadAction","target":["https:\/\/optik.roman-wagner.de\/fr\/2024\/08\/detecter-precocement-les-troubles-de-la-vision-chez-les-enfants\/"]}]},{"@type":"ImageObject","inLanguage":"fr-FR","@id":"https:\/\/optik.roman-wagner.de\/fr\/2024\/08\/detecter-precocement-les-troubles-de-la-vision-chez-les-enfants\/#primaryimage","url":"https:\/\/optik.roman-wagner.de\/wp-content\/uploads\/2024\/08\/Sehdefizite-bei-Kindern-erkennen-Roman-Wagner.jpg","contentUrl":"https:\/\/optik.roman-wagner.de\/wp-content\/uploads\/2024\/08\/Sehdefizite-bei-Kindern-erkennen-Roman-Wagner.jpg","width":1000,"height":1000},{"@type":"BreadcrumbList","@id":"https:\/\/optik.roman-wagner.de\/fr\/2024\/08\/detecter-precocement-les-troubles-de-la-vision-chez-les-enfants\/#breadcrumb","itemListElement":[{"@type":"ListItem","position":1,"name":"Startseite","item":"https:\/\/optik.roman-wagner.de\/fr\/centres-pour-une-bonne-vision\/"},{"@type":"ListItem","position":2,"name":"D\u00e9tecter pr\u00e9cocement les troubles de la vision chez les enfants"}]},{"@type":"WebSite","@id":"https:\/\/optik.roman-wagner.de\/fr\/#website","url":"https:\/\/optik.roman-wagner.de\/fr\/","name":"Der Augenoptiker Roman Wagner","description":"Zentren f\u00fcr gutes Sehen","publisher":{"@id":"https:\/\/optik.roman-wagner.de\/fr\/#organization"},"potentialAction":[{"@type":"SearchAction","target":{"@type":"EntryPoint","urlTemplate":"https:\/\/optik.roman-wagner.de\/fr\/?s={search_term_string}"},"query-input":{"@type":"PropertyValueSpecification","valueRequired":true,"valueName":"search_term_string"}}],"inLanguage":"fr-FR"},{"@type":"Organization","@id":"https:\/\/optik.roman-wagner.de\/fr\/#organization","name":"Der Augenoptiker Roman Wagner","url":"https:\/\/optik.roman-wagner.de\/fr\/","logo":{"@type":"ImageObject","inLanguage":"fr-FR","@id":"https:\/\/optik.roman-wagner.de\/fr\/#\/schema\/logo\/image\/","url":"https:\/\/optik.roman-wagner.de\/wp-content\/uploads\/2019\/11\/Logo-RW-quadrat.jpg","contentUrl":"https:\/\/optik.roman-wagner.de\/wp-content\/uploads\/2019\/11\/Logo-RW-quadrat.jpg","width":488,"height":479,"caption":"Der Augenoptiker Roman Wagner"},"image":{"@id":"https:\/\/optik.roman-wagner.de\/fr\/#\/schema\/logo\/image\/"},"sameAs":["https:\/\/www.facebook.com\/romanwagner.optiker","https:\/\/www.instagram.com\/romanwagner.optiker\/","https:\/\/www.youtube.com\/channel\/UCIHnCII9jl34mZG08gXgG6A"]},{"@type":"Person","@id":"https:\/\/optik.roman-wagner.de\/fr\/#\/schema\/person\/4a52051c9505d1f3da58c234985c6c2f","name":"RomanWagner","image":{"@type":"ImageObject","inLanguage":"fr-FR","@id":"https:\/\/secure.gravatar.com\/avatar\/e6c57eb4a35b8245e2d2f86a3e023a8642987475df645a50407f34b4addef3fb?s=96&d=mm&r=g","url":"https:\/\/secure.gravatar.com\/avatar\/e6c57eb4a35b8245e2d2f86a3e023a8642987475df645a50407f34b4addef3fb?s=96&d=mm&r=g","contentUrl":"https:\/\/secure.gravatar.com\/avatar\/e6c57eb4a35b8245e2d2f86a3e023a8642987475df645a50407f34b4addef3fb?s=96&d=mm&r=g","caption":"RomanWagner"},"url":"https:\/\/optik.roman-wagner.de\/fr\/author\/romanwagner\/"}]}},"_links":{"self":[{"href":"https:\/\/optik.roman-wagner.de\/fr\/wp-json\/wp\/v2\/posts\/8431","targetHints":{"allow":["GET"]}}],"collection":[{"href":"https:\/\/optik.roman-wagner.de\/fr\/wp-json\/wp\/v2\/posts"}],"about":[{"href":"https:\/\/optik.roman-wagner.de\/fr\/wp-json\/wp\/v2\/types\/post"}],"author":[{"embeddable":true,"href":"https:\/\/optik.roman-wagner.de\/fr\/wp-json\/wp\/v2\/users\/1"}],"replies":[{"embeddable":true,"href":"https:\/\/optik.roman-wagner.de\/fr\/wp-json\/wp\/v2\/comments?post=8431"}],"version-history":[{"count":2,"href":"https:\/\/optik.roman-wagner.de\/fr\/wp-json\/wp\/v2\/posts\/8431\/revisions"}],"predecessor-version":[{"id":8437,"href":"https:\/\/optik.roman-wagner.de\/fr\/wp-json\/wp\/v2\/posts\/8431\/revisions\/8437"}],"wp:featuredmedia":[{"embeddable":true,"href":"https:\/\/optik.roman-wagner.de\/fr\/wp-json\/wp\/v2\/media\/8432"}],"wp:attachment":[{"href":"https:\/\/optik.roman-wagner.de\/fr\/wp-json\/wp\/v2\/media?parent=8431"}],"wp:term":[{"taxonomy":"category","embeddable":true,"href":"https:\/\/optik.roman-wagner.de\/fr\/wp-json\/wp\/v2\/categories?post=8431"},{"taxonomy":"post_tag","embeddable":true,"href":"https:\/\/optik.roman-wagner.de\/fr\/wp-json\/wp\/v2\/tags?post=8431"}],"curies":[{"name":"wp","href":"https:\/\/api.w.org\/{rel}","templated":true}]}}