{"id":8427,"date":"2024-05-11T10:53:16","date_gmt":"2024-05-11T08:53:16","guid":{"rendered":"https:\/\/optik.roman-wagner.de\/2024\/05\/conseils-professionnels-en-lunettes-de-sport-et-appareils-auditifs-par-des-sportifs-pour-des-sportifs\/"},"modified":"2026-04-30T15:46:27","modified_gmt":"2026-04-30T13:46:27","slug":"conseils-professionnels-en-lunettes-de-sport-et-appareils-auditifs-par-des-sportifs-pour-des-sportifs","status":"publish","type":"post","link":"https:\/\/optik.roman-wagner.de\/fr\/2024\/05\/conseils-professionnels-en-lunettes-de-sport-et-appareils-auditifs-par-des-sportifs-pour-des-sportifs\/","title":{"rendered":"Conseils professionnels en lunettes de sport et appareils auditifs, par des sportifs pour des sportifs"},"content":{"rendered":"<p>[et_pb_section fb_built=\u00a0\u00bb1&Prime; _builder_version=\u00a0\u00bb4.25.1&Prime; custom_margin=\u00a0\u00bb70px||||false|false\u00a0\u00bb custom_margin_tablet=\u00a0\u00bb70px||||false|false\u00a0\u00bb custom_margin_phone=\u00a0\u00bb15px||||false|false\u00a0\u00bb custom_margin_last_edited=\u00a0\u00bbon|phone\u00a0\u00bb custom_padding=\u00a0\u00bb0px||8px||false|false\u00a0\u00bb hover_enabled=\u00a0\u00bb0&Prime; da_disable_devices=\u00a0\u00bboff|off|off\u00a0\u00bb global_colors_info=\u00a0\u00bb{}\u00a0\u00bb sticky_enabled=\u00a0\u00bb0&Prime; da_is_popup=\u00a0\u00bboff\u00a0\u00bb da_exit_intent=\u00a0\u00bboff\u00a0\u00bb da_has_close=\u00a0\u00bbon\u00a0\u00bb da_alt_close=\u00a0\u00bboff\u00a0\u00bb da_dark_close=\u00a0\u00bboff\u00a0\u00bb da_not_modal=\u00a0\u00bbon\u00a0\u00bb da_is_singular=\u00a0\u00bboff\u00a0\u00bb da_with_loader=\u00a0\u00bboff\u00a0\u00bb da_has_shadow=\u00a0\u00bbon\u00a0\u00bb][et_pb_row column_structure=\u00a0\u00bb1_2,1_2&Prime; _builder_version=\u00a0\u00bb4.16&Prime; background_size=\u00a0\u00bbinitial\u00a0\u00bb background_position=\u00a0\u00bbtop_left\u00a0\u00bb background_repeat=\u00a0\u00bbrepeat\u00a0\u00bb custom_padding=\u00a0\u00bb47px||28px|||\u00a0\u00bb global_colors_info=\u00a0\u00bb{}\u00a0\u00bb][et_pb_column type=\u00a0\u00bb1_2&Prime; _builder_version=\u00a0\u00bb4.16&Prime; custom_padding=\u00a0\u00bb|||\u00a0\u00bb global_colors_info=\u00a0\u00bb{}\u00a0\u00bb custom_padding__hover=\u00a0\u00bb|||\u00a0\u00bb][et_pb_cta title=\u00a0\u00bbPar des sportifs pour des sportifs, et avec passion !\u00a0\u00bb button_url=\u00a0\u00bbhttps:\/\/www.brillen-ohne-grenzen.de\u00a0\u00bb url_new_window=\u00a0\u00bbon\u00a0\u00bb _builder_version=\u00a0\u00bb4.25.1&Prime; header_level=\u00a0\u00bbh1&Prime; header_font=\u00a0\u00bb|600|||||||\u00a0\u00bb use_background_color=\u00a0\u00bboff\u00a0\u00bb custom_button=\u00a0\u00bbon\u00a0\u00bb button_icon=\u00a0\u00bb&#x26;||divi||400&Prime; button_on_hover=\u00a0\u00bboff\u00a0\u00bb text_orientation=\u00a0\u00bbleft\u00a0\u00bb background_layout=\u00a0\u00bblight\u00a0\u00bb custom_margin=\u00a0\u00bb4px||5px||false|false\u00a0\u00bb global_colors_info=\u00a0\u00bb{}\u00a0\u00bb]<\/p>\n<p><strong>En 2024, nous avons particip\u00e9 avec passion \u00e0 la course F\u00e4hrturmlauf de Schweich et \u00e0 la course interentreprises de Tr\u00e8ves.<\/strong><\/p>\n<p>Apr\u00e8s notre participation r\u00e9ussie en tant que sponsor en mars au F\u00e4hrturmlauf \u00e0 Schweich, nous avons pris le d\u00e9part en mai, renforc\u00e9s, \u00e0 la course interentreprises de Tr\u00e8ves.<\/p>\n<p><strong>Les CENTRES POUR BIEN VOIR ET ENTENDRE sont synonymes de conseils professionnels en lunettes de sport et appareils auditifs<\/strong> <strong>par des sportifs pour des sportifs.<\/strong><\/p>\n<p>[\/et_pb_cta][et_pb_button button_url=\u00a0\u00bbhttps:\/\/optik.roman-wagner.de\/fr\/lunettes-de-sport\/\u00a0\u00bb button_text=\u00a0\u00bbEn savoir plus sur nos lunettes de sport\u00a0\u00bb _builder_version=\u00a0\u00bb4.25.0&Prime; _module_preset=\u00a0\u00bbdefault\u00a0\u00bb global_colors_info=\u00a0\u00bb{}\u00a0\u00bb][\/et_pb_button][et_pb_button button_url=\u00a0\u00bbhttps:\/\/akustik.roman-wagner.de\/2022\/07\/phonak-audio-fit-mit-herzfrequenz-sensor\/\u00a0\u00bb button_text=\u00a0\u00bbEn savoir plus sur les appareils auditifs avec capteur de fr\u00e9quence cardiaque\u00a0\u00bb _builder_version=\u00a0\u00bb4.25.0&Prime; _module_preset=\u00a0\u00bbdefault\u00a0\u00bb global_colors_info=\u00a0\u00bb{}\u00a0\u00bb][\/et_pb_button][et_pb_image src=\u00a0\u00bbhttps:\/\/optik.roman-wagner.de\/wp-content\/uploads\/2024\/05\/Firmenlauf-2024_1080.jpg\u00a0\u00bb title_text=\u00a0\u00bbFirmenlauf 2024_1080&Prime; _builder_version=\u00a0\u00bb4.25.0&Prime; _module_preset=\u00a0\u00bbdefault\u00a0\u00bb global_colors_info=\u00a0\u00bb{}\u00a0\u00bb][\/et_pb_image][et_pb_text _builder_version=\u00a0\u00bb4.25.0&Prime; _module_preset=\u00a0\u00bbdefault\u00a0\u00bb text_font=\u00a0\u00bb|300|||||||\u00a0\u00bb global_colors_info=\u00a0\u00bb{}\u00a0\u00bb]<\/p>\n<p style=\"text-align: left;\">Sur la photo, de gauche \u00e0 droite : Stefan Wies, Kai Glinke, Roman Wanger, Rouven Willkomm-Krell<\/p>\n<p>[\/et_pb_text][\/et_pb_column][et_pb_column type=\u00a0\u00bb1_2&Prime; _builder_version=\u00a0\u00bb4.25.1&Prime; _module_preset=\u00a0\u00bbdefault\u00a0\u00bb global_colors_info=\u00a0\u00bb{}\u00a0\u00bb][et_pb_gallery gallery_ids=\u00a0\u00bb7260&Prime; fullwidth=\u00a0\u00bbon\u00a0\u00bb _builder_version=\u00a0\u00bb4.25.0&Prime; _module_preset=\u00a0\u00bbdefault\u00a0\u00bb auto=\u00a0\u00bbon\u00a0\u00bb auto_speed=\u00a0\u00bb4000&Prime; box_shadow_style=\u00a0\u00bbpreset2&Prime; global_colors_info=\u00a0\u00bb{}\u00a0\u00bb][\/et_pb_gallery][et_pb_text _builder_version=\u00a0\u00bb4.25.0&Prime; _module_preset=\u00a0\u00bbdefault\u00a0\u00bb text_font=\u00a0\u00bb|300|||||||\u00a0\u00bb global_colors_info=\u00a0\u00bb{}\u00a0\u00bb]<\/p>\n<p style=\"text-align: left;\">Sur la photo, de gauche \u00e0 droite : Stefan Wies, Roman Wanger<\/p>\n<p>[\/et_pb_text][\/et_pb_column][\/et_pb_row][\/et_pb_section]<\/p>\n","protected":false},"excerpt":{"rendered":"<p>Nous avons de nouveau particip\u00e9 \u00e0 la course interentreprises de Tr\u00e8ves le 8 mai.<\/p>\n","protected":false},"author":1,"featured_media":8428,"comment_status":"closed","ping_status":"open","sticky":false,"template":"","format":"standard","meta":{"_et_pb_use_builder":"on","_et_pb_old_content":"","_et_gb_content_width":"","iawp_total_views":0,"footnotes":""},"categories":[140],"tags":[315],"class_list":["post-8427","post","type-post","status-publish","format-standard","has-post-thumbnail","hentry","category-non-classe","tag-lunettes-de-sport"],"yoast_head":"<!-- This site is optimized with the Yoast SEO plugin v27.4 - https:\/\/yoast.com\/product\/yoast-seo-wordpress\/ -->\n<title>Conseils professionnels en lunettes de sport et appareils auditifs, par des sportifs pour des sportifs<\/title>\n<meta name=\"description\" content=\"Nous sommes synonymes de conseils professionnels en lunettes de sport et appareils auditifs, par des sportifs pour des sportifs.\" \/>\n<meta name=\"robots\" content=\"index, follow, max-snippet:-1, max-image-preview:large, max-video-preview:-1\" \/>\n<link rel=\"canonical\" href=\"https:\/\/optik.roman-wagner.de\/fr\/2024\/05\/conseils-professionnels-en-lunettes-de-sport-et-appareils-auditifs-par-des-sportifs-pour-des-sportifs\/\" \/>\n<meta property=\"og:locale\" content=\"fr_FR\" \/>\n<meta property=\"og:type\" content=\"article\" \/>\n<meta property=\"og:title\" content=\"Conseils professionnels en lunettes de sport et appareils auditifs, par des sportifs pour des sportifs\" \/>\n<meta property=\"og:description\" content=\"Nous sommes synonymes de conseils professionnels en lunettes de sport et appareils auditifs, par des sportifs pour des sportifs.\" \/>\n<meta property=\"og:url\" content=\"https:\/\/optik.roman-wagner.de\/fr\/2024\/05\/conseils-professionnels-en-lunettes-de-sport-et-appareils-auditifs-par-des-sportifs-pour-des-sportifs\/\" \/>\n<meta property=\"og:site_name\" content=\"Roman Wagner\" \/>\n<meta property=\"article:publisher\" content=\"https:\/\/www.facebook.com\/romanwagner.optiker\" \/>\n<meta property=\"article:published_time\" content=\"2024-05-11T08:53:16+00:00\" \/>\n<meta property=\"article:modified_time\" content=\"2026-04-30T13:46:27+00:00\" \/>\n<meta property=\"og:image\" content=\"https:\/\/optik.roman-wagner.de\/wp-content\/uploads\/2024\/05\/Firmenlauf-2024_1080.jpg\" \/>\n\t<meta property=\"og:image:width\" content=\"1080\" \/>\n\t<meta property=\"og:image:height\" content=\"1073\" \/>\n\t<meta property=\"og:image:type\" content=\"image\/jpeg\" \/>\n<meta name=\"author\" content=\"RomanWagner\" \/>\n<meta name=\"twitter:card\" content=\"summary_large_image\" \/>\n<meta name=\"twitter:label1\" content=\"\u00c9crit par\" \/>\n\t<meta name=\"twitter:data1\" content=\"RomanWagner\" \/>\n\t<meta name=\"twitter:label2\" content=\"Dur\u00e9e de lecture estim\u00e9e\" \/>\n\t<meta name=\"twitter:data2\" content=\"2 minutes\" \/>\n<script type=\"application\/ld+json\" class=\"yoast-schema-graph\">{\"@context\":\"https:\\\/\\\/schema.org\",\"@graph\":[{\"@type\":\"Article\",\"@id\":\"https:\\\/\\\/optik.roman-wagner.de\\\/fr\\\/2024\\\/05\\\/conseils-professionnels-en-lunettes-de-sport-et-appareils-auditifs-par-des-sportifs-pour-des-sportifs\\\/#article\",\"isPartOf\":{\"@id\":\"https:\\\/\\\/optik.roman-wagner.de\\\/fr\\\/2024\\\/05\\\/conseils-professionnels-en-lunettes-de-sport-et-appareils-auditifs-par-des-sportifs-pour-des-sportifs\\\/\"},\"author\":{\"name\":\"RomanWagner\",\"@id\":\"https:\\\/\\\/optik.roman-wagner.de\\\/fr\\\/#\\\/schema\\\/person\\\/4a52051c9505d1f3da58c234985c6c2f\"},\"headline\":\"Conseils professionnels en lunettes de sport et appareils auditifs, par des sportifs pour des sportifs\",\"datePublished\":\"2024-05-11T08:53:16+00:00\",\"dateModified\":\"2026-04-30T13:46:27+00:00\",\"mainEntityOfPage\":{\"@id\":\"https:\\\/\\\/optik.roman-wagner.de\\\/fr\\\/2024\\\/05\\\/conseils-professionnels-en-lunettes-de-sport-et-appareils-auditifs-par-des-sportifs-pour-des-sportifs\\\/\"},\"wordCount\":477,\"publisher\":{\"@id\":\"https:\\\/\\\/optik.roman-wagner.de\\\/fr\\\/#organization\"},\"image\":{\"@id\":\"https:\\\/\\\/optik.roman-wagner.de\\\/fr\\\/2024\\\/05\\\/conseils-professionnels-en-lunettes-de-sport-et-appareils-auditifs-par-des-sportifs-pour-des-sportifs\\\/#primaryimage\"},\"thumbnailUrl\":\"https:\\\/\\\/optik.roman-wagner.de\\\/wp-content\\\/uploads\\\/2024\\\/05\\\/Firmenlauf-2024_1080.jpg\",\"keywords\":[\"Lunettes de sport\"],\"inLanguage\":\"fr-FR\"},{\"@type\":\"WebPage\",\"@id\":\"https:\\\/\\\/optik.roman-wagner.de\\\/fr\\\/2024\\\/05\\\/conseils-professionnels-en-lunettes-de-sport-et-appareils-auditifs-par-des-sportifs-pour-des-sportifs\\\/\",\"url\":\"https:\\\/\\\/optik.roman-wagner.de\\\/fr\\\/2024\\\/05\\\/conseils-professionnels-en-lunettes-de-sport-et-appareils-auditifs-par-des-sportifs-pour-des-sportifs\\\/\",\"name\":\"Conseils professionnels en lunettes de sport et appareils auditifs, par des sportifs pour des sportifs\",\"isPartOf\":{\"@id\":\"https:\\\/\\\/optik.roman-wagner.de\\\/fr\\\/#website\"},\"primaryImageOfPage\":{\"@id\":\"https:\\\/\\\/optik.roman-wagner.de\\\/fr\\\/2024\\\/05\\\/conseils-professionnels-en-lunettes-de-sport-et-appareils-auditifs-par-des-sportifs-pour-des-sportifs\\\/#primaryimage\"},\"image\":{\"@id\":\"https:\\\/\\\/optik.roman-wagner.de\\\/fr\\\/2024\\\/05\\\/conseils-professionnels-en-lunettes-de-sport-et-appareils-auditifs-par-des-sportifs-pour-des-sportifs\\\/#primaryimage\"},\"thumbnailUrl\":\"https:\\\/\\\/optik.roman-wagner.de\\\/wp-content\\\/uploads\\\/2024\\\/05\\\/Firmenlauf-2024_1080.jpg\",\"datePublished\":\"2024-05-11T08:53:16+00:00\",\"dateModified\":\"2026-04-30T13:46:27+00:00\",\"description\":\"Nous sommes synonymes de conseils professionnels en lunettes de sport et appareils auditifs, par des sportifs pour des sportifs.\",\"breadcrumb\":{\"@id\":\"https:\\\/\\\/optik.roman-wagner.de\\\/fr\\\/2024\\\/05\\\/conseils-professionnels-en-lunettes-de-sport-et-appareils-auditifs-par-des-sportifs-pour-des-sportifs\\\/#breadcrumb\"},\"inLanguage\":\"fr-FR\",\"potentialAction\":[{\"@type\":\"ReadAction\",\"target\":[\"https:\\\/\\\/optik.roman-wagner.de\\\/fr\\\/2024\\\/05\\\/conseils-professionnels-en-lunettes-de-sport-et-appareils-auditifs-par-des-sportifs-pour-des-sportifs\\\/\"]}]},{\"@type\":\"ImageObject\",\"inLanguage\":\"fr-FR\",\"@id\":\"https:\\\/\\\/optik.roman-wagner.de\\\/fr\\\/2024\\\/05\\\/conseils-professionnels-en-lunettes-de-sport-et-appareils-auditifs-par-des-sportifs-pour-des-sportifs\\\/#primaryimage\",\"url\":\"https:\\\/\\\/optik.roman-wagner.de\\\/wp-content\\\/uploads\\\/2024\\\/05\\\/Firmenlauf-2024_1080.jpg\",\"contentUrl\":\"https:\\\/\\\/optik.roman-wagner.de\\\/wp-content\\\/uploads\\\/2024\\\/05\\\/Firmenlauf-2024_1080.jpg\",\"width\":1080,\"height\":1073},{\"@type\":\"BreadcrumbList\",\"@id\":\"https:\\\/\\\/optik.roman-wagner.de\\\/fr\\\/2024\\\/05\\\/conseils-professionnels-en-lunettes-de-sport-et-appareils-auditifs-par-des-sportifs-pour-des-sportifs\\\/#breadcrumb\",\"itemListElement\":[{\"@type\":\"ListItem\",\"position\":1,\"name\":\"Startseite\",\"item\":\"https:\\\/\\\/optik.roman-wagner.de\\\/fr\\\/centres-pour-une-bonne-vision\\\/\"},{\"@type\":\"ListItem\",\"position\":2,\"name\":\"Conseils professionnels en lunettes de sport et appareils auditifs, par des sportifs pour des sportifs\"}]},{\"@type\":\"WebSite\",\"@id\":\"https:\\\/\\\/optik.roman-wagner.de\\\/fr\\\/#website\",\"url\":\"https:\\\/\\\/optik.roman-wagner.de\\\/fr\\\/\",\"name\":\"Der Augenoptiker Roman Wagner\",\"description\":\"Zentren f\u00fcr gutes Sehen\",\"publisher\":{\"@id\":\"https:\\\/\\\/optik.roman-wagner.de\\\/fr\\\/#organization\"},\"potentialAction\":[{\"@type\":\"SearchAction\",\"target\":{\"@type\":\"EntryPoint\",\"urlTemplate\":\"https:\\\/\\\/optik.roman-wagner.de\\\/fr\\\/?s={search_term_string}\"},\"query-input\":{\"@type\":\"PropertyValueSpecification\",\"valueRequired\":true,\"valueName\":\"search_term_string\"}}],\"inLanguage\":\"fr-FR\"},{\"@type\":\"Organization\",\"@id\":\"https:\\\/\\\/optik.roman-wagner.de\\\/fr\\\/#organization\",\"name\":\"Der Augenoptiker Roman Wagner\",\"url\":\"https:\\\/\\\/optik.roman-wagner.de\\\/fr\\\/\",\"logo\":{\"@type\":\"ImageObject\",\"inLanguage\":\"fr-FR\",\"@id\":\"https:\\\/\\\/optik.roman-wagner.de\\\/fr\\\/#\\\/schema\\\/logo\\\/image\\\/\",\"url\":\"https:\\\/\\\/optik.roman-wagner.de\\\/wp-content\\\/uploads\\\/2019\\\/11\\\/Logo-RW-quadrat.jpg\",\"contentUrl\":\"https:\\\/\\\/optik.roman-wagner.de\\\/wp-content\\\/uploads\\\/2019\\\/11\\\/Logo-RW-quadrat.jpg\",\"width\":488,\"height\":479,\"caption\":\"Der Augenoptiker Roman Wagner\"},\"image\":{\"@id\":\"https:\\\/\\\/optik.roman-wagner.de\\\/fr\\\/#\\\/schema\\\/logo\\\/image\\\/\"},\"sameAs\":[\"https:\\\/\\\/www.facebook.com\\\/romanwagner.optiker\",\"https:\\\/\\\/www.instagram.com\\\/romanwagner.optiker\\\/\",\"https:\\\/\\\/www.youtube.com\\\/channel\\\/UCIHnCII9jl34mZG08gXgG6A\"]},{\"@type\":\"Person\",\"@id\":\"https:\\\/\\\/optik.roman-wagner.de\\\/fr\\\/#\\\/schema\\\/person\\\/4a52051c9505d1f3da58c234985c6c2f\",\"name\":\"RomanWagner\",\"image\":{\"@type\":\"ImageObject\",\"inLanguage\":\"fr-FR\",\"@id\":\"https:\\\/\\\/secure.gravatar.com\\\/avatar\\\/e6c57eb4a35b8245e2d2f86a3e023a8642987475df645a50407f34b4addef3fb?s=96&d=mm&r=g\",\"url\":\"https:\\\/\\\/secure.gravatar.com\\\/avatar\\\/e6c57eb4a35b8245e2d2f86a3e023a8642987475df645a50407f34b4addef3fb?s=96&d=mm&r=g\",\"contentUrl\":\"https:\\\/\\\/secure.gravatar.com\\\/avatar\\\/e6c57eb4a35b8245e2d2f86a3e023a8642987475df645a50407f34b4addef3fb?s=96&d=mm&r=g\",\"caption\":\"RomanWagner\"},\"url\":\"https:\\\/\\\/optik.roman-wagner.de\\\/fr\\\/author\\\/romanwagner\\\/\"}]}<\/script>\n<!-- \/ Yoast SEO plugin. -->","yoast_head_json":{"title":"Conseils professionnels en lunettes de sport et appareils auditifs, par des sportifs pour des sportifs","description":"Nous sommes synonymes de conseils professionnels en lunettes de sport et appareils auditifs, par des sportifs pour des sportifs.","robots":{"index":"index","follow":"follow","max-snippet":"max-snippet:-1","max-image-preview":"max-image-preview:large","max-video-preview":"max-video-preview:-1"},"canonical":"https:\/\/optik.roman-wagner.de\/fr\/2024\/05\/conseils-professionnels-en-lunettes-de-sport-et-appareils-auditifs-par-des-sportifs-pour-des-sportifs\/","og_locale":"fr_FR","og_type":"article","og_title":"Conseils professionnels en lunettes de sport et appareils auditifs, par des sportifs pour des sportifs","og_description":"Nous sommes synonymes de conseils professionnels en lunettes de sport et appareils auditifs, par des sportifs pour des sportifs.","og_url":"https:\/\/optik.roman-wagner.de\/fr\/2024\/05\/conseils-professionnels-en-lunettes-de-sport-et-appareils-auditifs-par-des-sportifs-pour-des-sportifs\/","og_site_name":"Roman Wagner","article_publisher":"https:\/\/www.facebook.com\/romanwagner.optiker","article_published_time":"2024-05-11T08:53:16+00:00","article_modified_time":"2026-04-30T13:46:27+00:00","og_image":[{"width":1080,"height":1073,"url":"https:\/\/optik.roman-wagner.de\/wp-content\/uploads\/2024\/05\/Firmenlauf-2024_1080.jpg","type":"image\/jpeg"}],"author":"RomanWagner","twitter_card":"summary_large_image","twitter_misc":{"\u00c9crit par":"RomanWagner","Dur\u00e9e de lecture estim\u00e9e":"2 minutes"},"schema":{"@context":"https:\/\/schema.org","@graph":[{"@type":"Article","@id":"https:\/\/optik.roman-wagner.de\/fr\/2024\/05\/conseils-professionnels-en-lunettes-de-sport-et-appareils-auditifs-par-des-sportifs-pour-des-sportifs\/#article","isPartOf":{"@id":"https:\/\/optik.roman-wagner.de\/fr\/2024\/05\/conseils-professionnels-en-lunettes-de-sport-et-appareils-auditifs-par-des-sportifs-pour-des-sportifs\/"},"author":{"name":"RomanWagner","@id":"https:\/\/optik.roman-wagner.de\/fr\/#\/schema\/person\/4a52051c9505d1f3da58c234985c6c2f"},"headline":"Conseils professionnels en lunettes de sport et appareils auditifs, par des sportifs pour des sportifs","datePublished":"2024-05-11T08:53:16+00:00","dateModified":"2026-04-30T13:46:27+00:00","mainEntityOfPage":{"@id":"https:\/\/optik.roman-wagner.de\/fr\/2024\/05\/conseils-professionnels-en-lunettes-de-sport-et-appareils-auditifs-par-des-sportifs-pour-des-sportifs\/"},"wordCount":477,"publisher":{"@id":"https:\/\/optik.roman-wagner.de\/fr\/#organization"},"image":{"@id":"https:\/\/optik.roman-wagner.de\/fr\/2024\/05\/conseils-professionnels-en-lunettes-de-sport-et-appareils-auditifs-par-des-sportifs-pour-des-sportifs\/#primaryimage"},"thumbnailUrl":"https:\/\/optik.roman-wagner.de\/wp-content\/uploads\/2024\/05\/Firmenlauf-2024_1080.jpg","keywords":["Lunettes de sport"],"inLanguage":"fr-FR"},{"@type":"WebPage","@id":"https:\/\/optik.roman-wagner.de\/fr\/2024\/05\/conseils-professionnels-en-lunettes-de-sport-et-appareils-auditifs-par-des-sportifs-pour-des-sportifs\/","url":"https:\/\/optik.roman-wagner.de\/fr\/2024\/05\/conseils-professionnels-en-lunettes-de-sport-et-appareils-auditifs-par-des-sportifs-pour-des-sportifs\/","name":"Conseils professionnels en lunettes de sport et appareils auditifs, par des sportifs pour des sportifs","isPartOf":{"@id":"https:\/\/optik.roman-wagner.de\/fr\/#website"},"primaryImageOfPage":{"@id":"https:\/\/optik.roman-wagner.de\/fr\/2024\/05\/conseils-professionnels-en-lunettes-de-sport-et-appareils-auditifs-par-des-sportifs-pour-des-sportifs\/#primaryimage"},"image":{"@id":"https:\/\/optik.roman-wagner.de\/fr\/2024\/05\/conseils-professionnels-en-lunettes-de-sport-et-appareils-auditifs-par-des-sportifs-pour-des-sportifs\/#primaryimage"},"thumbnailUrl":"https:\/\/optik.roman-wagner.de\/wp-content\/uploads\/2024\/05\/Firmenlauf-2024_1080.jpg","datePublished":"2024-05-11T08:53:16+00:00","dateModified":"2026-04-30T13:46:27+00:00","description":"Nous sommes synonymes de conseils professionnels en lunettes de sport et appareils auditifs, par des sportifs pour des sportifs.","breadcrumb":{"@id":"https:\/\/optik.roman-wagner.de\/fr\/2024\/05\/conseils-professionnels-en-lunettes-de-sport-et-appareils-auditifs-par-des-sportifs-pour-des-sportifs\/#breadcrumb"},"inLanguage":"fr-FR","potentialAction":[{"@type":"ReadAction","target":["https:\/\/optik.roman-wagner.de\/fr\/2024\/05\/conseils-professionnels-en-lunettes-de-sport-et-appareils-auditifs-par-des-sportifs-pour-des-sportifs\/"]}]},{"@type":"ImageObject","inLanguage":"fr-FR","@id":"https:\/\/optik.roman-wagner.de\/fr\/2024\/05\/conseils-professionnels-en-lunettes-de-sport-et-appareils-auditifs-par-des-sportifs-pour-des-sportifs\/#primaryimage","url":"https:\/\/optik.roman-wagner.de\/wp-content\/uploads\/2024\/05\/Firmenlauf-2024_1080.jpg","contentUrl":"https:\/\/optik.roman-wagner.de\/wp-content\/uploads\/2024\/05\/Firmenlauf-2024_1080.jpg","width":1080,"height":1073},{"@type":"BreadcrumbList","@id":"https:\/\/optik.roman-wagner.de\/fr\/2024\/05\/conseils-professionnels-en-lunettes-de-sport-et-appareils-auditifs-par-des-sportifs-pour-des-sportifs\/#breadcrumb","itemListElement":[{"@type":"ListItem","position":1,"name":"Startseite","item":"https:\/\/optik.roman-wagner.de\/fr\/centres-pour-une-bonne-vision\/"},{"@type":"ListItem","position":2,"name":"Conseils professionnels en lunettes de sport et appareils auditifs, par des sportifs pour des sportifs"}]},{"@type":"WebSite","@id":"https:\/\/optik.roman-wagner.de\/fr\/#website","url":"https:\/\/optik.roman-wagner.de\/fr\/","name":"Der Augenoptiker Roman Wagner","description":"Zentren f\u00fcr gutes Sehen","publisher":{"@id":"https:\/\/optik.roman-wagner.de\/fr\/#organization"},"potentialAction":[{"@type":"SearchAction","target":{"@type":"EntryPoint","urlTemplate":"https:\/\/optik.roman-wagner.de\/fr\/?s={search_term_string}"},"query-input":{"@type":"PropertyValueSpecification","valueRequired":true,"valueName":"search_term_string"}}],"inLanguage":"fr-FR"},{"@type":"Organization","@id":"https:\/\/optik.roman-wagner.de\/fr\/#organization","name":"Der Augenoptiker Roman Wagner","url":"https:\/\/optik.roman-wagner.de\/fr\/","logo":{"@type":"ImageObject","inLanguage":"fr-FR","@id":"https:\/\/optik.roman-wagner.de\/fr\/#\/schema\/logo\/image\/","url":"https:\/\/optik.roman-wagner.de\/wp-content\/uploads\/2019\/11\/Logo-RW-quadrat.jpg","contentUrl":"https:\/\/optik.roman-wagner.de\/wp-content\/uploads\/2019\/11\/Logo-RW-quadrat.jpg","width":488,"height":479,"caption":"Der Augenoptiker Roman Wagner"},"image":{"@id":"https:\/\/optik.roman-wagner.de\/fr\/#\/schema\/logo\/image\/"},"sameAs":["https:\/\/www.facebook.com\/romanwagner.optiker","https:\/\/www.instagram.com\/romanwagner.optiker\/","https:\/\/www.youtube.com\/channel\/UCIHnCII9jl34mZG08gXgG6A"]},{"@type":"Person","@id":"https:\/\/optik.roman-wagner.de\/fr\/#\/schema\/person\/4a52051c9505d1f3da58c234985c6c2f","name":"RomanWagner","image":{"@type":"ImageObject","inLanguage":"fr-FR","@id":"https:\/\/secure.gravatar.com\/avatar\/e6c57eb4a35b8245e2d2f86a3e023a8642987475df645a50407f34b4addef3fb?s=96&d=mm&r=g","url":"https:\/\/secure.gravatar.com\/avatar\/e6c57eb4a35b8245e2d2f86a3e023a8642987475df645a50407f34b4addef3fb?s=96&d=mm&r=g","contentUrl":"https:\/\/secure.gravatar.com\/avatar\/e6c57eb4a35b8245e2d2f86a3e023a8642987475df645a50407f34b4addef3fb?s=96&d=mm&r=g","caption":"RomanWagner"},"url":"https:\/\/optik.roman-wagner.de\/fr\/author\/romanwagner\/"}]}},"_links":{"self":[{"href":"https:\/\/optik.roman-wagner.de\/fr\/wp-json\/wp\/v2\/posts\/8427","targetHints":{"allow":["GET"]}}],"collection":[{"href":"https:\/\/optik.roman-wagner.de\/fr\/wp-json\/wp\/v2\/posts"}],"about":[{"href":"https:\/\/optik.roman-wagner.de\/fr\/wp-json\/wp\/v2\/types\/post"}],"author":[{"embeddable":true,"href":"https:\/\/optik.roman-wagner.de\/fr\/wp-json\/wp\/v2\/users\/1"}],"replies":[{"embeddable":true,"href":"https:\/\/optik.roman-wagner.de\/fr\/wp-json\/wp\/v2\/comments?post=8427"}],"version-history":[{"count":5,"href":"https:\/\/optik.roman-wagner.de\/fr\/wp-json\/wp\/v2\/posts\/8427\/revisions"}],"predecessor-version":[{"id":8436,"href":"https:\/\/optik.roman-wagner.de\/fr\/wp-json\/wp\/v2\/posts\/8427\/revisions\/8436"}],"wp:featuredmedia":[{"embeddable":true,"href":"https:\/\/optik.roman-wagner.de\/fr\/wp-json\/wp\/v2\/media\/8428"}],"wp:attachment":[{"href":"https:\/\/optik.roman-wagner.de\/fr\/wp-json\/wp\/v2\/media?parent=8427"}],"wp:term":[{"taxonomy":"category","embeddable":true,"href":"https:\/\/optik.roman-wagner.de\/fr\/wp-json\/wp\/v2\/categories?post=8427"},{"taxonomy":"post_tag","embeddable":true,"href":"https:\/\/optik.roman-wagner.de\/fr\/wp-json\/wp\/v2\/tags?post=8427"}],"curies":[{"name":"wp","href":"https:\/\/api.w.org\/{rel}","templated":true}]}}