{"id":7850,"date":"2020-03-17T09:17:00","date_gmt":"2020-03-17T08:17:00","guid":{"rendered":"https:\/\/optik.roman-wagner.de\/2020\/03\/conseils-dhygiene-pour-le-port-de-lunettes-et-de-lentilles-de-contact\/"},"modified":"2026-04-30T15:37:09","modified_gmt":"2026-04-30T13:37:09","slug":"conseils-dhygiene-pour-le-port-de-lunettes-et-de-lentilles-de-contact","status":"publish","type":"post","link":"https:\/\/optik.roman-wagner.de\/fr\/2020\/03\/conseils-dhygiene-pour-le-port-de-lunettes-et-de-lentilles-de-contact\/","title":{"rendered":"Conseils d&rsquo;hygi\u00e8ne pour le port de lunettes et de lentilles de contact"},"content":{"rendered":"<p>[et_pb_section fb_built=\u00a0\u00bb1&Prime; _builder_version=\u00a0\u00bb4.25.1&Prime; custom_margin=\u00a0\u00bb130px||||false|false\u00a0\u00bb custom_padding=\u00a0\u00bb0px||8px||false|false\u00a0\u00bb hover_enabled=\u00a0\u00bb0&Prime; global_colors_info=\u00a0\u00bb{}\u00a0\u00bb custom_margin_last_edited=\u00a0\u00bbon|phone\u00a0\u00bb sticky_enabled=\u00a0\u00bb0&Prime; custom_margin_phone=\u00a0\u00bb70px||||false|false\u00a0\u00bb da_is_popup=\u00a0\u00bboff\u00a0\u00bb da_exit_intent=\u00a0\u00bboff\u00a0\u00bb da_has_close=\u00a0\u00bbon\u00a0\u00bb da_alt_close=\u00a0\u00bboff\u00a0\u00bb da_dark_close=\u00a0\u00bboff\u00a0\u00bb da_not_modal=\u00a0\u00bbon\u00a0\u00bb da_is_singular=\u00a0\u00bboff\u00a0\u00bb da_with_loader=\u00a0\u00bboff\u00a0\u00bb da_has_shadow=\u00a0\u00bbon\u00a0\u00bb da_disable_devices=\u00a0\u00bboff|off|off\u00a0\u00bb custom_margin_tablet=\u00a0\u00bb130px||||false|false\u00a0\u00bb][et_pb_row column_structure=\u00a0\u00bb1_2,1_2&Prime; _builder_version=\u00a0\u00bb4.16&Prime; background_size=\u00a0\u00bbinitial\u00a0\u00bb background_position=\u00a0\u00bbtop_left\u00a0\u00bb background_repeat=\u00a0\u00bbrepeat\u00a0\u00bb custom_padding=\u00a0\u00bb21px||47px|||\u00a0\u00bb global_colors_info=\u00a0\u00bb{}\u00a0\u00bb][et_pb_column type=\u00a0\u00bb1_2&Prime; _builder_version=\u00a0\u00bb4.16&Prime; custom_padding=\u00a0\u00bb|||\u00a0\u00bb global_colors_info=\u00a0\u00bb{}\u00a0\u00bb custom_padding__hover=\u00a0\u00bb|||\u00a0\u00bb][et_pb_image src=\u00a0\u00bbhttps:\/\/optik.roman-wagner.de\/wp-content\/uploads\/2020\/02\/Kontaktlinsenbeh\u00e4lter.jpg\u00a0\u00bb align=\u00a0\u00bbcenter\u00a0\u00bb _builder_version=\u00a0\u00bb4.16&Prime; custom_margin=\u00a0\u00bb18px|||||\u00a0\u00bb global_colors_info=\u00a0\u00bb{}\u00a0\u00bb][\/et_pb_image][\/et_pb_column][et_pb_column type=\u00a0\u00bb1_2&Prime; _builder_version=\u00a0\u00bb4.16&Prime; custom_padding=\u00a0\u00bb|||\u00a0\u00bb global_colors_info=\u00a0\u00bb{}\u00a0\u00bb custom_padding__hover=\u00a0\u00bb|||\u00a0\u00bb][et_pb_cta title=\u00a0\u00bbConseils d&apos;hygi\u00e8ne pour le port de lunettes et de lentilles de contact\u00a0\u00bb button_url=\u00a0\u00bbhttps:\/\/optik.roman-wagner.de\/wp-content\/uploads\/2020\/03\/Kontaktlinsentragen-COVID-19.pdf\u00a0\u00bb url_new_window=\u00a0\u00bbon\u00a0\u00bb button_text=\u00a0\u00bbLire maintenant les recommandations des experts\u00a0\u00bb _builder_version=\u00a0\u00bb4.25.1&Prime; use_background_color=\u00a0\u00bboff\u00a0\u00bb text_orientation=\u00a0\u00bbleft\u00a0\u00bb background_layout=\u00a0\u00bblight\u00a0\u00bb custom_margin=\u00a0\u00bb4px|||||\u00a0\u00bb hover_enabled=\u00a0\u00bb0&Prime; global_colors_info=\u00a0\u00bb{}\u00a0\u00bb header_level=\u00a0\u00bbh1&Prime; header_font=\u00a0\u00bb|600|||||||\u00a0\u00bb sticky_enabled=\u00a0\u00bb0&Prime;]<\/p>\n<p>D&rsquo;\u00e9minents chercheurs en sant\u00e9 oculaire r\u00e9agissent aux informations erron\u00e9es qui circulent concernant le port de lentilles de contact et de lunettes dans le contexte de la nouvelle pand\u00e9mie de COVID-19.<\/p>\n<p>Les experts recommandent de suivre les 6 pratiques suivantes :<\/p>\n<p><span data-offset-key=\"ekltu-0-0\"><\/span><\/p>\n<p>[\/et_pb_cta][\/et_pb_column][\/et_pb_row][\/et_pb_section]<\/p>\n","protected":false},"excerpt":{"rendered":"<p>D&rsquo;\u00e9minents chercheurs en sant\u00e9 oculaire r\u00e9agissent aux informations erron\u00e9es qui circulent concernant le port de lentilles de contact et de lunettes dans le contexte de la nouvelle pand\u00e9mie de COVID-19. Ils recommandent de suivre les 6 pratiques suivantes&#8230; <\/p>\n","protected":false},"author":1,"featured_media":7851,"comment_status":"closed","ping_status":"open","sticky":false,"template":"","format":"standard","meta":{"_et_pb_use_builder":"on","_et_pb_old_content":"","_et_gb_content_width":"","iawp_total_views":0,"footnotes":""},"categories":[140],"tags":[],"class_list":["post-7850","post","type-post","status-publish","format-standard","has-post-thumbnail","hentry","category-non-classe"],"yoast_head":"<!-- This site is optimized with the Yoast SEO plugin v27.4 - https:\/\/yoast.com\/product\/yoast-seo-wordpress\/ -->\n<title>Conseils d&#039;hygi\u00e8ne pour le port de lunettes et de lentilles de contact - Roman Wagner<\/title>\n<meta name=\"description\" content=\"D&#039;\u00e9minents chercheurs en sant\u00e9 oculaire r\u00e9agissent aux informations erron\u00e9es qui circulent concernant le port de lentilles de contact et de lunettes dans le contexte de la nouvelle pand\u00e9mie de COVID-19. Ils conseillent...\" \/>\n<meta name=\"robots\" content=\"index, follow, max-snippet:-1, max-image-preview:large, max-video-preview:-1\" \/>\n<link rel=\"canonical\" href=\"https:\/\/optik.roman-wagner.de\/fr\/2020\/03\/conseils-dhygiene-pour-le-port-de-lunettes-et-de-lentilles-de-contact\/\" \/>\n<meta property=\"og:locale\" content=\"fr_FR\" \/>\n<meta property=\"og:type\" content=\"article\" \/>\n<meta property=\"og:title\" content=\"Conseils d&#039;hygi\u00e8ne pour le port de lunettes et de lentilles de contact - Roman Wagner\" \/>\n<meta property=\"og:description\" content=\"D&#039;\u00e9minents chercheurs en sant\u00e9 oculaire r\u00e9agissent aux informations erron\u00e9es qui circulent concernant le port de lentilles de contact et de lunettes dans le contexte de la nouvelle pand\u00e9mie de COVID-19. Ils conseillent...\" \/>\n<meta property=\"og:url\" content=\"https:\/\/optik.roman-wagner.de\/fr\/2020\/03\/conseils-dhygiene-pour-le-port-de-lunettes-et-de-lentilles-de-contact\/\" \/>\n<meta property=\"og:site_name\" content=\"Roman Wagner\" \/>\n<meta property=\"article:publisher\" content=\"https:\/\/www.facebook.com\/romanwagner.optiker\" \/>\n<meta property=\"article:published_time\" content=\"2020-03-17T08:17:00+00:00\" \/>\n<meta property=\"article:modified_time\" content=\"2026-04-30T13:37:09+00:00\" \/>\n<meta property=\"og:image\" content=\"https:\/\/optik.roman-wagner.de\/wp-content\/uploads\/2020\/02\/Kontaktlinsenbeh\u00e4lter.jpg\" \/>\n\t<meta property=\"og:image:width\" content=\"450\" \/>\n\t<meta property=\"og:image:height\" content=\"300\" \/>\n\t<meta property=\"og:image:type\" content=\"image\/jpeg\" \/>\n<meta name=\"author\" content=\"RomanWagner\" \/>\n<meta name=\"twitter:card\" content=\"summary_large_image\" \/>\n<meta name=\"twitter:label1\" content=\"\u00c9crit par\" \/>\n\t<meta name=\"twitter:data1\" content=\"RomanWagner\" \/>\n\t<meta name=\"twitter:label2\" content=\"Dur\u00e9e de lecture estim\u00e9e\" \/>\n\t<meta name=\"twitter:data2\" content=\"1 minute\" \/>\n<script type=\"application\/ld+json\" class=\"yoast-schema-graph\">{\"@context\":\"https:\\\/\\\/schema.org\",\"@graph\":[{\"@type\":\"Article\",\"@id\":\"https:\\\/\\\/optik.roman-wagner.de\\\/fr\\\/2020\\\/03\\\/conseils-dhygiene-pour-le-port-de-lunettes-et-de-lentilles-de-contact\\\/#article\",\"isPartOf\":{\"@id\":\"https:\\\/\\\/optik.roman-wagner.de\\\/fr\\\/2020\\\/03\\\/conseils-dhygiene-pour-le-port-de-lunettes-et-de-lentilles-de-contact\\\/\"},\"author\":{\"name\":\"RomanWagner\",\"@id\":\"https:\\\/\\\/optik.roman-wagner.de\\\/fr\\\/#\\\/schema\\\/person\\\/4a52051c9505d1f3da58c234985c6c2f\"},\"headline\":\"Conseils d&rsquo;hygi\u00e8ne pour le port de lunettes et de lentilles de contact\",\"datePublished\":\"2020-03-17T08:17:00+00:00\",\"dateModified\":\"2026-04-30T13:37:09+00:00\",\"mainEntityOfPage\":{\"@id\":\"https:\\\/\\\/optik.roman-wagner.de\\\/fr\\\/2020\\\/03\\\/conseils-dhygiene-pour-le-port-de-lunettes-et-de-lentilles-de-contact\\\/\"},\"wordCount\":302,\"publisher\":{\"@id\":\"https:\\\/\\\/optik.roman-wagner.de\\\/fr\\\/#organization\"},\"image\":{\"@id\":\"https:\\\/\\\/optik.roman-wagner.de\\\/fr\\\/2020\\\/03\\\/conseils-dhygiene-pour-le-port-de-lunettes-et-de-lentilles-de-contact\\\/#primaryimage\"},\"thumbnailUrl\":\"https:\\\/\\\/optik.roman-wagner.de\\\/wp-content\\\/uploads\\\/2020\\\/02\\\/Kontaktlinsenbeh\u00e4lter.jpg\",\"inLanguage\":\"fr-FR\"},{\"@type\":\"WebPage\",\"@id\":\"https:\\\/\\\/optik.roman-wagner.de\\\/fr\\\/2020\\\/03\\\/conseils-dhygiene-pour-le-port-de-lunettes-et-de-lentilles-de-contact\\\/\",\"url\":\"https:\\\/\\\/optik.roman-wagner.de\\\/fr\\\/2020\\\/03\\\/conseils-dhygiene-pour-le-port-de-lunettes-et-de-lentilles-de-contact\\\/\",\"name\":\"Conseils d'hygi\u00e8ne pour le port de lunettes et de lentilles de contact - Roman Wagner\",\"isPartOf\":{\"@id\":\"https:\\\/\\\/optik.roman-wagner.de\\\/fr\\\/#website\"},\"primaryImageOfPage\":{\"@id\":\"https:\\\/\\\/optik.roman-wagner.de\\\/fr\\\/2020\\\/03\\\/conseils-dhygiene-pour-le-port-de-lunettes-et-de-lentilles-de-contact\\\/#primaryimage\"},\"image\":{\"@id\":\"https:\\\/\\\/optik.roman-wagner.de\\\/fr\\\/2020\\\/03\\\/conseils-dhygiene-pour-le-port-de-lunettes-et-de-lentilles-de-contact\\\/#primaryimage\"},\"thumbnailUrl\":\"https:\\\/\\\/optik.roman-wagner.de\\\/wp-content\\\/uploads\\\/2020\\\/02\\\/Kontaktlinsenbeh\u00e4lter.jpg\",\"datePublished\":\"2020-03-17T08:17:00+00:00\",\"dateModified\":\"2026-04-30T13:37:09+00:00\",\"description\":\"D'\u00e9minents chercheurs en sant\u00e9 oculaire r\u00e9agissent aux informations erron\u00e9es qui circulent concernant le port de lentilles de contact et de lunettes dans le contexte de la nouvelle pand\u00e9mie de COVID-19. Ils conseillent...\",\"breadcrumb\":{\"@id\":\"https:\\\/\\\/optik.roman-wagner.de\\\/fr\\\/2020\\\/03\\\/conseils-dhygiene-pour-le-port-de-lunettes-et-de-lentilles-de-contact\\\/#breadcrumb\"},\"inLanguage\":\"fr-FR\",\"potentialAction\":[{\"@type\":\"ReadAction\",\"target\":[\"https:\\\/\\\/optik.roman-wagner.de\\\/fr\\\/2020\\\/03\\\/conseils-dhygiene-pour-le-port-de-lunettes-et-de-lentilles-de-contact\\\/\"]}]},{\"@type\":\"ImageObject\",\"inLanguage\":\"fr-FR\",\"@id\":\"https:\\\/\\\/optik.roman-wagner.de\\\/fr\\\/2020\\\/03\\\/conseils-dhygiene-pour-le-port-de-lunettes-et-de-lentilles-de-contact\\\/#primaryimage\",\"url\":\"https:\\\/\\\/optik.roman-wagner.de\\\/wp-content\\\/uploads\\\/2020\\\/02\\\/Kontaktlinsenbeh\u00e4lter.jpg\",\"contentUrl\":\"https:\\\/\\\/optik.roman-wagner.de\\\/wp-content\\\/uploads\\\/2020\\\/02\\\/Kontaktlinsenbeh\u00e4lter.jpg\",\"width\":450,\"height\":300},{\"@type\":\"BreadcrumbList\",\"@id\":\"https:\\\/\\\/optik.roman-wagner.de\\\/fr\\\/2020\\\/03\\\/conseils-dhygiene-pour-le-port-de-lunettes-et-de-lentilles-de-contact\\\/#breadcrumb\",\"itemListElement\":[{\"@type\":\"ListItem\",\"position\":1,\"name\":\"Startseite\",\"item\":\"https:\\\/\\\/optik.roman-wagner.de\\\/fr\\\/centres-pour-une-bonne-vision\\\/\"},{\"@type\":\"ListItem\",\"position\":2,\"name\":\"Conseils d&#8217;hygi\u00e8ne pour le port de lunettes et de lentilles de contact\"}]},{\"@type\":\"WebSite\",\"@id\":\"https:\\\/\\\/optik.roman-wagner.de\\\/fr\\\/#website\",\"url\":\"https:\\\/\\\/optik.roman-wagner.de\\\/fr\\\/\",\"name\":\"Der Augenoptiker Roman Wagner\",\"description\":\"Zentren f\u00fcr gutes Sehen\",\"publisher\":{\"@id\":\"https:\\\/\\\/optik.roman-wagner.de\\\/fr\\\/#organization\"},\"potentialAction\":[{\"@type\":\"SearchAction\",\"target\":{\"@type\":\"EntryPoint\",\"urlTemplate\":\"https:\\\/\\\/optik.roman-wagner.de\\\/fr\\\/?s={search_term_string}\"},\"query-input\":{\"@type\":\"PropertyValueSpecification\",\"valueRequired\":true,\"valueName\":\"search_term_string\"}}],\"inLanguage\":\"fr-FR\"},{\"@type\":\"Organization\",\"@id\":\"https:\\\/\\\/optik.roman-wagner.de\\\/fr\\\/#organization\",\"name\":\"Der Augenoptiker Roman Wagner\",\"url\":\"https:\\\/\\\/optik.roman-wagner.de\\\/fr\\\/\",\"logo\":{\"@type\":\"ImageObject\",\"inLanguage\":\"fr-FR\",\"@id\":\"https:\\\/\\\/optik.roman-wagner.de\\\/fr\\\/#\\\/schema\\\/logo\\\/image\\\/\",\"url\":\"https:\\\/\\\/optik.roman-wagner.de\\\/wp-content\\\/uploads\\\/2019\\\/11\\\/Logo-RW-quadrat.jpg\",\"contentUrl\":\"https:\\\/\\\/optik.roman-wagner.de\\\/wp-content\\\/uploads\\\/2019\\\/11\\\/Logo-RW-quadrat.jpg\",\"width\":488,\"height\":479,\"caption\":\"Der Augenoptiker Roman Wagner\"},\"image\":{\"@id\":\"https:\\\/\\\/optik.roman-wagner.de\\\/fr\\\/#\\\/schema\\\/logo\\\/image\\\/\"},\"sameAs\":[\"https:\\\/\\\/www.facebook.com\\\/romanwagner.optiker\",\"https:\\\/\\\/www.instagram.com\\\/romanwagner.optiker\\\/\",\"https:\\\/\\\/www.youtube.com\\\/channel\\\/UCIHnCII9jl34mZG08gXgG6A\"]},{\"@type\":\"Person\",\"@id\":\"https:\\\/\\\/optik.roman-wagner.de\\\/fr\\\/#\\\/schema\\\/person\\\/4a52051c9505d1f3da58c234985c6c2f\",\"name\":\"RomanWagner\",\"image\":{\"@type\":\"ImageObject\",\"inLanguage\":\"fr-FR\",\"@id\":\"https:\\\/\\\/secure.gravatar.com\\\/avatar\\\/e6c57eb4a35b8245e2d2f86a3e023a8642987475df645a50407f34b4addef3fb?s=96&d=mm&r=g\",\"url\":\"https:\\\/\\\/secure.gravatar.com\\\/avatar\\\/e6c57eb4a35b8245e2d2f86a3e023a8642987475df645a50407f34b4addef3fb?s=96&d=mm&r=g\",\"contentUrl\":\"https:\\\/\\\/secure.gravatar.com\\\/avatar\\\/e6c57eb4a35b8245e2d2f86a3e023a8642987475df645a50407f34b4addef3fb?s=96&d=mm&r=g\",\"caption\":\"RomanWagner\"},\"url\":\"https:\\\/\\\/optik.roman-wagner.de\\\/fr\\\/author\\\/romanwagner\\\/\"}]}<\/script>\n<!-- \/ Yoast SEO plugin. -->","yoast_head_json":{"title":"Conseils d'hygi\u00e8ne pour le port de lunettes et de lentilles de contact - Roman Wagner","description":"D'\u00e9minents chercheurs en sant\u00e9 oculaire r\u00e9agissent aux informations erron\u00e9es qui circulent concernant le port de lentilles de contact et de lunettes dans le contexte de la nouvelle pand\u00e9mie de COVID-19. Ils conseillent...","robots":{"index":"index","follow":"follow","max-snippet":"max-snippet:-1","max-image-preview":"max-image-preview:large","max-video-preview":"max-video-preview:-1"},"canonical":"https:\/\/optik.roman-wagner.de\/fr\/2020\/03\/conseils-dhygiene-pour-le-port-de-lunettes-et-de-lentilles-de-contact\/","og_locale":"fr_FR","og_type":"article","og_title":"Conseils d'hygi\u00e8ne pour le port de lunettes et de lentilles de contact - Roman Wagner","og_description":"D'\u00e9minents chercheurs en sant\u00e9 oculaire r\u00e9agissent aux informations erron\u00e9es qui circulent concernant le port de lentilles de contact et de lunettes dans le contexte de la nouvelle pand\u00e9mie de COVID-19. Ils conseillent...","og_url":"https:\/\/optik.roman-wagner.de\/fr\/2020\/03\/conseils-dhygiene-pour-le-port-de-lunettes-et-de-lentilles-de-contact\/","og_site_name":"Roman Wagner","article_publisher":"https:\/\/www.facebook.com\/romanwagner.optiker","article_published_time":"2020-03-17T08:17:00+00:00","article_modified_time":"2026-04-30T13:37:09+00:00","og_image":[{"width":450,"height":300,"url":"https:\/\/optik.roman-wagner.de\/wp-content\/uploads\/2020\/02\/Kontaktlinsenbeh\u00e4lter.jpg","type":"image\/jpeg"}],"author":"RomanWagner","twitter_card":"summary_large_image","twitter_misc":{"\u00c9crit par":"RomanWagner","Dur\u00e9e de lecture estim\u00e9e":"1 minute"},"schema":{"@context":"https:\/\/schema.org","@graph":[{"@type":"Article","@id":"https:\/\/optik.roman-wagner.de\/fr\/2020\/03\/conseils-dhygiene-pour-le-port-de-lunettes-et-de-lentilles-de-contact\/#article","isPartOf":{"@id":"https:\/\/optik.roman-wagner.de\/fr\/2020\/03\/conseils-dhygiene-pour-le-port-de-lunettes-et-de-lentilles-de-contact\/"},"author":{"name":"RomanWagner","@id":"https:\/\/optik.roman-wagner.de\/fr\/#\/schema\/person\/4a52051c9505d1f3da58c234985c6c2f"},"headline":"Conseils d&rsquo;hygi\u00e8ne pour le port de lunettes et de lentilles de contact","datePublished":"2020-03-17T08:17:00+00:00","dateModified":"2026-04-30T13:37:09+00:00","mainEntityOfPage":{"@id":"https:\/\/optik.roman-wagner.de\/fr\/2020\/03\/conseils-dhygiene-pour-le-port-de-lunettes-et-de-lentilles-de-contact\/"},"wordCount":302,"publisher":{"@id":"https:\/\/optik.roman-wagner.de\/fr\/#organization"},"image":{"@id":"https:\/\/optik.roman-wagner.de\/fr\/2020\/03\/conseils-dhygiene-pour-le-port-de-lunettes-et-de-lentilles-de-contact\/#primaryimage"},"thumbnailUrl":"https:\/\/optik.roman-wagner.de\/wp-content\/uploads\/2020\/02\/Kontaktlinsenbeh\u00e4lter.jpg","inLanguage":"fr-FR"},{"@type":"WebPage","@id":"https:\/\/optik.roman-wagner.de\/fr\/2020\/03\/conseils-dhygiene-pour-le-port-de-lunettes-et-de-lentilles-de-contact\/","url":"https:\/\/optik.roman-wagner.de\/fr\/2020\/03\/conseils-dhygiene-pour-le-port-de-lunettes-et-de-lentilles-de-contact\/","name":"Conseils d'hygi\u00e8ne pour le port de lunettes et de lentilles de contact - Roman Wagner","isPartOf":{"@id":"https:\/\/optik.roman-wagner.de\/fr\/#website"},"primaryImageOfPage":{"@id":"https:\/\/optik.roman-wagner.de\/fr\/2020\/03\/conseils-dhygiene-pour-le-port-de-lunettes-et-de-lentilles-de-contact\/#primaryimage"},"image":{"@id":"https:\/\/optik.roman-wagner.de\/fr\/2020\/03\/conseils-dhygiene-pour-le-port-de-lunettes-et-de-lentilles-de-contact\/#primaryimage"},"thumbnailUrl":"https:\/\/optik.roman-wagner.de\/wp-content\/uploads\/2020\/02\/Kontaktlinsenbeh\u00e4lter.jpg","datePublished":"2020-03-17T08:17:00+00:00","dateModified":"2026-04-30T13:37:09+00:00","description":"D'\u00e9minents chercheurs en sant\u00e9 oculaire r\u00e9agissent aux informations erron\u00e9es qui circulent concernant le port de lentilles de contact et de lunettes dans le contexte de la nouvelle pand\u00e9mie de COVID-19. Ils conseillent...","breadcrumb":{"@id":"https:\/\/optik.roman-wagner.de\/fr\/2020\/03\/conseils-dhygiene-pour-le-port-de-lunettes-et-de-lentilles-de-contact\/#breadcrumb"},"inLanguage":"fr-FR","potentialAction":[{"@type":"ReadAction","target":["https:\/\/optik.roman-wagner.de\/fr\/2020\/03\/conseils-dhygiene-pour-le-port-de-lunettes-et-de-lentilles-de-contact\/"]}]},{"@type":"ImageObject","inLanguage":"fr-FR","@id":"https:\/\/optik.roman-wagner.de\/fr\/2020\/03\/conseils-dhygiene-pour-le-port-de-lunettes-et-de-lentilles-de-contact\/#primaryimage","url":"https:\/\/optik.roman-wagner.de\/wp-content\/uploads\/2020\/02\/Kontaktlinsenbeh\u00e4lter.jpg","contentUrl":"https:\/\/optik.roman-wagner.de\/wp-content\/uploads\/2020\/02\/Kontaktlinsenbeh\u00e4lter.jpg","width":450,"height":300},{"@type":"BreadcrumbList","@id":"https:\/\/optik.roman-wagner.de\/fr\/2020\/03\/conseils-dhygiene-pour-le-port-de-lunettes-et-de-lentilles-de-contact\/#breadcrumb","itemListElement":[{"@type":"ListItem","position":1,"name":"Startseite","item":"https:\/\/optik.roman-wagner.de\/fr\/centres-pour-une-bonne-vision\/"},{"@type":"ListItem","position":2,"name":"Conseils d&#8217;hygi\u00e8ne pour le port de lunettes et de lentilles de contact"}]},{"@type":"WebSite","@id":"https:\/\/optik.roman-wagner.de\/fr\/#website","url":"https:\/\/optik.roman-wagner.de\/fr\/","name":"Der Augenoptiker Roman Wagner","description":"Zentren f\u00fcr gutes Sehen","publisher":{"@id":"https:\/\/optik.roman-wagner.de\/fr\/#organization"},"potentialAction":[{"@type":"SearchAction","target":{"@type":"EntryPoint","urlTemplate":"https:\/\/optik.roman-wagner.de\/fr\/?s={search_term_string}"},"query-input":{"@type":"PropertyValueSpecification","valueRequired":true,"valueName":"search_term_string"}}],"inLanguage":"fr-FR"},{"@type":"Organization","@id":"https:\/\/optik.roman-wagner.de\/fr\/#organization","name":"Der Augenoptiker Roman Wagner","url":"https:\/\/optik.roman-wagner.de\/fr\/","logo":{"@type":"ImageObject","inLanguage":"fr-FR","@id":"https:\/\/optik.roman-wagner.de\/fr\/#\/schema\/logo\/image\/","url":"https:\/\/optik.roman-wagner.de\/wp-content\/uploads\/2019\/11\/Logo-RW-quadrat.jpg","contentUrl":"https:\/\/optik.roman-wagner.de\/wp-content\/uploads\/2019\/11\/Logo-RW-quadrat.jpg","width":488,"height":479,"caption":"Der Augenoptiker Roman Wagner"},"image":{"@id":"https:\/\/optik.roman-wagner.de\/fr\/#\/schema\/logo\/image\/"},"sameAs":["https:\/\/www.facebook.com\/romanwagner.optiker","https:\/\/www.instagram.com\/romanwagner.optiker\/","https:\/\/www.youtube.com\/channel\/UCIHnCII9jl34mZG08gXgG6A"]},{"@type":"Person","@id":"https:\/\/optik.roman-wagner.de\/fr\/#\/schema\/person\/4a52051c9505d1f3da58c234985c6c2f","name":"RomanWagner","image":{"@type":"ImageObject","inLanguage":"fr-FR","@id":"https:\/\/secure.gravatar.com\/avatar\/e6c57eb4a35b8245e2d2f86a3e023a8642987475df645a50407f34b4addef3fb?s=96&d=mm&r=g","url":"https:\/\/secure.gravatar.com\/avatar\/e6c57eb4a35b8245e2d2f86a3e023a8642987475df645a50407f34b4addef3fb?s=96&d=mm&r=g","contentUrl":"https:\/\/secure.gravatar.com\/avatar\/e6c57eb4a35b8245e2d2f86a3e023a8642987475df645a50407f34b4addef3fb?s=96&d=mm&r=g","caption":"RomanWagner"},"url":"https:\/\/optik.roman-wagner.de\/fr\/author\/romanwagner\/"}]}},"_links":{"self":[{"href":"https:\/\/optik.roman-wagner.de\/fr\/wp-json\/wp\/v2\/posts\/7850","targetHints":{"allow":["GET"]}}],"collection":[{"href":"https:\/\/optik.roman-wagner.de\/fr\/wp-json\/wp\/v2\/posts"}],"about":[{"href":"https:\/\/optik.roman-wagner.de\/fr\/wp-json\/wp\/v2\/types\/post"}],"author":[{"embeddable":true,"href":"https:\/\/optik.roman-wagner.de\/fr\/wp-json\/wp\/v2\/users\/1"}],"replies":[{"embeddable":true,"href":"https:\/\/optik.roman-wagner.de\/fr\/wp-json\/wp\/v2\/comments?post=7850"}],"version-history":[{"count":1,"href":"https:\/\/optik.roman-wagner.de\/fr\/wp-json\/wp\/v2\/posts\/7850\/revisions"}],"predecessor-version":[{"id":7854,"href":"https:\/\/optik.roman-wagner.de\/fr\/wp-json\/wp\/v2\/posts\/7850\/revisions\/7854"}],"wp:featuredmedia":[{"embeddable":true,"href":"https:\/\/optik.roman-wagner.de\/fr\/wp-json\/wp\/v2\/media\/7851"}],"wp:attachment":[{"href":"https:\/\/optik.roman-wagner.de\/fr\/wp-json\/wp\/v2\/media?parent=7850"}],"wp:term":[{"taxonomy":"category","embeddable":true,"href":"https:\/\/optik.roman-wagner.de\/fr\/wp-json\/wp\/v2\/categories?post=7850"},{"taxonomy":"post_tag","embeddable":true,"href":"https:\/\/optik.roman-wagner.de\/fr\/wp-json\/wp\/v2\/tags?post=7850"}],"curies":[{"name":"wp","href":"https:\/\/api.w.org\/{rel}","templated":true}]}}