{"id":7783,"date":"2025-07-01T09:39:12","date_gmt":"2025-07-01T07:39:12","guid":{"rendered":"https:\/\/optik.roman-wagner.de\/2025\/07\/fortes-chaleurs-un-stress-pour-les-yeux\/"},"modified":"2025-07-01T09:39:12","modified_gmt":"2025-07-01T07:39:12","slug":"fortes-chaleurs-un-stress-pour-les-yeux","status":"publish","type":"post","link":"https:\/\/optik.roman-wagner.de\/fr\/2025\/07\/fortes-chaleurs-un-stress-pour-les-yeux\/","title":{"rendered":"Fortes chaleurs : un stress pour les yeux"},"content":{"rendered":"","protected":false},"excerpt":{"rendered":"<p>Des p\u00e9riodes prolong\u00e9es d\u2019exposition \u00e0 la chaleur diminuent la production de larmes et augmentent simultan\u00e9ment l\u2019\u00e9vaporation du liquide lacrymal.<br \/>\nD\u00e9couvrez ici comment prot\u00e9ger efficacement vos yeux en \u00e9t\u00e9.<\/p>\n","protected":false},"author":1,"featured_media":7784,"comment_status":"closed","ping_status":"open","sticky":false,"template":"","format":"standard","meta":{"_et_pb_use_builder":"on","_et_pb_old_content":"","_et_gb_content_width":"","iawp_total_views":0,"footnotes":""},"categories":[140],"tags":[291,292,293,294,296,286,295,288,289,287,297,290],"class_list":["post-7783","post","type-post","status-publish","format-standard","has-post-thumbnail","hentry","category-non-classe","tag-chaleur-estivale","tag-climatisation","tag-eviter-les-irritations","tag-film-lacrymal","tag-fortes-chaleurs","tag-lunettes-de-soleil-2","tag-mesures-de-protection","tag-protection-uv","tag-sante-oculaire","tag-soins-oculaires","tag-yeux","tag-yeux-secs"],"yoast_head":"<!-- This site is optimized with the Yoast SEO plugin v27.4 - https:\/\/yoast.com\/product\/yoast-seo-wordpress\/ -->\n<title>Fortes chaleurs : un stress pour les yeux - Roman Wagner<\/title>\n<meta name=\"description\" content=\"La chaleur, les rayons UV et la climatisation sollicitent vos yeux en \u00e9t\u00e9. Voici comment les prot\u00e9ger efficacement contre les irritations.\" \/>\n<meta name=\"robots\" content=\"index, follow, max-snippet:-1, max-image-preview:large, max-video-preview:-1\" \/>\n<link rel=\"canonical\" href=\"https:\/\/optik.roman-wagner.de\/fr\/2025\/07\/fortes-chaleurs-un-stress-pour-les-yeux\/\" \/>\n<meta property=\"og:locale\" content=\"fr_FR\" \/>\n<meta property=\"og:type\" content=\"article\" \/>\n<meta property=\"og:title\" content=\"Fortes chaleurs : un stress pour les yeux - Roman Wagner\" \/>\n<meta property=\"og:description\" content=\"La chaleur, les rayons UV et la climatisation sollicitent vos yeux en \u00e9t\u00e9. Voici comment les prot\u00e9ger efficacement contre les irritations.\" \/>\n<meta property=\"og:url\" content=\"https:\/\/optik.roman-wagner.de\/fr\/2025\/07\/fortes-chaleurs-un-stress-pour-les-yeux\/\" \/>\n<meta property=\"og:site_name\" content=\"Roman Wagner\" \/>\n<meta property=\"article:publisher\" content=\"https:\/\/www.facebook.com\/romanwagner.optiker\" \/>\n<meta property=\"article:published_time\" content=\"2025-07-01T07:39:12+00:00\" \/>\n<meta property=\"og:image\" content=\"https:\/\/optik.roman-wagner.de\/wp-content\/uploads\/2025\/07\/Heisse-Tage-Bild-mit-Termometer-und-Weinberg-im-Hintergrund.jpg\" \/>\n\t<meta property=\"og:image:width\" content=\"1000\" \/>\n\t<meta property=\"og:image:height\" content=\"757\" \/>\n\t<meta property=\"og:image:type\" content=\"image\/jpeg\" \/>\n<meta name=\"author\" content=\"RomanWagner\" \/>\n<meta name=\"twitter:card\" content=\"summary_large_image\" \/>\n<meta name=\"twitter:label1\" content=\"\u00c9crit par\" \/>\n\t<meta name=\"twitter:data1\" content=\"RomanWagner\" \/>\n<script type=\"application\/ld+json\" class=\"yoast-schema-graph\">{\"@context\":\"https:\\\/\\\/schema.org\",\"@graph\":[{\"@type\":\"Article\",\"@id\":\"https:\\\/\\\/optik.roman-wagner.de\\\/fr\\\/2025\\\/07\\\/fortes-chaleurs-un-stress-pour-les-yeux\\\/#article\",\"isPartOf\":{\"@id\":\"https:\\\/\\\/optik.roman-wagner.de\\\/fr\\\/2025\\\/07\\\/fortes-chaleurs-un-stress-pour-les-yeux\\\/\"},\"author\":{\"name\":\"RomanWagner\",\"@id\":\"https:\\\/\\\/optik.roman-wagner.de\\\/fr\\\/#\\\/schema\\\/person\\\/4a52051c9505d1f3da58c234985c6c2f\"},\"headline\":\"Fortes chaleurs : un stress pour les yeux\",\"datePublished\":\"2025-07-01T07:39:12+00:00\",\"mainEntityOfPage\":{\"@id\":\"https:\\\/\\\/optik.roman-wagner.de\\\/fr\\\/2025\\\/07\\\/fortes-chaleurs-un-stress-pour-les-yeux\\\/\"},\"wordCount\":7,\"publisher\":{\"@id\":\"https:\\\/\\\/optik.roman-wagner.de\\\/fr\\\/#organization\"},\"image\":{\"@id\":\"https:\\\/\\\/optik.roman-wagner.de\\\/fr\\\/2025\\\/07\\\/fortes-chaleurs-un-stress-pour-les-yeux\\\/#primaryimage\"},\"thumbnailUrl\":\"https:\\\/\\\/optik.roman-wagner.de\\\/wp-content\\\/uploads\\\/2025\\\/07\\\/Heisse-Tage-Bild-mit-Termometer-und-Weinberg-im-Hintergrund.jpg\",\"keywords\":[\"Chaleur estivale\",\"Climatisation\",\"\u00c9viter les irritations\",\"Film lacrymal\",\"Fortes chaleurs\",\"Lunettes de soleil\",\"Mesures de protection\",\"Protection UV\",\"Sant\u00e9 oculaire\",\"Soins oculaires\",\"Yeux\",\"yeux secs\"],\"inLanguage\":\"fr-FR\"},{\"@type\":\"WebPage\",\"@id\":\"https:\\\/\\\/optik.roman-wagner.de\\\/fr\\\/2025\\\/07\\\/fortes-chaleurs-un-stress-pour-les-yeux\\\/\",\"url\":\"https:\\\/\\\/optik.roman-wagner.de\\\/fr\\\/2025\\\/07\\\/fortes-chaleurs-un-stress-pour-les-yeux\\\/\",\"name\":\"Fortes chaleurs : un stress pour les yeux - Roman Wagner\",\"isPartOf\":{\"@id\":\"https:\\\/\\\/optik.roman-wagner.de\\\/fr\\\/#website\"},\"primaryImageOfPage\":{\"@id\":\"https:\\\/\\\/optik.roman-wagner.de\\\/fr\\\/2025\\\/07\\\/fortes-chaleurs-un-stress-pour-les-yeux\\\/#primaryimage\"},\"image\":{\"@id\":\"https:\\\/\\\/optik.roman-wagner.de\\\/fr\\\/2025\\\/07\\\/fortes-chaleurs-un-stress-pour-les-yeux\\\/#primaryimage\"},\"thumbnailUrl\":\"https:\\\/\\\/optik.roman-wagner.de\\\/wp-content\\\/uploads\\\/2025\\\/07\\\/Heisse-Tage-Bild-mit-Termometer-und-Weinberg-im-Hintergrund.jpg\",\"datePublished\":\"2025-07-01T07:39:12+00:00\",\"description\":\"La chaleur, les rayons UV et la climatisation sollicitent vos yeux en \u00e9t\u00e9. Voici comment les prot\u00e9ger efficacement contre les irritations.\",\"breadcrumb\":{\"@id\":\"https:\\\/\\\/optik.roman-wagner.de\\\/fr\\\/2025\\\/07\\\/fortes-chaleurs-un-stress-pour-les-yeux\\\/#breadcrumb\"},\"inLanguage\":\"fr-FR\",\"potentialAction\":[{\"@type\":\"ReadAction\",\"target\":[\"https:\\\/\\\/optik.roman-wagner.de\\\/fr\\\/2025\\\/07\\\/fortes-chaleurs-un-stress-pour-les-yeux\\\/\"]}]},{\"@type\":\"ImageObject\",\"inLanguage\":\"fr-FR\",\"@id\":\"https:\\\/\\\/optik.roman-wagner.de\\\/fr\\\/2025\\\/07\\\/fortes-chaleurs-un-stress-pour-les-yeux\\\/#primaryimage\",\"url\":\"https:\\\/\\\/optik.roman-wagner.de\\\/wp-content\\\/uploads\\\/2025\\\/07\\\/Heisse-Tage-Bild-mit-Termometer-und-Weinberg-im-Hintergrund.jpg\",\"contentUrl\":\"https:\\\/\\\/optik.roman-wagner.de\\\/wp-content\\\/uploads\\\/2025\\\/07\\\/Heisse-Tage-Bild-mit-Termometer-und-Weinberg-im-Hintergrund.jpg\",\"width\":1000,\"height\":757,\"caption\":\"Image-fortes-chaleurs-avec-thermometre-et-vignoble-en-arriere-plan\"},{\"@type\":\"BreadcrumbList\",\"@id\":\"https:\\\/\\\/optik.roman-wagner.de\\\/fr\\\/2025\\\/07\\\/fortes-chaleurs-un-stress-pour-les-yeux\\\/#breadcrumb\",\"itemListElement\":[{\"@type\":\"ListItem\",\"position\":1,\"name\":\"Startseite\",\"item\":\"https:\\\/\\\/optik.roman-wagner.de\\\/fr\\\/centres-pour-une-bonne-vision\\\/\"},{\"@type\":\"ListItem\",\"position\":2,\"name\":\"Fortes chaleurs : un stress pour les yeux\"}]},{\"@type\":\"WebSite\",\"@id\":\"https:\\\/\\\/optik.roman-wagner.de\\\/fr\\\/#website\",\"url\":\"https:\\\/\\\/optik.roman-wagner.de\\\/fr\\\/\",\"name\":\"Der Augenoptiker Roman Wagner\",\"description\":\"Zentren f\u00fcr gutes Sehen\",\"publisher\":{\"@id\":\"https:\\\/\\\/optik.roman-wagner.de\\\/fr\\\/#organization\"},\"potentialAction\":[{\"@type\":\"SearchAction\",\"target\":{\"@type\":\"EntryPoint\",\"urlTemplate\":\"https:\\\/\\\/optik.roman-wagner.de\\\/fr\\\/?s={search_term_string}\"},\"query-input\":{\"@type\":\"PropertyValueSpecification\",\"valueRequired\":true,\"valueName\":\"search_term_string\"}}],\"inLanguage\":\"fr-FR\"},{\"@type\":\"Organization\",\"@id\":\"https:\\\/\\\/optik.roman-wagner.de\\\/fr\\\/#organization\",\"name\":\"Der Augenoptiker Roman Wagner\",\"url\":\"https:\\\/\\\/optik.roman-wagner.de\\\/fr\\\/\",\"logo\":{\"@type\":\"ImageObject\",\"inLanguage\":\"fr-FR\",\"@id\":\"https:\\\/\\\/optik.roman-wagner.de\\\/fr\\\/#\\\/schema\\\/logo\\\/image\\\/\",\"url\":\"https:\\\/\\\/optik.roman-wagner.de\\\/wp-content\\\/uploads\\\/2019\\\/11\\\/Logo-RW-quadrat.jpg\",\"contentUrl\":\"https:\\\/\\\/optik.roman-wagner.de\\\/wp-content\\\/uploads\\\/2019\\\/11\\\/Logo-RW-quadrat.jpg\",\"width\":488,\"height\":479,\"caption\":\"Der Augenoptiker Roman Wagner\"},\"image\":{\"@id\":\"https:\\\/\\\/optik.roman-wagner.de\\\/fr\\\/#\\\/schema\\\/logo\\\/image\\\/\"},\"sameAs\":[\"https:\\\/\\\/www.facebook.com\\\/romanwagner.optiker\",\"https:\\\/\\\/www.instagram.com\\\/romanwagner.optiker\\\/\",\"https:\\\/\\\/www.youtube.com\\\/channel\\\/UCIHnCII9jl34mZG08gXgG6A\"]},{\"@type\":\"Person\",\"@id\":\"https:\\\/\\\/optik.roman-wagner.de\\\/fr\\\/#\\\/schema\\\/person\\\/4a52051c9505d1f3da58c234985c6c2f\",\"name\":\"RomanWagner\",\"image\":{\"@type\":\"ImageObject\",\"inLanguage\":\"fr-FR\",\"@id\":\"https:\\\/\\\/secure.gravatar.com\\\/avatar\\\/e6c57eb4a35b8245e2d2f86a3e023a8642987475df645a50407f34b4addef3fb?s=96&d=mm&r=g\",\"url\":\"https:\\\/\\\/secure.gravatar.com\\\/avatar\\\/e6c57eb4a35b8245e2d2f86a3e023a8642987475df645a50407f34b4addef3fb?s=96&d=mm&r=g\",\"contentUrl\":\"https:\\\/\\\/secure.gravatar.com\\\/avatar\\\/e6c57eb4a35b8245e2d2f86a3e023a8642987475df645a50407f34b4addef3fb?s=96&d=mm&r=g\",\"caption\":\"RomanWagner\"},\"url\":\"https:\\\/\\\/optik.roman-wagner.de\\\/fr\\\/author\\\/romanwagner\\\/\"}]}<\/script>\n<!-- \/ Yoast SEO plugin. -->","yoast_head_json":{"title":"Fortes chaleurs : un stress pour les yeux - Roman Wagner","description":"La chaleur, les rayons UV et la climatisation sollicitent vos yeux en \u00e9t\u00e9. Voici comment les prot\u00e9ger efficacement contre les irritations.","robots":{"index":"index","follow":"follow","max-snippet":"max-snippet:-1","max-image-preview":"max-image-preview:large","max-video-preview":"max-video-preview:-1"},"canonical":"https:\/\/optik.roman-wagner.de\/fr\/2025\/07\/fortes-chaleurs-un-stress-pour-les-yeux\/","og_locale":"fr_FR","og_type":"article","og_title":"Fortes chaleurs : un stress pour les yeux - Roman Wagner","og_description":"La chaleur, les rayons UV et la climatisation sollicitent vos yeux en \u00e9t\u00e9. Voici comment les prot\u00e9ger efficacement contre les irritations.","og_url":"https:\/\/optik.roman-wagner.de\/fr\/2025\/07\/fortes-chaleurs-un-stress-pour-les-yeux\/","og_site_name":"Roman Wagner","article_publisher":"https:\/\/www.facebook.com\/romanwagner.optiker","article_published_time":"2025-07-01T07:39:12+00:00","og_image":[{"width":1000,"height":757,"url":"https:\/\/optik.roman-wagner.de\/wp-content\/uploads\/2025\/07\/Heisse-Tage-Bild-mit-Termometer-und-Weinberg-im-Hintergrund.jpg","type":"image\/jpeg"}],"author":"RomanWagner","twitter_card":"summary_large_image","twitter_misc":{"\u00c9crit par":"RomanWagner"},"schema":{"@context":"https:\/\/schema.org","@graph":[{"@type":"Article","@id":"https:\/\/optik.roman-wagner.de\/fr\/2025\/07\/fortes-chaleurs-un-stress-pour-les-yeux\/#article","isPartOf":{"@id":"https:\/\/optik.roman-wagner.de\/fr\/2025\/07\/fortes-chaleurs-un-stress-pour-les-yeux\/"},"author":{"name":"RomanWagner","@id":"https:\/\/optik.roman-wagner.de\/fr\/#\/schema\/person\/4a52051c9505d1f3da58c234985c6c2f"},"headline":"Fortes chaleurs : un stress pour les yeux","datePublished":"2025-07-01T07:39:12+00:00","mainEntityOfPage":{"@id":"https:\/\/optik.roman-wagner.de\/fr\/2025\/07\/fortes-chaleurs-un-stress-pour-les-yeux\/"},"wordCount":7,"publisher":{"@id":"https:\/\/optik.roman-wagner.de\/fr\/#organization"},"image":{"@id":"https:\/\/optik.roman-wagner.de\/fr\/2025\/07\/fortes-chaleurs-un-stress-pour-les-yeux\/#primaryimage"},"thumbnailUrl":"https:\/\/optik.roman-wagner.de\/wp-content\/uploads\/2025\/07\/Heisse-Tage-Bild-mit-Termometer-und-Weinberg-im-Hintergrund.jpg","keywords":["Chaleur estivale","Climatisation","\u00c9viter les irritations","Film lacrymal","Fortes chaleurs","Lunettes de soleil","Mesures de protection","Protection UV","Sant\u00e9 oculaire","Soins oculaires","Yeux","yeux secs"],"inLanguage":"fr-FR"},{"@type":"WebPage","@id":"https:\/\/optik.roman-wagner.de\/fr\/2025\/07\/fortes-chaleurs-un-stress-pour-les-yeux\/","url":"https:\/\/optik.roman-wagner.de\/fr\/2025\/07\/fortes-chaleurs-un-stress-pour-les-yeux\/","name":"Fortes chaleurs : un stress pour les yeux - Roman Wagner","isPartOf":{"@id":"https:\/\/optik.roman-wagner.de\/fr\/#website"},"primaryImageOfPage":{"@id":"https:\/\/optik.roman-wagner.de\/fr\/2025\/07\/fortes-chaleurs-un-stress-pour-les-yeux\/#primaryimage"},"image":{"@id":"https:\/\/optik.roman-wagner.de\/fr\/2025\/07\/fortes-chaleurs-un-stress-pour-les-yeux\/#primaryimage"},"thumbnailUrl":"https:\/\/optik.roman-wagner.de\/wp-content\/uploads\/2025\/07\/Heisse-Tage-Bild-mit-Termometer-und-Weinberg-im-Hintergrund.jpg","datePublished":"2025-07-01T07:39:12+00:00","description":"La chaleur, les rayons UV et la climatisation sollicitent vos yeux en \u00e9t\u00e9. Voici comment les prot\u00e9ger efficacement contre les irritations.","breadcrumb":{"@id":"https:\/\/optik.roman-wagner.de\/fr\/2025\/07\/fortes-chaleurs-un-stress-pour-les-yeux\/#breadcrumb"},"inLanguage":"fr-FR","potentialAction":[{"@type":"ReadAction","target":["https:\/\/optik.roman-wagner.de\/fr\/2025\/07\/fortes-chaleurs-un-stress-pour-les-yeux\/"]}]},{"@type":"ImageObject","inLanguage":"fr-FR","@id":"https:\/\/optik.roman-wagner.de\/fr\/2025\/07\/fortes-chaleurs-un-stress-pour-les-yeux\/#primaryimage","url":"https:\/\/optik.roman-wagner.de\/wp-content\/uploads\/2025\/07\/Heisse-Tage-Bild-mit-Termometer-und-Weinberg-im-Hintergrund.jpg","contentUrl":"https:\/\/optik.roman-wagner.de\/wp-content\/uploads\/2025\/07\/Heisse-Tage-Bild-mit-Termometer-und-Weinberg-im-Hintergrund.jpg","width":1000,"height":757,"caption":"Image-fortes-chaleurs-avec-thermometre-et-vignoble-en-arriere-plan"},{"@type":"BreadcrumbList","@id":"https:\/\/optik.roman-wagner.de\/fr\/2025\/07\/fortes-chaleurs-un-stress-pour-les-yeux\/#breadcrumb","itemListElement":[{"@type":"ListItem","position":1,"name":"Startseite","item":"https:\/\/optik.roman-wagner.de\/fr\/centres-pour-une-bonne-vision\/"},{"@type":"ListItem","position":2,"name":"Fortes chaleurs : un stress pour les yeux"}]},{"@type":"WebSite","@id":"https:\/\/optik.roman-wagner.de\/fr\/#website","url":"https:\/\/optik.roman-wagner.de\/fr\/","name":"Der Augenoptiker Roman Wagner","description":"Zentren f\u00fcr gutes Sehen","publisher":{"@id":"https:\/\/optik.roman-wagner.de\/fr\/#organization"},"potentialAction":[{"@type":"SearchAction","target":{"@type":"EntryPoint","urlTemplate":"https:\/\/optik.roman-wagner.de\/fr\/?s={search_term_string}"},"query-input":{"@type":"PropertyValueSpecification","valueRequired":true,"valueName":"search_term_string"}}],"inLanguage":"fr-FR"},{"@type":"Organization","@id":"https:\/\/optik.roman-wagner.de\/fr\/#organization","name":"Der Augenoptiker Roman Wagner","url":"https:\/\/optik.roman-wagner.de\/fr\/","logo":{"@type":"ImageObject","inLanguage":"fr-FR","@id":"https:\/\/optik.roman-wagner.de\/fr\/#\/schema\/logo\/image\/","url":"https:\/\/optik.roman-wagner.de\/wp-content\/uploads\/2019\/11\/Logo-RW-quadrat.jpg","contentUrl":"https:\/\/optik.roman-wagner.de\/wp-content\/uploads\/2019\/11\/Logo-RW-quadrat.jpg","width":488,"height":479,"caption":"Der Augenoptiker Roman Wagner"},"image":{"@id":"https:\/\/optik.roman-wagner.de\/fr\/#\/schema\/logo\/image\/"},"sameAs":["https:\/\/www.facebook.com\/romanwagner.optiker","https:\/\/www.instagram.com\/romanwagner.optiker\/","https:\/\/www.youtube.com\/channel\/UCIHnCII9jl34mZG08gXgG6A"]},{"@type":"Person","@id":"https:\/\/optik.roman-wagner.de\/fr\/#\/schema\/person\/4a52051c9505d1f3da58c234985c6c2f","name":"RomanWagner","image":{"@type":"ImageObject","inLanguage":"fr-FR","@id":"https:\/\/secure.gravatar.com\/avatar\/e6c57eb4a35b8245e2d2f86a3e023a8642987475df645a50407f34b4addef3fb?s=96&d=mm&r=g","url":"https:\/\/secure.gravatar.com\/avatar\/e6c57eb4a35b8245e2d2f86a3e023a8642987475df645a50407f34b4addef3fb?s=96&d=mm&r=g","contentUrl":"https:\/\/secure.gravatar.com\/avatar\/e6c57eb4a35b8245e2d2f86a3e023a8642987475df645a50407f34b4addef3fb?s=96&d=mm&r=g","caption":"RomanWagner"},"url":"https:\/\/optik.roman-wagner.de\/fr\/author\/romanwagner\/"}]}},"_links":{"self":[{"href":"https:\/\/optik.roman-wagner.de\/fr\/wp-json\/wp\/v2\/posts\/7783","targetHints":{"allow":["GET"]}}],"collection":[{"href":"https:\/\/optik.roman-wagner.de\/fr\/wp-json\/wp\/v2\/posts"}],"about":[{"href":"https:\/\/optik.roman-wagner.de\/fr\/wp-json\/wp\/v2\/types\/post"}],"author":[{"embeddable":true,"href":"https:\/\/optik.roman-wagner.de\/fr\/wp-json\/wp\/v2\/users\/1"}],"replies":[{"embeddable":true,"href":"https:\/\/optik.roman-wagner.de\/fr\/wp-json\/wp\/v2\/comments?post=7783"}],"version-history":[{"count":0,"href":"https:\/\/optik.roman-wagner.de\/fr\/wp-json\/wp\/v2\/posts\/7783\/revisions"}],"wp:featuredmedia":[{"embeddable":true,"href":"https:\/\/optik.roman-wagner.de\/fr\/wp-json\/wp\/v2\/media\/7784"}],"wp:attachment":[{"href":"https:\/\/optik.roman-wagner.de\/fr\/wp-json\/wp\/v2\/media?parent=7783"}],"wp:term":[{"taxonomy":"category","embeddable":true,"href":"https:\/\/optik.roman-wagner.de\/fr\/wp-json\/wp\/v2\/categories?post=7783"},{"taxonomy":"post_tag","embeddable":true,"href":"https:\/\/optik.roman-wagner.de\/fr\/wp-json\/wp\/v2\/tags?post=7783"}],"curies":[{"name":"wp","href":"https:\/\/api.w.org\/{rel}","templated":true}]}}