{"id":7780,"date":"2025-01-28T09:35:00","date_gmt":"2025-01-28T08:35:00","guid":{"rendered":"https:\/\/optik.roman-wagner.de\/2025\/01\/ray-ban-meta-smart-glasses-en-direct-du-salon-professionnel-opti-2025-a-munich\/"},"modified":"2026-04-30T15:35:13","modified_gmt":"2026-04-30T13:35:13","slug":"ray-ban-meta-smart-glasses-en-direct-du-salon-professionnel-opti-2025-a-munich","status":"publish","type":"post","link":"https:\/\/optik.roman-wagner.de\/fr\/2025\/01\/ray-ban-meta-smart-glasses-en-direct-du-salon-professionnel-opti-2025-a-munich\/","title":{"rendered":"Ray-Ban Meta Smart Glasses en direct du salon professionnel opti 2025 \u00e0 Munich"},"content":{"rendered":"\n[et_pb_section fb_built=\u00a0\u00bb1&Prime; _builder_version=\u00a0\u00bb4.25.1&Prime; custom_margin=\u00a0\u00bb130px||||false|false\u00a0\u00bb custom_margin_tablet=\u00a0\u00bb130px||||false|false\u00a0\u00bb custom_margin_phone=\u00a0\u00bb70px||||false|false\u00a0\u00bb custom_margin_last_edited=\u00a0\u00bbon|phone\u00a0\u00bb custom_padding=\u00a0\u00bb0px||2px||false|false\u00a0\u00bb da_disable_devices=\u00a0\u00bboff|off|off\u00a0\u00bb global_colors_info=\u00a0\u00bb{}\u00a0\u00bb theme_builder_area=\u00a0\u00bbpost_content\u00a0\u00bb da_is_popup=\u00a0\u00bboff\u00a0\u00bb da_exit_intent=\u00a0\u00bboff\u00a0\u00bb da_has_close=\u00a0\u00bbon\u00a0\u00bb da_alt_close=\u00a0\u00bboff\u00a0\u00bb da_dark_close=\u00a0\u00bboff\u00a0\u00bb da_not_modal=\u00a0\u00bbon\u00a0\u00bb da_is_singular=\u00a0\u00bboff\u00a0\u00bb da_with_loader=\u00a0\u00bboff\u00a0\u00bb da_has_shadow=\u00a0\u00bbon\u00a0\u00bb][et_pb_row column_structure=\u00a0\u00bb1_2,1_2&Prime; _builder_version=\u00a0\u00bb4.16&Prime; custom_padding=\u00a0\u00bb||66px|||\u00a0\u00bb global_colors_info=\u00a0\u00bb{}\u00a0\u00bb theme_builder_area=\u00a0\u00bbpost_content\u00a0\u00bb][et_pb_column type=\u00a0\u00bb1_2&Prime; _builder_version=\u00a0\u00bb4.16&Prime; global_colors_info=\u00a0\u00bb{}\u00a0\u00bb theme_builder_area=\u00a0\u00bbpost_content\u00a0\u00bb][et_pb_text _builder_version=\u00a0\u00bb4.27.4&Prime; header_font=\u00a0\u00bb|600|||||||\u00a0\u00bb hover_enabled=\u00a0\u00bb0&Prime; global_colors_info=\u00a0\u00bb{}\u00a0\u00bb theme_builder_area=\u00a0\u00bbpost_content\u00a0\u00bb sticky_enabled=\u00a0\u00bb0&Prime;]<h1>Ray-Ban | Meta Smart Glasses en direct du salon professionnel opti 2025 \u00e0 Munich !<\/h1>\n<p>Les nouvelles Ray-Ban | Meta Smart Glasses associent un design classique \u00e0 une technologie de pointe et offrent une multitude de fonctionnalit\u00e9s :<\/p>\n<p><strong>Cam\u00e9ra haute r\u00e9solution :<\/strong> \u00c9quip\u00e9es d\u2019une cam\u00e9ra ultra grand-angle de 12 m\u00e9gapixels, les lunettes permettent de prendre des photos et des vid\u00e9os panoramiques en haute qualit\u00e9.<\/p>\n<p><strong>Audio Open-Ear am\u00e9lior\u00e9 :<\/strong> Les haut-parleurs int\u00e9gr\u00e9s offrent un son am\u00e9lior\u00e9 pour la musique et les appels, sans couvrir les oreilles.<\/p>\n<p><strong>Int\u00e9gration de Meta AI :<\/strong> Gr\u00e2ce \u00e0 l\u2019int\u00e9gration de Meta AI, les lunettes peuvent fournir des informations en temps r\u00e9el, comme par exemple la traduction de la parole, la r\u00e9ponse \u00e0 des questions sur des objets dans le champ de vision et la cr\u00e9ation de rappels.<\/p>\n<p><strong>Commande mains libres :<\/strong> Gr\u00e2ce aux commandes vocales, les utilisateurs peuvent prendre des photos et des vid\u00e9os ou contr\u00f4ler la musique, sans sortir le smartphone.<\/p>\n<p><strong>Connectivit\u00e9 fluide :<\/strong> Les lunettes prennent en charge la connexion \u00e0 des services musicaux tels que Spotify, Amazon Music, Audible et iHeart, pour \u00e9couter facilement de la musique et des podcasts en d\u00e9placement.<\/p>\n<p>En savoir plus sur les tendances actuelles de la mode internationale des lunettes et les th\u00e8mes phares 2025, d\u00e8s maintenant chez Roman Wagner.<\/p>[\/et_pb_text][et_pb_button button_url=\u00a0\u00bbhttps:\/\/optik.roman-wagner.de\/online-termin\/\u00a0\u00bb button_text=\u00a0\u00bbPrendre rendez-vous\u00a0\u00bb _builder_version=\u00a0\u00bb4.27.4&Prime; _module_preset=\u00a0\u00bbdefault\u00a0\u00bb global_colors_info=\u00a0\u00bb{}\u00a0\u00bb theme_builder_area=\u00a0\u00bbpost_content\u00a0\u00bb][\/et_pb_button][\/et_pb_column][et_pb_column type=\u00a0\u00bb1_2&Prime; _builder_version=\u00a0\u00bb4.16&Prime; global_colors_info=\u00a0\u00bb{}\u00a0\u00bb theme_builder_area=\u00a0\u00bbpost_content\u00a0\u00bb][et_pb_video src=\u00a0\u00bbhttps:\/\/optik.roman-wagner.de\/wp-content\/uploads\/2025\/02\/Rayban-Clip-1080-x-1350-px.mp4&Prime; _builder_version=\u00a0\u00bb4.27.4&Prime; _module_preset=\u00a0\u00bbdefault\u00a0\u00bb theme_builder_area=\u00a0\u00bbpost_content\u00a0\u00bb title_text=\u00a0\u00bbRayban Clip (1080 x 1350 px)\u00a0\u00bb hover_enabled=\u00a0\u00bb0&Prime; sticky_enabled=\u00a0\u00bb0&Prime;][\/et_pb_video][\/et_pb_column][\/et_pb_row][et_pb_row _builder_version=\u00a0\u00bb4.27.4&Prime; _module_preset=\u00a0\u00bbdefault\u00a0\u00bb global_colors_info=\u00a0\u00bb{}\u00a0\u00bb theme_builder_area=\u00a0\u00bbpost_content\u00a0\u00bb][et_pb_column type=\u00a0\u00bb4_4&Prime; _builder_version=\u00a0\u00bb4.27.4&Prime; _module_preset=\u00a0\u00bbdefault\u00a0\u00bb global_colors_info=\u00a0\u00bb{}\u00a0\u00bb theme_builder_area=\u00a0\u00bbpost_content\u00a0\u00bb][et_pb_text _builder_version=\u00a0\u00bb4.27.4&Prime; _module_preset=\u00a0\u00bbdefault\u00a0\u00bb global_colors_info=\u00a0\u00bb{}\u00a0\u00bb theme_builder_area=\u00a0\u00bbpost_content\u00a0\u00bb][\/et_pb_text][\/et_pb_column][\/et_pb_row][\/et_pb_section]\n","protected":false},"excerpt":{"rendered":"<p>Les nouvelles Ray-Ban | Meta Smart Glasses associent un design classique \u00e0 une technologie de pointe et offrent une multitude de fonctionnalit\u00e9s. Une cam\u00e9ra haute r\u00e9solution, un audio Open-Ear am\u00e9lior\u00e9, l\u2019int\u00e9gration de Meta AI, etc.<br \/>\nEn direct du salon professionnel de Munich chez Roman Wagner. <\/p>\n","protected":false},"author":1,"featured_media":7781,"comment_status":"closed","ping_status":"open","sticky":false,"template":"","format":"standard","meta":{"_et_pb_use_builder":"on","_et_pb_old_content":"","_et_gb_content_width":"","iawp_total_views":0,"footnotes":""},"categories":[140],"tags":[],"class_list":["post-7780","post","type-post","status-publish","format-standard","has-post-thumbnail","hentry","category-non-classe"],"yoast_head":"<!-- This site is optimized with the Yoast SEO plugin v27.4 - https:\/\/yoast.com\/product\/yoast-seo-wordpress\/ -->\n<title>Ray-Ban Meta Smart Glasses en direct du salon professionnel opti 2025 \u00e0 Munich - Roman Wagner<\/title>\n<meta name=\"robots\" content=\"index, follow, max-snippet:-1, max-image-preview:large, max-video-preview:-1\" \/>\n<link rel=\"canonical\" href=\"https:\/\/optik.roman-wagner.de\/fr\/2025\/01\/ray-ban-meta-smart-glasses-en-direct-du-salon-professionnel-opti-2025-a-munich\/\" \/>\n<meta property=\"og:locale\" content=\"fr_FR\" \/>\n<meta property=\"og:type\" content=\"article\" \/>\n<meta property=\"og:title\" content=\"Ray-Ban Meta Smart Glasses en direct du salon professionnel opti 2025 \u00e0 Munich - Roman Wagner\" \/>\n<meta property=\"og:description\" content=\"Les nouvelles Ray-Ban | Meta Smart Glasses associent un design classique \u00e0 une technologie de pointe et offrent une multitude de fonctionnalit\u00e9s. Une cam\u00e9ra haute r\u00e9solution, un audio Open-Ear am\u00e9lior\u00e9, l\u2019int\u00e9gration de Meta AI, etc. En direct du salon professionnel de Munich chez Roman Wagner.\" \/>\n<meta property=\"og:url\" content=\"https:\/\/optik.roman-wagner.de\/fr\/2025\/01\/ray-ban-meta-smart-glasses-en-direct-du-salon-professionnel-opti-2025-a-munich\/\" \/>\n<meta property=\"og:site_name\" content=\"Roman Wagner\" \/>\n<meta property=\"article:publisher\" content=\"https:\/\/www.facebook.com\/romanwagner.optiker\" \/>\n<meta property=\"article:published_time\" content=\"2025-01-28T08:35:00+00:00\" \/>\n<meta property=\"article:modified_time\" content=\"2026-04-30T13:35:13+00:00\" \/>\n<meta property=\"og:image\" content=\"https:\/\/optik.roman-wagner.de\/wp-content\/uploads\/2025\/02\/Ray-Ban-Meta-News-2025.jpg\" \/>\n\t<meta property=\"og:image:width\" content=\"650\" \/>\n\t<meta property=\"og:image:height\" content=\"479\" \/>\n\t<meta property=\"og:image:type\" content=\"image\/jpeg\" \/>\n<meta name=\"author\" content=\"RomanWagner\" \/>\n<meta name=\"twitter:card\" content=\"summary_large_image\" \/>\n<meta name=\"twitter:label1\" content=\"\u00c9crit par\" \/>\n\t<meta name=\"twitter:data1\" content=\"RomanWagner\" \/>\n\t<meta name=\"twitter:label2\" content=\"Dur\u00e9e de lecture estim\u00e9e\" \/>\n\t<meta name=\"twitter:data2\" content=\"3 minutes\" \/>\n<script type=\"application\/ld+json\" class=\"yoast-schema-graph\">{\"@context\":\"https:\\\/\\\/schema.org\",\"@graph\":[{\"@type\":\"Article\",\"@id\":\"https:\\\/\\\/optik.roman-wagner.de\\\/fr\\\/2025\\\/01\\\/ray-ban-meta-smart-glasses-en-direct-du-salon-professionnel-opti-2025-a-munich\\\/#article\",\"isPartOf\":{\"@id\":\"https:\\\/\\\/optik.roman-wagner.de\\\/fr\\\/2025\\\/01\\\/ray-ban-meta-smart-glasses-en-direct-du-salon-professionnel-opti-2025-a-munich\\\/\"},\"author\":{\"name\":\"RomanWagner\",\"@id\":\"https:\\\/\\\/optik.roman-wagner.de\\\/fr\\\/#\\\/schema\\\/person\\\/4a52051c9505d1f3da58c234985c6c2f\"},\"headline\":\"Ray-Ban Meta Smart Glasses en direct du salon professionnel opti 2025 \u00e0 Munich\",\"datePublished\":\"2025-01-28T08:35:00+00:00\",\"dateModified\":\"2026-04-30T13:35:13+00:00\",\"mainEntityOfPage\":{\"@id\":\"https:\\\/\\\/optik.roman-wagner.de\\\/fr\\\/2025\\\/01\\\/ray-ban-meta-smart-glasses-en-direct-du-salon-professionnel-opti-2025-a-munich\\\/\"},\"wordCount\":522,\"publisher\":{\"@id\":\"https:\\\/\\\/optik.roman-wagner.de\\\/fr\\\/#organization\"},\"image\":{\"@id\":\"https:\\\/\\\/optik.roman-wagner.de\\\/fr\\\/2025\\\/01\\\/ray-ban-meta-smart-glasses-en-direct-du-salon-professionnel-opti-2025-a-munich\\\/#primaryimage\"},\"thumbnailUrl\":\"https:\\\/\\\/optik.roman-wagner.de\\\/wp-content\\\/uploads\\\/2025\\\/02\\\/Ray-Ban-Meta-News-2025.jpg\",\"inLanguage\":\"fr-FR\"},{\"@type\":\"WebPage\",\"@id\":\"https:\\\/\\\/optik.roman-wagner.de\\\/fr\\\/2025\\\/01\\\/ray-ban-meta-smart-glasses-en-direct-du-salon-professionnel-opti-2025-a-munich\\\/\",\"url\":\"https:\\\/\\\/optik.roman-wagner.de\\\/fr\\\/2025\\\/01\\\/ray-ban-meta-smart-glasses-en-direct-du-salon-professionnel-opti-2025-a-munich\\\/\",\"name\":\"Ray-Ban Meta Smart Glasses en direct du salon professionnel opti 2025 \u00e0 Munich - Roman Wagner\",\"isPartOf\":{\"@id\":\"https:\\\/\\\/optik.roman-wagner.de\\\/fr\\\/#website\"},\"primaryImageOfPage\":{\"@id\":\"https:\\\/\\\/optik.roman-wagner.de\\\/fr\\\/2025\\\/01\\\/ray-ban-meta-smart-glasses-en-direct-du-salon-professionnel-opti-2025-a-munich\\\/#primaryimage\"},\"image\":{\"@id\":\"https:\\\/\\\/optik.roman-wagner.de\\\/fr\\\/2025\\\/01\\\/ray-ban-meta-smart-glasses-en-direct-du-salon-professionnel-opti-2025-a-munich\\\/#primaryimage\"},\"thumbnailUrl\":\"https:\\\/\\\/optik.roman-wagner.de\\\/wp-content\\\/uploads\\\/2025\\\/02\\\/Ray-Ban-Meta-News-2025.jpg\",\"datePublished\":\"2025-01-28T08:35:00+00:00\",\"dateModified\":\"2026-04-30T13:35:13+00:00\",\"breadcrumb\":{\"@id\":\"https:\\\/\\\/optik.roman-wagner.de\\\/fr\\\/2025\\\/01\\\/ray-ban-meta-smart-glasses-en-direct-du-salon-professionnel-opti-2025-a-munich\\\/#breadcrumb\"},\"inLanguage\":\"fr-FR\",\"potentialAction\":[{\"@type\":\"ReadAction\",\"target\":[\"https:\\\/\\\/optik.roman-wagner.de\\\/fr\\\/2025\\\/01\\\/ray-ban-meta-smart-glasses-en-direct-du-salon-professionnel-opti-2025-a-munich\\\/\"]}]},{\"@type\":\"ImageObject\",\"inLanguage\":\"fr-FR\",\"@id\":\"https:\\\/\\\/optik.roman-wagner.de\\\/fr\\\/2025\\\/01\\\/ray-ban-meta-smart-glasses-en-direct-du-salon-professionnel-opti-2025-a-munich\\\/#primaryimage\",\"url\":\"https:\\\/\\\/optik.roman-wagner.de\\\/wp-content\\\/uploads\\\/2025\\\/02\\\/Ray-Ban-Meta-News-2025.jpg\",\"contentUrl\":\"https:\\\/\\\/optik.roman-wagner.de\\\/wp-content\\\/uploads\\\/2025\\\/02\\\/Ray-Ban-Meta-News-2025.jpg\",\"width\":650,\"height\":479,\"caption\":\"Capture d\u2019\u00e9cran\"},{\"@type\":\"BreadcrumbList\",\"@id\":\"https:\\\/\\\/optik.roman-wagner.de\\\/fr\\\/2025\\\/01\\\/ray-ban-meta-smart-glasses-en-direct-du-salon-professionnel-opti-2025-a-munich\\\/#breadcrumb\",\"itemListElement\":[{\"@type\":\"ListItem\",\"position\":1,\"name\":\"Startseite\",\"item\":\"https:\\\/\\\/optik.roman-wagner.de\\\/fr\\\/centres-pour-une-bonne-vision\\\/\"},{\"@type\":\"ListItem\",\"position\":2,\"name\":\"Ray-Ban Meta Smart Glasses en direct du salon professionnel opti 2025 \u00e0 Munich\"}]},{\"@type\":\"WebSite\",\"@id\":\"https:\\\/\\\/optik.roman-wagner.de\\\/fr\\\/#website\",\"url\":\"https:\\\/\\\/optik.roman-wagner.de\\\/fr\\\/\",\"name\":\"Der Augenoptiker Roman Wagner\",\"description\":\"Zentren f\u00fcr gutes Sehen\",\"publisher\":{\"@id\":\"https:\\\/\\\/optik.roman-wagner.de\\\/fr\\\/#organization\"},\"potentialAction\":[{\"@type\":\"SearchAction\",\"target\":{\"@type\":\"EntryPoint\",\"urlTemplate\":\"https:\\\/\\\/optik.roman-wagner.de\\\/fr\\\/?s={search_term_string}\"},\"query-input\":{\"@type\":\"PropertyValueSpecification\",\"valueRequired\":true,\"valueName\":\"search_term_string\"}}],\"inLanguage\":\"fr-FR\"},{\"@type\":\"Organization\",\"@id\":\"https:\\\/\\\/optik.roman-wagner.de\\\/fr\\\/#organization\",\"name\":\"Der Augenoptiker Roman Wagner\",\"url\":\"https:\\\/\\\/optik.roman-wagner.de\\\/fr\\\/\",\"logo\":{\"@type\":\"ImageObject\",\"inLanguage\":\"fr-FR\",\"@id\":\"https:\\\/\\\/optik.roman-wagner.de\\\/fr\\\/#\\\/schema\\\/logo\\\/image\\\/\",\"url\":\"https:\\\/\\\/optik.roman-wagner.de\\\/wp-content\\\/uploads\\\/2019\\\/11\\\/Logo-RW-quadrat.jpg\",\"contentUrl\":\"https:\\\/\\\/optik.roman-wagner.de\\\/wp-content\\\/uploads\\\/2019\\\/11\\\/Logo-RW-quadrat.jpg\",\"width\":488,\"height\":479,\"caption\":\"Der Augenoptiker Roman Wagner\"},\"image\":{\"@id\":\"https:\\\/\\\/optik.roman-wagner.de\\\/fr\\\/#\\\/schema\\\/logo\\\/image\\\/\"},\"sameAs\":[\"https:\\\/\\\/www.facebook.com\\\/romanwagner.optiker\",\"https:\\\/\\\/www.instagram.com\\\/romanwagner.optiker\\\/\",\"https:\\\/\\\/www.youtube.com\\\/channel\\\/UCIHnCII9jl34mZG08gXgG6A\"]},{\"@type\":\"Person\",\"@id\":\"https:\\\/\\\/optik.roman-wagner.de\\\/fr\\\/#\\\/schema\\\/person\\\/4a52051c9505d1f3da58c234985c6c2f\",\"name\":\"RomanWagner\",\"image\":{\"@type\":\"ImageObject\",\"inLanguage\":\"fr-FR\",\"@id\":\"https:\\\/\\\/secure.gravatar.com\\\/avatar\\\/e6c57eb4a35b8245e2d2f86a3e023a8642987475df645a50407f34b4addef3fb?s=96&d=mm&r=g\",\"url\":\"https:\\\/\\\/secure.gravatar.com\\\/avatar\\\/e6c57eb4a35b8245e2d2f86a3e023a8642987475df645a50407f34b4addef3fb?s=96&d=mm&r=g\",\"contentUrl\":\"https:\\\/\\\/secure.gravatar.com\\\/avatar\\\/e6c57eb4a35b8245e2d2f86a3e023a8642987475df645a50407f34b4addef3fb?s=96&d=mm&r=g\",\"caption\":\"RomanWagner\"},\"url\":\"https:\\\/\\\/optik.roman-wagner.de\\\/fr\\\/author\\\/romanwagner\\\/\"}]}<\/script>\n<!-- \/ Yoast SEO plugin. -->","yoast_head_json":{"title":"Ray-Ban Meta Smart Glasses en direct du salon professionnel opti 2025 \u00e0 Munich - Roman Wagner","robots":{"index":"index","follow":"follow","max-snippet":"max-snippet:-1","max-image-preview":"max-image-preview:large","max-video-preview":"max-video-preview:-1"},"canonical":"https:\/\/optik.roman-wagner.de\/fr\/2025\/01\/ray-ban-meta-smart-glasses-en-direct-du-salon-professionnel-opti-2025-a-munich\/","og_locale":"fr_FR","og_type":"article","og_title":"Ray-Ban Meta Smart Glasses en direct du salon professionnel opti 2025 \u00e0 Munich - Roman Wagner","og_description":"Les nouvelles Ray-Ban | Meta Smart Glasses associent un design classique \u00e0 une technologie de pointe et offrent une multitude de fonctionnalit\u00e9s. Une cam\u00e9ra haute r\u00e9solution, un audio Open-Ear am\u00e9lior\u00e9, l\u2019int\u00e9gration de Meta AI, etc. En direct du salon professionnel de Munich chez Roman Wagner.","og_url":"https:\/\/optik.roman-wagner.de\/fr\/2025\/01\/ray-ban-meta-smart-glasses-en-direct-du-salon-professionnel-opti-2025-a-munich\/","og_site_name":"Roman Wagner","article_publisher":"https:\/\/www.facebook.com\/romanwagner.optiker","article_published_time":"2025-01-28T08:35:00+00:00","article_modified_time":"2026-04-30T13:35:13+00:00","og_image":[{"width":650,"height":479,"url":"https:\/\/optik.roman-wagner.de\/wp-content\/uploads\/2025\/02\/Ray-Ban-Meta-News-2025.jpg","type":"image\/jpeg"}],"author":"RomanWagner","twitter_card":"summary_large_image","twitter_misc":{"\u00c9crit par":"RomanWagner","Dur\u00e9e de lecture estim\u00e9e":"3 minutes"},"schema":{"@context":"https:\/\/schema.org","@graph":[{"@type":"Article","@id":"https:\/\/optik.roman-wagner.de\/fr\/2025\/01\/ray-ban-meta-smart-glasses-en-direct-du-salon-professionnel-opti-2025-a-munich\/#article","isPartOf":{"@id":"https:\/\/optik.roman-wagner.de\/fr\/2025\/01\/ray-ban-meta-smart-glasses-en-direct-du-salon-professionnel-opti-2025-a-munich\/"},"author":{"name":"RomanWagner","@id":"https:\/\/optik.roman-wagner.de\/fr\/#\/schema\/person\/4a52051c9505d1f3da58c234985c6c2f"},"headline":"Ray-Ban Meta Smart Glasses en direct du salon professionnel opti 2025 \u00e0 Munich","datePublished":"2025-01-28T08:35:00+00:00","dateModified":"2026-04-30T13:35:13+00:00","mainEntityOfPage":{"@id":"https:\/\/optik.roman-wagner.de\/fr\/2025\/01\/ray-ban-meta-smart-glasses-en-direct-du-salon-professionnel-opti-2025-a-munich\/"},"wordCount":522,"publisher":{"@id":"https:\/\/optik.roman-wagner.de\/fr\/#organization"},"image":{"@id":"https:\/\/optik.roman-wagner.de\/fr\/2025\/01\/ray-ban-meta-smart-glasses-en-direct-du-salon-professionnel-opti-2025-a-munich\/#primaryimage"},"thumbnailUrl":"https:\/\/optik.roman-wagner.de\/wp-content\/uploads\/2025\/02\/Ray-Ban-Meta-News-2025.jpg","inLanguage":"fr-FR"},{"@type":"WebPage","@id":"https:\/\/optik.roman-wagner.de\/fr\/2025\/01\/ray-ban-meta-smart-glasses-en-direct-du-salon-professionnel-opti-2025-a-munich\/","url":"https:\/\/optik.roman-wagner.de\/fr\/2025\/01\/ray-ban-meta-smart-glasses-en-direct-du-salon-professionnel-opti-2025-a-munich\/","name":"Ray-Ban Meta Smart Glasses en direct du salon professionnel opti 2025 \u00e0 Munich - Roman Wagner","isPartOf":{"@id":"https:\/\/optik.roman-wagner.de\/fr\/#website"},"primaryImageOfPage":{"@id":"https:\/\/optik.roman-wagner.de\/fr\/2025\/01\/ray-ban-meta-smart-glasses-en-direct-du-salon-professionnel-opti-2025-a-munich\/#primaryimage"},"image":{"@id":"https:\/\/optik.roman-wagner.de\/fr\/2025\/01\/ray-ban-meta-smart-glasses-en-direct-du-salon-professionnel-opti-2025-a-munich\/#primaryimage"},"thumbnailUrl":"https:\/\/optik.roman-wagner.de\/wp-content\/uploads\/2025\/02\/Ray-Ban-Meta-News-2025.jpg","datePublished":"2025-01-28T08:35:00+00:00","dateModified":"2026-04-30T13:35:13+00:00","breadcrumb":{"@id":"https:\/\/optik.roman-wagner.de\/fr\/2025\/01\/ray-ban-meta-smart-glasses-en-direct-du-salon-professionnel-opti-2025-a-munich\/#breadcrumb"},"inLanguage":"fr-FR","potentialAction":[{"@type":"ReadAction","target":["https:\/\/optik.roman-wagner.de\/fr\/2025\/01\/ray-ban-meta-smart-glasses-en-direct-du-salon-professionnel-opti-2025-a-munich\/"]}]},{"@type":"ImageObject","inLanguage":"fr-FR","@id":"https:\/\/optik.roman-wagner.de\/fr\/2025\/01\/ray-ban-meta-smart-glasses-en-direct-du-salon-professionnel-opti-2025-a-munich\/#primaryimage","url":"https:\/\/optik.roman-wagner.de\/wp-content\/uploads\/2025\/02\/Ray-Ban-Meta-News-2025.jpg","contentUrl":"https:\/\/optik.roman-wagner.de\/wp-content\/uploads\/2025\/02\/Ray-Ban-Meta-News-2025.jpg","width":650,"height":479,"caption":"Capture d\u2019\u00e9cran"},{"@type":"BreadcrumbList","@id":"https:\/\/optik.roman-wagner.de\/fr\/2025\/01\/ray-ban-meta-smart-glasses-en-direct-du-salon-professionnel-opti-2025-a-munich\/#breadcrumb","itemListElement":[{"@type":"ListItem","position":1,"name":"Startseite","item":"https:\/\/optik.roman-wagner.de\/fr\/centres-pour-une-bonne-vision\/"},{"@type":"ListItem","position":2,"name":"Ray-Ban Meta Smart Glasses en direct du salon professionnel opti 2025 \u00e0 Munich"}]},{"@type":"WebSite","@id":"https:\/\/optik.roman-wagner.de\/fr\/#website","url":"https:\/\/optik.roman-wagner.de\/fr\/","name":"Der Augenoptiker Roman Wagner","description":"Zentren f\u00fcr gutes Sehen","publisher":{"@id":"https:\/\/optik.roman-wagner.de\/fr\/#organization"},"potentialAction":[{"@type":"SearchAction","target":{"@type":"EntryPoint","urlTemplate":"https:\/\/optik.roman-wagner.de\/fr\/?s={search_term_string}"},"query-input":{"@type":"PropertyValueSpecification","valueRequired":true,"valueName":"search_term_string"}}],"inLanguage":"fr-FR"},{"@type":"Organization","@id":"https:\/\/optik.roman-wagner.de\/fr\/#organization","name":"Der Augenoptiker Roman Wagner","url":"https:\/\/optik.roman-wagner.de\/fr\/","logo":{"@type":"ImageObject","inLanguage":"fr-FR","@id":"https:\/\/optik.roman-wagner.de\/fr\/#\/schema\/logo\/image\/","url":"https:\/\/optik.roman-wagner.de\/wp-content\/uploads\/2019\/11\/Logo-RW-quadrat.jpg","contentUrl":"https:\/\/optik.roman-wagner.de\/wp-content\/uploads\/2019\/11\/Logo-RW-quadrat.jpg","width":488,"height":479,"caption":"Der Augenoptiker Roman Wagner"},"image":{"@id":"https:\/\/optik.roman-wagner.de\/fr\/#\/schema\/logo\/image\/"},"sameAs":["https:\/\/www.facebook.com\/romanwagner.optiker","https:\/\/www.instagram.com\/romanwagner.optiker\/","https:\/\/www.youtube.com\/channel\/UCIHnCII9jl34mZG08gXgG6A"]},{"@type":"Person","@id":"https:\/\/optik.roman-wagner.de\/fr\/#\/schema\/person\/4a52051c9505d1f3da58c234985c6c2f","name":"RomanWagner","image":{"@type":"ImageObject","inLanguage":"fr-FR","@id":"https:\/\/secure.gravatar.com\/avatar\/e6c57eb4a35b8245e2d2f86a3e023a8642987475df645a50407f34b4addef3fb?s=96&d=mm&r=g","url":"https:\/\/secure.gravatar.com\/avatar\/e6c57eb4a35b8245e2d2f86a3e023a8642987475df645a50407f34b4addef3fb?s=96&d=mm&r=g","contentUrl":"https:\/\/secure.gravatar.com\/avatar\/e6c57eb4a35b8245e2d2f86a3e023a8642987475df645a50407f34b4addef3fb?s=96&d=mm&r=g","caption":"RomanWagner"},"url":"https:\/\/optik.roman-wagner.de\/fr\/author\/romanwagner\/"}]}},"_links":{"self":[{"href":"https:\/\/optik.roman-wagner.de\/fr\/wp-json\/wp\/v2\/posts\/7780","targetHints":{"allow":["GET"]}}],"collection":[{"href":"https:\/\/optik.roman-wagner.de\/fr\/wp-json\/wp\/v2\/posts"}],"about":[{"href":"https:\/\/optik.roman-wagner.de\/fr\/wp-json\/wp\/v2\/types\/post"}],"author":[{"embeddable":true,"href":"https:\/\/optik.roman-wagner.de\/fr\/wp-json\/wp\/v2\/users\/1"}],"replies":[{"embeddable":true,"href":"https:\/\/optik.roman-wagner.de\/fr\/wp-json\/wp\/v2\/comments?post=7780"}],"version-history":[{"count":1,"href":"https:\/\/optik.roman-wagner.de\/fr\/wp-json\/wp\/v2\/posts\/7780\/revisions"}],"predecessor-version":[{"id":7782,"href":"https:\/\/optik.roman-wagner.de\/fr\/wp-json\/wp\/v2\/posts\/7780\/revisions\/7782"}],"wp:featuredmedia":[{"embeddable":true,"href":"https:\/\/optik.roman-wagner.de\/fr\/wp-json\/wp\/v2\/media\/7781"}],"wp:attachment":[{"href":"https:\/\/optik.roman-wagner.de\/fr\/wp-json\/wp\/v2\/media?parent=7780"}],"wp:term":[{"taxonomy":"category","embeddable":true,"href":"https:\/\/optik.roman-wagner.de\/fr\/wp-json\/wp\/v2\/categories?post=7780"},{"taxonomy":"post_tag","embeddable":true,"href":"https:\/\/optik.roman-wagner.de\/fr\/wp-json\/wp\/v2\/tags?post=7780"}],"curies":[{"name":"wp","href":"https:\/\/api.w.org\/{rel}","templated":true}]}}