{"id":7741,"date":"2025-02-04T17:59:34","date_gmt":"2025-02-04T16:59:34","guid":{"rendered":"https:\/\/optik.roman-wagner.de\/2025\/02\/opti-2025-le-salon-international-de-loptique-et-du-design-a-munich-un-evenement-phare-en-debut-dannee\/"},"modified":"2026-04-30T15:34:39","modified_gmt":"2026-04-30T13:34:39","slug":"opti-2025-le-salon-international-de-loptique-et-du-design-a-munich-un-evenement-phare-en-debut-dannee","status":"publish","type":"post","link":"https:\/\/optik.roman-wagner.de\/fr\/2025\/02\/opti-2025-le-salon-international-de-loptique-et-du-design-a-munich-un-evenement-phare-en-debut-dannee\/","title":{"rendered":"opti 2025 \u2013 le salon international de l&rsquo;optique et du design \u00e0 Munich \u2013 un \u00e9v\u00e9nement phare en d\u00e9but d&rsquo;ann\u00e9e"},"content":{"rendered":"\n[et_pb_section fb_built=\u00a0\u00bb1&Prime; _builder_version=\u00a0\u00bb4.25.1&Prime; custom_margin=\u00a0\u00bb130px||||false|false\u00a0\u00bb custom_margin_tablet=\u00a0\u00bb130px||||false|false\u00a0\u00bb custom_margin_phone=\u00a0\u00bb70px||||false|false\u00a0\u00bb custom_margin_last_edited=\u00a0\u00bbon|phone\u00a0\u00bb custom_padding=\u00a0\u00bb0px||2px||false|false\u00a0\u00bb da_disable_devices=\u00a0\u00bboff|off|off\u00a0\u00bb global_colors_info=\u00a0\u00bb{}\u00a0\u00bb da_is_popup=\u00a0\u00bboff\u00a0\u00bb da_exit_intent=\u00a0\u00bboff\u00a0\u00bb da_has_close=\u00a0\u00bbon\u00a0\u00bb da_alt_close=\u00a0\u00bboff\u00a0\u00bb da_dark_close=\u00a0\u00bboff\u00a0\u00bb da_not_modal=\u00a0\u00bbon\u00a0\u00bb da_is_singular=\u00a0\u00bboff\u00a0\u00bb da_with_loader=\u00a0\u00bboff\u00a0\u00bb da_has_shadow=\u00a0\u00bbon\u00a0\u00bb][et_pb_row column_structure=\u00a0\u00bb1_2,1_2&Prime; _builder_version=\u00a0\u00bb4.16&Prime; custom_padding=\u00a0\u00bb||66px|||\u00a0\u00bb global_colors_info=\u00a0\u00bb{}\u00a0\u00bb][et_pb_column type=\u00a0\u00bb1_2&Prime; _builder_version=\u00a0\u00bb4.16&Prime; global_colors_info=\u00a0\u00bb{}\u00a0\u00bb][et_pb_text _builder_version=\u00a0\u00bb4.27.4&Prime; header_font=\u00a0\u00bb|600|||||||\u00a0\u00bb global_colors_info=\u00a0\u00bb{}\u00a0\u00bb]<h1>opti 2025 \u2013 le salon international de l&rsquo;optique et du design \u00e0 Munich \u2013 un \u00e9v\u00e9nement phare en d\u00e9but d&rsquo;ann\u00e9e<\/h1>\n<p>Notre visite de l&rsquo;opti fin janvier a \u00e9t\u00e9 une fois de plus un \u00e9v\u00e9nement phare en d\u00e9but d&rsquo;ann\u00e9e, que nous avons partag\u00e9 avec plus de 20 000 visiteurs et plus de 350 exposants de 28 pays dans des halls d&rsquo;exposition complets.<\/p>\n<p>Lors d&rsquo;entretiens personnels avec des repr\u00e9sentants de grandes marques internationales et de start-ups ind\u00e9pendantes du secteur de l&rsquo;optique, nous avons pu nous inspirer de designs de lunettes innovants et de nouveaux formats.<\/p>\n<p>Outre la mode actuelle des lunettes, notre attention s&rsquo;est port\u00e9e sur les techniques de mesure et de d\u00e9pistage innovantes pour la d\u00e9tection pr\u00e9coce des maladies oculaires et la pr\u00e9vention de la myopie chez les enfants. Des conf\u00e9rences d&rsquo;experts et des formations sur l&rsquo;utilisation polyvalente de lentilles de contact innovantes ont compl\u00e9t\u00e9 le programme professionnel. <\/p>\n<p>D\u00e9couvrez d\u00e8s maintenant les tendances actuelles de la mode internationale des lunettes et les th\u00e8mes prioritaires 2025 chez Roman Wagner.<\/p>[\/et_pb_text][et_pb_button button_url=\u00a0\u00bbhttps:\/\/optik.roman-wagner.de\/online-termin\/\u00a0\u00bb button_text=\u00a0\u00bbPrendre rendez-vous maintenant\u00a0\u00bb _builder_version=\u00a0\u00bb4.27.4&Prime; _module_preset=\u00a0\u00bbdefault\u00a0\u00bb global_colors_info=\u00a0\u00bb{}\u00a0\u00bb][\/et_pb_button][et_pb_video src=\u00a0\u00bbhttps:\/\/optik.roman-wagner.de\/wp-content\/uploads\/2025\/02\/opti-Fachmessebesuch-in-muenchen-2025.mp4&Prime; _builder_version=\u00a0\u00bb4.27.4&Prime; _module_preset=\u00a0\u00bbdefault\u00a0\u00bb title_text=\u00a0\u00bbScreenshot\u00a0\u00bb image_src=\u00a0\u00bbhttps:\/\/optik.roman-wagner.de\/wp-content\/uploads\/2025\/02\/opti-2025-whatsapp.jpg\u00a0\u00bb hover_enabled=\u00a0\u00bb0&Prime; sticky_enabled=\u00a0\u00bb0&Prime;][\/et_pb_video][\/et_pb_column][et_pb_column type=\u00a0\u00bb1_2&Prime; _builder_version=\u00a0\u00bb4.16&Prime; global_colors_info=\u00a0\u00bb{}\u00a0\u00bb][dsm_masonry_gallery gallery_ids=\u00a0\u00bb7742,7743,7744,7745,7746,7747,7748,7749&Prime; lazyload=\u00a0\u00bbon\u00a0\u00bb use_lightbox=\u00a0\u00bbon\u00a0\u00bb _builder_version=\u00a0\u00bb4.27.4&Prime; _module_preset=\u00a0\u00bbdefault\u00a0\u00bb custom_padding=\u00a0\u00bb||52px|||\u00a0\u00bb global_colors_info=\u00a0\u00bb{}\u00a0\u00bb][\/dsm_masonry_gallery][\/et_pb_column][\/et_pb_row][et_pb_row _builder_version=\u00a0\u00bb4.27.4&Prime; _module_preset=\u00a0\u00bbdefault\u00a0\u00bb global_colors_info=\u00a0\u00bb{}\u00a0\u00bb][et_pb_column type=\u00a0\u00bb4_4&Prime; _builder_version=\u00a0\u00bb4.27.4&Prime; _module_preset=\u00a0\u00bbdefault\u00a0\u00bb global_colors_info=\u00a0\u00bb{}\u00a0\u00bb][et_pb_text _builder_version=\u00a0\u00bb4.27.4&Prime; _module_preset=\u00a0\u00bbdefault\u00a0\u00bb global_colors_info=\u00a0\u00bb{}\u00a0\u00bb][\/et_pb_text][\/et_pb_column][\/et_pb_row][\/et_pb_section]\n","protected":false},"excerpt":{"rendered":"<p>Outre la mode actuelle des lunettes, notre attention s&rsquo;est port\u00e9e sur les techniques de mesure et de d\u00e9pistage innovantes pour la d\u00e9tection pr\u00e9coce des maladies oculaires et la pr\u00e9vention de la myopie chez les enfants.<\/p>\n<p>D\u00e9couvrez d\u00e8s maintenant les tendances actuelles de la mode internationale des lunettes et les th\u00e8mes prioritaires 2025 chez Roman Wagner. <\/p>\n","protected":false},"author":1,"featured_media":7742,"comment_status":"closed","ping_status":"open","sticky":false,"template":"","format":"standard","meta":{"_et_pb_use_builder":"on","_et_pb_old_content":"","_et_gb_content_width":"","iawp_total_views":0,"footnotes":""},"categories":[140,250],"tags":[],"class_list":["post-7741","post","type-post","status-publish","format-standard","has-post-thumbnail","hentry","category-non-classe","category-salons"],"yoast_head":"<!-- This site is optimized with the Yoast SEO plugin v27.4 - https:\/\/yoast.com\/product\/yoast-seo-wordpress\/ -->\n<title>opti 2025 \u2013 le salon international de l&#039;optique et du design \u00e0 Munich \u2013 un \u00e9v\u00e9nement phare en d\u00e9but d&#039;ann\u00e9e - Roman Wagner<\/title>\n<meta name=\"robots\" content=\"index, follow, max-snippet:-1, max-image-preview:large, max-video-preview:-1\" \/>\n<link rel=\"canonical\" href=\"https:\/\/optik.roman-wagner.de\/fr\/2025\/02\/opti-2025-le-salon-international-de-loptique-et-du-design-a-munich-un-evenement-phare-en-debut-dannee\/\" \/>\n<meta property=\"og:locale\" content=\"fr_FR\" \/>\n<meta property=\"og:type\" content=\"article\" \/>\n<meta property=\"og:title\" content=\"opti 2025 \u2013 le salon international de l&#039;optique et du design \u00e0 Munich \u2013 un \u00e9v\u00e9nement phare en d\u00e9but d&#039;ann\u00e9e - Roman Wagner\" \/>\n<meta property=\"og:description\" content=\"Outre la mode actuelle des lunettes, notre attention s&#039;est port\u00e9e sur les techniques de mesure et de d\u00e9pistage innovantes pour la d\u00e9tection pr\u00e9coce des maladies oculaires et la pr\u00e9vention de la myopie chez les enfants. D\u00e9couvrez d\u00e8s maintenant les tendances actuelles de la mode internationale des lunettes et les th\u00e8mes prioritaires 2025 chez Roman Wagner.\" \/>\n<meta property=\"og:url\" content=\"https:\/\/optik.roman-wagner.de\/fr\/2025\/02\/opti-2025-le-salon-international-de-loptique-et-du-design-a-munich-un-evenement-phare-en-debut-dannee\/\" \/>\n<meta property=\"og:site_name\" content=\"Roman Wagner\" \/>\n<meta property=\"article:publisher\" content=\"https:\/\/www.facebook.com\/romanwagner.optiker\" \/>\n<meta property=\"article:published_time\" content=\"2025-02-04T16:59:34+00:00\" \/>\n<meta property=\"article:modified_time\" content=\"2026-04-30T13:34:39+00:00\" \/>\n<meta property=\"og:image\" content=\"https:\/\/optik.roman-wagner.de\/wp-content\/uploads\/2025\/02\/20250201_Muenchen8.jpg\" \/>\n\t<meta property=\"og:image:width\" content=\"540\" \/>\n\t<meta property=\"og:image:height\" content=\"1200\" \/>\n\t<meta property=\"og:image:type\" content=\"image\/jpeg\" \/>\n<meta name=\"author\" content=\"RomanWagner\" \/>\n<meta name=\"twitter:card\" content=\"summary_large_image\" \/>\n<meta name=\"twitter:label1\" content=\"\u00c9crit par\" \/>\n\t<meta name=\"twitter:data1\" content=\"RomanWagner\" \/>\n\t<meta name=\"twitter:label2\" content=\"Dur\u00e9e de lecture estim\u00e9e\" \/>\n\t<meta name=\"twitter:data2\" content=\"2 minutes\" \/>\n<script type=\"application\/ld+json\" class=\"yoast-schema-graph\">{\"@context\":\"https:\\\/\\\/schema.org\",\"@graph\":[{\"@type\":\"Article\",\"@id\":\"https:\\\/\\\/optik.roman-wagner.de\\\/fr\\\/2025\\\/02\\\/opti-2025-le-salon-international-de-loptique-et-du-design-a-munich-un-evenement-phare-en-debut-dannee\\\/#article\",\"isPartOf\":{\"@id\":\"https:\\\/\\\/optik.roman-wagner.de\\\/fr\\\/2025\\\/02\\\/opti-2025-le-salon-international-de-loptique-et-du-design-a-munich-un-evenement-phare-en-debut-dannee\\\/\"},\"author\":{\"name\":\"RomanWagner\",\"@id\":\"https:\\\/\\\/optik.roman-wagner.de\\\/fr\\\/#\\\/schema\\\/person\\\/4a52051c9505d1f3da58c234985c6c2f\"},\"headline\":\"opti 2025 \u2013 le salon international de l&rsquo;optique et du design \u00e0 Munich \u2013 un \u00e9v\u00e9nement phare en d\u00e9but d&rsquo;ann\u00e9e\",\"datePublished\":\"2025-02-04T16:59:34+00:00\",\"dateModified\":\"2026-04-30T13:34:39+00:00\",\"mainEntityOfPage\":{\"@id\":\"https:\\\/\\\/optik.roman-wagner.de\\\/fr\\\/2025\\\/02\\\/opti-2025-le-salon-international-de-loptique-et-du-design-a-munich-un-evenement-phare-en-debut-dannee\\\/\"},\"wordCount\":475,\"publisher\":{\"@id\":\"https:\\\/\\\/optik.roman-wagner.de\\\/fr\\\/#organization\"},\"image\":{\"@id\":\"https:\\\/\\\/optik.roman-wagner.de\\\/fr\\\/2025\\\/02\\\/opti-2025-le-salon-international-de-loptique-et-du-design-a-munich-un-evenement-phare-en-debut-dannee\\\/#primaryimage\"},\"thumbnailUrl\":\"https:\\\/\\\/optik.roman-wagner.de\\\/wp-content\\\/uploads\\\/2025\\\/02\\\/20250201_Muenchen8.jpg\",\"articleSection\":{\"1\":\"Salons\"},\"inLanguage\":\"fr-FR\"},{\"@type\":\"WebPage\",\"@id\":\"https:\\\/\\\/optik.roman-wagner.de\\\/fr\\\/2025\\\/02\\\/opti-2025-le-salon-international-de-loptique-et-du-design-a-munich-un-evenement-phare-en-debut-dannee\\\/\",\"url\":\"https:\\\/\\\/optik.roman-wagner.de\\\/fr\\\/2025\\\/02\\\/opti-2025-le-salon-international-de-loptique-et-du-design-a-munich-un-evenement-phare-en-debut-dannee\\\/\",\"name\":\"opti 2025 \u2013 le salon international de l'optique et du design \u00e0 Munich \u2013 un \u00e9v\u00e9nement phare en d\u00e9but d'ann\u00e9e - Roman Wagner\",\"isPartOf\":{\"@id\":\"https:\\\/\\\/optik.roman-wagner.de\\\/fr\\\/#website\"},\"primaryImageOfPage\":{\"@id\":\"https:\\\/\\\/optik.roman-wagner.de\\\/fr\\\/2025\\\/02\\\/opti-2025-le-salon-international-de-loptique-et-du-design-a-munich-un-evenement-phare-en-debut-dannee\\\/#primaryimage\"},\"image\":{\"@id\":\"https:\\\/\\\/optik.roman-wagner.de\\\/fr\\\/2025\\\/02\\\/opti-2025-le-salon-international-de-loptique-et-du-design-a-munich-un-evenement-phare-en-debut-dannee\\\/#primaryimage\"},\"thumbnailUrl\":\"https:\\\/\\\/optik.roman-wagner.de\\\/wp-content\\\/uploads\\\/2025\\\/02\\\/20250201_Muenchen8.jpg\",\"datePublished\":\"2025-02-04T16:59:34+00:00\",\"dateModified\":\"2026-04-30T13:34:39+00:00\",\"breadcrumb\":{\"@id\":\"https:\\\/\\\/optik.roman-wagner.de\\\/fr\\\/2025\\\/02\\\/opti-2025-le-salon-international-de-loptique-et-du-design-a-munich-un-evenement-phare-en-debut-dannee\\\/#breadcrumb\"},\"inLanguage\":\"fr-FR\",\"potentialAction\":[{\"@type\":\"ReadAction\",\"target\":[\"https:\\\/\\\/optik.roman-wagner.de\\\/fr\\\/2025\\\/02\\\/opti-2025-le-salon-international-de-loptique-et-du-design-a-munich-un-evenement-phare-en-debut-dannee\\\/\"]}]},{\"@type\":\"ImageObject\",\"inLanguage\":\"fr-FR\",\"@id\":\"https:\\\/\\\/optik.roman-wagner.de\\\/fr\\\/2025\\\/02\\\/opti-2025-le-salon-international-de-loptique-et-du-design-a-munich-un-evenement-phare-en-debut-dannee\\\/#primaryimage\",\"url\":\"https:\\\/\\\/optik.roman-wagner.de\\\/wp-content\\\/uploads\\\/2025\\\/02\\\/20250201_Muenchen8.jpg\",\"contentUrl\":\"https:\\\/\\\/optik.roman-wagner.de\\\/wp-content\\\/uploads\\\/2025\\\/02\\\/20250201_Muenchen8.jpg\",\"width\":540,\"height\":1200},{\"@type\":\"BreadcrumbList\",\"@id\":\"https:\\\/\\\/optik.roman-wagner.de\\\/fr\\\/2025\\\/02\\\/opti-2025-le-salon-international-de-loptique-et-du-design-a-munich-un-evenement-phare-en-debut-dannee\\\/#breadcrumb\",\"itemListElement\":[{\"@type\":\"ListItem\",\"position\":1,\"name\":\"Startseite\",\"item\":\"https:\\\/\\\/optik.roman-wagner.de\\\/fr\\\/centres-pour-une-bonne-vision\\\/\"},{\"@type\":\"ListItem\",\"position\":2,\"name\":\"opti 2025 \u2013 le salon international de l&rsquo;optique et du design \u00e0 Munich \u2013 un \u00e9v\u00e9nement phare en d\u00e9but d&rsquo;ann\u00e9e\"}]},{\"@type\":\"WebSite\",\"@id\":\"https:\\\/\\\/optik.roman-wagner.de\\\/fr\\\/#website\",\"url\":\"https:\\\/\\\/optik.roman-wagner.de\\\/fr\\\/\",\"name\":\"Der Augenoptiker Roman Wagner\",\"description\":\"Zentren f\u00fcr gutes Sehen\",\"publisher\":{\"@id\":\"https:\\\/\\\/optik.roman-wagner.de\\\/fr\\\/#organization\"},\"potentialAction\":[{\"@type\":\"SearchAction\",\"target\":{\"@type\":\"EntryPoint\",\"urlTemplate\":\"https:\\\/\\\/optik.roman-wagner.de\\\/fr\\\/?s={search_term_string}\"},\"query-input\":{\"@type\":\"PropertyValueSpecification\",\"valueRequired\":true,\"valueName\":\"search_term_string\"}}],\"inLanguage\":\"fr-FR\"},{\"@type\":\"Organization\",\"@id\":\"https:\\\/\\\/optik.roman-wagner.de\\\/fr\\\/#organization\",\"name\":\"Der Augenoptiker Roman Wagner\",\"url\":\"https:\\\/\\\/optik.roman-wagner.de\\\/fr\\\/\",\"logo\":{\"@type\":\"ImageObject\",\"inLanguage\":\"fr-FR\",\"@id\":\"https:\\\/\\\/optik.roman-wagner.de\\\/fr\\\/#\\\/schema\\\/logo\\\/image\\\/\",\"url\":\"https:\\\/\\\/optik.roman-wagner.de\\\/wp-content\\\/uploads\\\/2019\\\/11\\\/Logo-RW-quadrat.jpg\",\"contentUrl\":\"https:\\\/\\\/optik.roman-wagner.de\\\/wp-content\\\/uploads\\\/2019\\\/11\\\/Logo-RW-quadrat.jpg\",\"width\":488,\"height\":479,\"caption\":\"Der Augenoptiker Roman Wagner\"},\"image\":{\"@id\":\"https:\\\/\\\/optik.roman-wagner.de\\\/fr\\\/#\\\/schema\\\/logo\\\/image\\\/\"},\"sameAs\":[\"https:\\\/\\\/www.facebook.com\\\/romanwagner.optiker\",\"https:\\\/\\\/www.instagram.com\\\/romanwagner.optiker\\\/\",\"https:\\\/\\\/www.youtube.com\\\/channel\\\/UCIHnCII9jl34mZG08gXgG6A\"]},{\"@type\":\"Person\",\"@id\":\"https:\\\/\\\/optik.roman-wagner.de\\\/fr\\\/#\\\/schema\\\/person\\\/4a52051c9505d1f3da58c234985c6c2f\",\"name\":\"RomanWagner\",\"image\":{\"@type\":\"ImageObject\",\"inLanguage\":\"fr-FR\",\"@id\":\"https:\\\/\\\/secure.gravatar.com\\\/avatar\\\/e6c57eb4a35b8245e2d2f86a3e023a8642987475df645a50407f34b4addef3fb?s=96&d=mm&r=g\",\"url\":\"https:\\\/\\\/secure.gravatar.com\\\/avatar\\\/e6c57eb4a35b8245e2d2f86a3e023a8642987475df645a50407f34b4addef3fb?s=96&d=mm&r=g\",\"contentUrl\":\"https:\\\/\\\/secure.gravatar.com\\\/avatar\\\/e6c57eb4a35b8245e2d2f86a3e023a8642987475df645a50407f34b4addef3fb?s=96&d=mm&r=g\",\"caption\":\"RomanWagner\"},\"url\":\"https:\\\/\\\/optik.roman-wagner.de\\\/fr\\\/author\\\/romanwagner\\\/\"}]}<\/script>\n<!-- \/ Yoast SEO plugin. -->","yoast_head_json":{"title":"opti 2025 \u2013 le salon international de l'optique et du design \u00e0 Munich \u2013 un \u00e9v\u00e9nement phare en d\u00e9but d'ann\u00e9e - Roman Wagner","robots":{"index":"index","follow":"follow","max-snippet":"max-snippet:-1","max-image-preview":"max-image-preview:large","max-video-preview":"max-video-preview:-1"},"canonical":"https:\/\/optik.roman-wagner.de\/fr\/2025\/02\/opti-2025-le-salon-international-de-loptique-et-du-design-a-munich-un-evenement-phare-en-debut-dannee\/","og_locale":"fr_FR","og_type":"article","og_title":"opti 2025 \u2013 le salon international de l'optique et du design \u00e0 Munich \u2013 un \u00e9v\u00e9nement phare en d\u00e9but d'ann\u00e9e - Roman Wagner","og_description":"Outre la mode actuelle des lunettes, notre attention s'est port\u00e9e sur les techniques de mesure et de d\u00e9pistage innovantes pour la d\u00e9tection pr\u00e9coce des maladies oculaires et la pr\u00e9vention de la myopie chez les enfants. D\u00e9couvrez d\u00e8s maintenant les tendances actuelles de la mode internationale des lunettes et les th\u00e8mes prioritaires 2025 chez Roman Wagner.","og_url":"https:\/\/optik.roman-wagner.de\/fr\/2025\/02\/opti-2025-le-salon-international-de-loptique-et-du-design-a-munich-un-evenement-phare-en-debut-dannee\/","og_site_name":"Roman Wagner","article_publisher":"https:\/\/www.facebook.com\/romanwagner.optiker","article_published_time":"2025-02-04T16:59:34+00:00","article_modified_time":"2026-04-30T13:34:39+00:00","og_image":[{"width":540,"height":1200,"url":"https:\/\/optik.roman-wagner.de\/wp-content\/uploads\/2025\/02\/20250201_Muenchen8.jpg","type":"image\/jpeg"}],"author":"RomanWagner","twitter_card":"summary_large_image","twitter_misc":{"\u00c9crit par":"RomanWagner","Dur\u00e9e de lecture estim\u00e9e":"2 minutes"},"schema":{"@context":"https:\/\/schema.org","@graph":[{"@type":"Article","@id":"https:\/\/optik.roman-wagner.de\/fr\/2025\/02\/opti-2025-le-salon-international-de-loptique-et-du-design-a-munich-un-evenement-phare-en-debut-dannee\/#article","isPartOf":{"@id":"https:\/\/optik.roman-wagner.de\/fr\/2025\/02\/opti-2025-le-salon-international-de-loptique-et-du-design-a-munich-un-evenement-phare-en-debut-dannee\/"},"author":{"name":"RomanWagner","@id":"https:\/\/optik.roman-wagner.de\/fr\/#\/schema\/person\/4a52051c9505d1f3da58c234985c6c2f"},"headline":"opti 2025 \u2013 le salon international de l&rsquo;optique et du design \u00e0 Munich \u2013 un \u00e9v\u00e9nement phare en d\u00e9but d&rsquo;ann\u00e9e","datePublished":"2025-02-04T16:59:34+00:00","dateModified":"2026-04-30T13:34:39+00:00","mainEntityOfPage":{"@id":"https:\/\/optik.roman-wagner.de\/fr\/2025\/02\/opti-2025-le-salon-international-de-loptique-et-du-design-a-munich-un-evenement-phare-en-debut-dannee\/"},"wordCount":475,"publisher":{"@id":"https:\/\/optik.roman-wagner.de\/fr\/#organization"},"image":{"@id":"https:\/\/optik.roman-wagner.de\/fr\/2025\/02\/opti-2025-le-salon-international-de-loptique-et-du-design-a-munich-un-evenement-phare-en-debut-dannee\/#primaryimage"},"thumbnailUrl":"https:\/\/optik.roman-wagner.de\/wp-content\/uploads\/2025\/02\/20250201_Muenchen8.jpg","articleSection":{"1":"Salons"},"inLanguage":"fr-FR"},{"@type":"WebPage","@id":"https:\/\/optik.roman-wagner.de\/fr\/2025\/02\/opti-2025-le-salon-international-de-loptique-et-du-design-a-munich-un-evenement-phare-en-debut-dannee\/","url":"https:\/\/optik.roman-wagner.de\/fr\/2025\/02\/opti-2025-le-salon-international-de-loptique-et-du-design-a-munich-un-evenement-phare-en-debut-dannee\/","name":"opti 2025 \u2013 le salon international de l'optique et du design \u00e0 Munich \u2013 un \u00e9v\u00e9nement phare en d\u00e9but d'ann\u00e9e - Roman Wagner","isPartOf":{"@id":"https:\/\/optik.roman-wagner.de\/fr\/#website"},"primaryImageOfPage":{"@id":"https:\/\/optik.roman-wagner.de\/fr\/2025\/02\/opti-2025-le-salon-international-de-loptique-et-du-design-a-munich-un-evenement-phare-en-debut-dannee\/#primaryimage"},"image":{"@id":"https:\/\/optik.roman-wagner.de\/fr\/2025\/02\/opti-2025-le-salon-international-de-loptique-et-du-design-a-munich-un-evenement-phare-en-debut-dannee\/#primaryimage"},"thumbnailUrl":"https:\/\/optik.roman-wagner.de\/wp-content\/uploads\/2025\/02\/20250201_Muenchen8.jpg","datePublished":"2025-02-04T16:59:34+00:00","dateModified":"2026-04-30T13:34:39+00:00","breadcrumb":{"@id":"https:\/\/optik.roman-wagner.de\/fr\/2025\/02\/opti-2025-le-salon-international-de-loptique-et-du-design-a-munich-un-evenement-phare-en-debut-dannee\/#breadcrumb"},"inLanguage":"fr-FR","potentialAction":[{"@type":"ReadAction","target":["https:\/\/optik.roman-wagner.de\/fr\/2025\/02\/opti-2025-le-salon-international-de-loptique-et-du-design-a-munich-un-evenement-phare-en-debut-dannee\/"]}]},{"@type":"ImageObject","inLanguage":"fr-FR","@id":"https:\/\/optik.roman-wagner.de\/fr\/2025\/02\/opti-2025-le-salon-international-de-loptique-et-du-design-a-munich-un-evenement-phare-en-debut-dannee\/#primaryimage","url":"https:\/\/optik.roman-wagner.de\/wp-content\/uploads\/2025\/02\/20250201_Muenchen8.jpg","contentUrl":"https:\/\/optik.roman-wagner.de\/wp-content\/uploads\/2025\/02\/20250201_Muenchen8.jpg","width":540,"height":1200},{"@type":"BreadcrumbList","@id":"https:\/\/optik.roman-wagner.de\/fr\/2025\/02\/opti-2025-le-salon-international-de-loptique-et-du-design-a-munich-un-evenement-phare-en-debut-dannee\/#breadcrumb","itemListElement":[{"@type":"ListItem","position":1,"name":"Startseite","item":"https:\/\/optik.roman-wagner.de\/fr\/centres-pour-une-bonne-vision\/"},{"@type":"ListItem","position":2,"name":"opti 2025 \u2013 le salon international de l&rsquo;optique et du design \u00e0 Munich \u2013 un \u00e9v\u00e9nement phare en d\u00e9but d&rsquo;ann\u00e9e"}]},{"@type":"WebSite","@id":"https:\/\/optik.roman-wagner.de\/fr\/#website","url":"https:\/\/optik.roman-wagner.de\/fr\/","name":"Der Augenoptiker Roman Wagner","description":"Zentren f\u00fcr gutes Sehen","publisher":{"@id":"https:\/\/optik.roman-wagner.de\/fr\/#organization"},"potentialAction":[{"@type":"SearchAction","target":{"@type":"EntryPoint","urlTemplate":"https:\/\/optik.roman-wagner.de\/fr\/?s={search_term_string}"},"query-input":{"@type":"PropertyValueSpecification","valueRequired":true,"valueName":"search_term_string"}}],"inLanguage":"fr-FR"},{"@type":"Organization","@id":"https:\/\/optik.roman-wagner.de\/fr\/#organization","name":"Der Augenoptiker Roman Wagner","url":"https:\/\/optik.roman-wagner.de\/fr\/","logo":{"@type":"ImageObject","inLanguage":"fr-FR","@id":"https:\/\/optik.roman-wagner.de\/fr\/#\/schema\/logo\/image\/","url":"https:\/\/optik.roman-wagner.de\/wp-content\/uploads\/2019\/11\/Logo-RW-quadrat.jpg","contentUrl":"https:\/\/optik.roman-wagner.de\/wp-content\/uploads\/2019\/11\/Logo-RW-quadrat.jpg","width":488,"height":479,"caption":"Der Augenoptiker Roman Wagner"},"image":{"@id":"https:\/\/optik.roman-wagner.de\/fr\/#\/schema\/logo\/image\/"},"sameAs":["https:\/\/www.facebook.com\/romanwagner.optiker","https:\/\/www.instagram.com\/romanwagner.optiker\/","https:\/\/www.youtube.com\/channel\/UCIHnCII9jl34mZG08gXgG6A"]},{"@type":"Person","@id":"https:\/\/optik.roman-wagner.de\/fr\/#\/schema\/person\/4a52051c9505d1f3da58c234985c6c2f","name":"RomanWagner","image":{"@type":"ImageObject","inLanguage":"fr-FR","@id":"https:\/\/secure.gravatar.com\/avatar\/e6c57eb4a35b8245e2d2f86a3e023a8642987475df645a50407f34b4addef3fb?s=96&d=mm&r=g","url":"https:\/\/secure.gravatar.com\/avatar\/e6c57eb4a35b8245e2d2f86a3e023a8642987475df645a50407f34b4addef3fb?s=96&d=mm&r=g","contentUrl":"https:\/\/secure.gravatar.com\/avatar\/e6c57eb4a35b8245e2d2f86a3e023a8642987475df645a50407f34b4addef3fb?s=96&d=mm&r=g","caption":"RomanWagner"},"url":"https:\/\/optik.roman-wagner.de\/fr\/author\/romanwagner\/"}]}},"_links":{"self":[{"href":"https:\/\/optik.roman-wagner.de\/fr\/wp-json\/wp\/v2\/posts\/7741","targetHints":{"allow":["GET"]}}],"collection":[{"href":"https:\/\/optik.roman-wagner.de\/fr\/wp-json\/wp\/v2\/posts"}],"about":[{"href":"https:\/\/optik.roman-wagner.de\/fr\/wp-json\/wp\/v2\/types\/post"}],"author":[{"embeddable":true,"href":"https:\/\/optik.roman-wagner.de\/fr\/wp-json\/wp\/v2\/users\/1"}],"replies":[{"embeddable":true,"href":"https:\/\/optik.roman-wagner.de\/fr\/wp-json\/wp\/v2\/comments?post=7741"}],"version-history":[{"count":2,"href":"https:\/\/optik.roman-wagner.de\/fr\/wp-json\/wp\/v2\/posts\/7741\/revisions"}],"predecessor-version":[{"id":7774,"href":"https:\/\/optik.roman-wagner.de\/fr\/wp-json\/wp\/v2\/posts\/7741\/revisions\/7774"}],"wp:featuredmedia":[{"embeddable":true,"href":"https:\/\/optik.roman-wagner.de\/fr\/wp-json\/wp\/v2\/media\/7742"}],"wp:attachment":[{"href":"https:\/\/optik.roman-wagner.de\/fr\/wp-json\/wp\/v2\/media?parent=7741"}],"wp:term":[{"taxonomy":"category","embeddable":true,"href":"https:\/\/optik.roman-wagner.de\/fr\/wp-json\/wp\/v2\/categories?post=7741"},{"taxonomy":"post_tag","embeddable":true,"href":"https:\/\/optik.roman-wagner.de\/fr\/wp-json\/wp\/v2\/tags?post=7741"}],"curies":[{"name":"wp","href":"https:\/\/api.w.org\/{rel}","templated":true}]}}