{"id":7689,"date":"2025-02-13T11:32:19","date_gmt":"2025-02-13T10:32:19","guid":{"rendered":"https:\/\/optik.roman-wagner.de\/2025\/02\/innovations-tendances-le-mido-2025-a-milan\/"},"modified":"2025-02-13T11:32:19","modified_gmt":"2025-02-13T10:32:19","slug":"innovations-tendances-le-mido-2025-a-milan","status":"publish","type":"post","link":"https:\/\/optik.roman-wagner.de\/fr\/2025\/02\/innovations-tendances-le-mido-2025-a-milan\/","title":{"rendered":"Innovations &amp; tendances \u2013 le MIDO 2025 \u00e0 Milan"},"content":{"rendered":"","protected":false},"excerpt":{"rendered":"<p>Le MIDO \u00e0 Milan est le plus grand salon professionnel d\u2019optique au monde ! Chaque ann\u00e9e, l\u2019univers de la mode des lunettes s\u2019y retrouve pour pr\u00e9senter les derni\u00e8res tendances et innovations en mati\u00e8re de design. <\/p>\n<p>Nous avons obtenu un aper\u00e7u exclusif de l\u2019avenir de la mode internationale des lunettes et d\u00e9couvert de nouveaux temps forts passionnants. Cette ann\u00e9e, les couleurs vives et les designs audacieux sont \u00e0 l\u2019honneur. Osez l\u2019individualit\u00e9 : les couleurs flashy et les lunettes statement sont tendance.  <\/p>\n","protected":false},"author":1,"featured_media":7691,"comment_status":"closed","ping_status":"open","sticky":false,"template":"","format":"standard","meta":{"_et_pb_use_builder":"on","_et_pb_old_content":"","_et_gb_content_width":"","iawp_total_views":0,"footnotes":""},"categories":[140,250],"tags":[],"class_list":["post-7689","post","type-post","status-publish","format-standard","has-post-thumbnail","hentry","category-non-classe","category-salons"],"yoast_head":"<!-- This site is optimized with the Yoast SEO plugin v27.4 - https:\/\/yoast.com\/product\/yoast-seo-wordpress\/ -->\n<title>Innovations &amp; tendances \u2013 le MIDO 2025 \u00e0 Milan - Roman Wagner<\/title>\n<meta name=\"robots\" content=\"index, follow, max-snippet:-1, max-image-preview:large, max-video-preview:-1\" \/>\n<link rel=\"canonical\" href=\"https:\/\/optik.roman-wagner.de\/fr\/2025\/02\/innovations-tendances-le-mido-2025-a-milan\/\" \/>\n<meta property=\"og:locale\" content=\"fr_FR\" \/>\n<meta property=\"og:type\" content=\"article\" \/>\n<meta property=\"og:title\" content=\"Innovations &amp; tendances \u2013 le MIDO 2025 \u00e0 Milan - Roman Wagner\" \/>\n<meta property=\"og:description\" content=\"Le MIDO \u00e0 Milan est le plus grand salon professionnel d\u2019optique au monde ! Chaque ann\u00e9e, l\u2019univers de la mode des lunettes s\u2019y retrouve pour pr\u00e9senter les derni\u00e8res tendances et innovations en mati\u00e8re de design.  Nous avons obtenu un aper\u00e7u exclusif de l\u2019avenir de la mode internationale des lunettes et d\u00e9couvert de nouveaux temps forts passionnants. Cette ann\u00e9e, les couleurs vives et les designs audacieux sont \u00e0 l\u2019honneur. Osez l\u2019individualit\u00e9 : les couleurs flashy et les lunettes statement sont tendance.\" \/>\n<meta property=\"og:url\" content=\"https:\/\/optik.roman-wagner.de\/fr\/2025\/02\/innovations-tendances-le-mido-2025-a-milan\/\" \/>\n<meta property=\"og:site_name\" content=\"Roman Wagner\" \/>\n<meta property=\"article:publisher\" content=\"https:\/\/www.facebook.com\/romanwagner.optiker\" \/>\n<meta property=\"article:published_time\" content=\"2025-02-13T10:32:19+00:00\" \/>\n<meta property=\"og:image\" content=\"https:\/\/optik.roman-wagner.de\/wp-content\/uploads\/2025\/02\/Mido-Mailand-news-2025.jpg\" \/>\n\t<meta property=\"og:image:width\" content=\"850\" \/>\n\t<meta property=\"og:image:height\" content=\"689\" \/>\n\t<meta property=\"og:image:type\" content=\"image\/jpeg\" \/>\n<meta name=\"author\" content=\"RomanWagner\" \/>\n<meta name=\"twitter:card\" content=\"summary_large_image\" \/>\n<meta name=\"twitter:label1\" content=\"\u00c9crit par\" \/>\n\t<meta name=\"twitter:data1\" content=\"RomanWagner\" \/>\n<script type=\"application\/ld+json\" class=\"yoast-schema-graph\">{\"@context\":\"https:\\\/\\\/schema.org\",\"@graph\":[{\"@type\":\"Article\",\"@id\":\"https:\\\/\\\/optik.roman-wagner.de\\\/fr\\\/2025\\\/02\\\/innovations-tendances-le-mido-2025-a-milan\\\/#article\",\"isPartOf\":{\"@id\":\"https:\\\/\\\/optik.roman-wagner.de\\\/fr\\\/2025\\\/02\\\/innovations-tendances-le-mido-2025-a-milan\\\/\"},\"author\":{\"name\":\"RomanWagner\",\"@id\":\"https:\\\/\\\/optik.roman-wagner.de\\\/fr\\\/#\\\/schema\\\/person\\\/4a52051c9505d1f3da58c234985c6c2f\"},\"headline\":\"Innovations &amp; tendances \u2013 le MIDO 2025 \u00e0 Milan\",\"datePublished\":\"2025-02-13T10:32:19+00:00\",\"mainEntityOfPage\":{\"@id\":\"https:\\\/\\\/optik.roman-wagner.de\\\/fr\\\/2025\\\/02\\\/innovations-tendances-le-mido-2025-a-milan\\\/\"},\"wordCount\":6,\"publisher\":{\"@id\":\"https:\\\/\\\/optik.roman-wagner.de\\\/fr\\\/#organization\"},\"image\":{\"@id\":\"https:\\\/\\\/optik.roman-wagner.de\\\/fr\\\/2025\\\/02\\\/innovations-tendances-le-mido-2025-a-milan\\\/#primaryimage\"},\"thumbnailUrl\":\"https:\\\/\\\/optik.roman-wagner.de\\\/wp-content\\\/uploads\\\/2025\\\/02\\\/Mido-Mailand-news-2025.jpg\",\"articleSection\":{\"1\":\"Salons\"},\"inLanguage\":\"fr-FR\"},{\"@type\":\"WebPage\",\"@id\":\"https:\\\/\\\/optik.roman-wagner.de\\\/fr\\\/2025\\\/02\\\/innovations-tendances-le-mido-2025-a-milan\\\/\",\"url\":\"https:\\\/\\\/optik.roman-wagner.de\\\/fr\\\/2025\\\/02\\\/innovations-tendances-le-mido-2025-a-milan\\\/\",\"name\":\"Innovations &amp; tendances \u2013 le MIDO 2025 \u00e0 Milan - Roman Wagner\",\"isPartOf\":{\"@id\":\"https:\\\/\\\/optik.roman-wagner.de\\\/fr\\\/#website\"},\"primaryImageOfPage\":{\"@id\":\"https:\\\/\\\/optik.roman-wagner.de\\\/fr\\\/2025\\\/02\\\/innovations-tendances-le-mido-2025-a-milan\\\/#primaryimage\"},\"image\":{\"@id\":\"https:\\\/\\\/optik.roman-wagner.de\\\/fr\\\/2025\\\/02\\\/innovations-tendances-le-mido-2025-a-milan\\\/#primaryimage\"},\"thumbnailUrl\":\"https:\\\/\\\/optik.roman-wagner.de\\\/wp-content\\\/uploads\\\/2025\\\/02\\\/Mido-Mailand-news-2025.jpg\",\"datePublished\":\"2025-02-13T10:32:19+00:00\",\"breadcrumb\":{\"@id\":\"https:\\\/\\\/optik.roman-wagner.de\\\/fr\\\/2025\\\/02\\\/innovations-tendances-le-mido-2025-a-milan\\\/#breadcrumb\"},\"inLanguage\":\"fr-FR\",\"potentialAction\":[{\"@type\":\"ReadAction\",\"target\":[\"https:\\\/\\\/optik.roman-wagner.de\\\/fr\\\/2025\\\/02\\\/innovations-tendances-le-mido-2025-a-milan\\\/\"]}]},{\"@type\":\"ImageObject\",\"inLanguage\":\"fr-FR\",\"@id\":\"https:\\\/\\\/optik.roman-wagner.de\\\/fr\\\/2025\\\/02\\\/innovations-tendances-le-mido-2025-a-milan\\\/#primaryimage\",\"url\":\"https:\\\/\\\/optik.roman-wagner.de\\\/wp-content\\\/uploads\\\/2025\\\/02\\\/Mido-Mailand-news-2025.jpg\",\"contentUrl\":\"https:\\\/\\\/optik.roman-wagner.de\\\/wp-content\\\/uploads\\\/2025\\\/02\\\/Mido-Mailand-news-2025.jpg\",\"width\":850,\"height\":689,\"caption\":\"Capture d\u2019\u00e9cran\"},{\"@type\":\"BreadcrumbList\",\"@id\":\"https:\\\/\\\/optik.roman-wagner.de\\\/fr\\\/2025\\\/02\\\/innovations-tendances-le-mido-2025-a-milan\\\/#breadcrumb\",\"itemListElement\":[{\"@type\":\"ListItem\",\"position\":1,\"name\":\"Startseite\",\"item\":\"https:\\\/\\\/optik.roman-wagner.de\\\/fr\\\/centres-pour-une-bonne-vision\\\/\"},{\"@type\":\"ListItem\",\"position\":2,\"name\":\"Innovations &amp; tendances \u2013 le MIDO 2025 \u00e0 Milan\"}]},{\"@type\":\"WebSite\",\"@id\":\"https:\\\/\\\/optik.roman-wagner.de\\\/fr\\\/#website\",\"url\":\"https:\\\/\\\/optik.roman-wagner.de\\\/fr\\\/\",\"name\":\"Der Augenoptiker Roman Wagner\",\"description\":\"Zentren f\u00fcr gutes Sehen\",\"publisher\":{\"@id\":\"https:\\\/\\\/optik.roman-wagner.de\\\/fr\\\/#organization\"},\"potentialAction\":[{\"@type\":\"SearchAction\",\"target\":{\"@type\":\"EntryPoint\",\"urlTemplate\":\"https:\\\/\\\/optik.roman-wagner.de\\\/fr\\\/?s={search_term_string}\"},\"query-input\":{\"@type\":\"PropertyValueSpecification\",\"valueRequired\":true,\"valueName\":\"search_term_string\"}}],\"inLanguage\":\"fr-FR\"},{\"@type\":\"Organization\",\"@id\":\"https:\\\/\\\/optik.roman-wagner.de\\\/fr\\\/#organization\",\"name\":\"Der Augenoptiker Roman Wagner\",\"url\":\"https:\\\/\\\/optik.roman-wagner.de\\\/fr\\\/\",\"logo\":{\"@type\":\"ImageObject\",\"inLanguage\":\"fr-FR\",\"@id\":\"https:\\\/\\\/optik.roman-wagner.de\\\/fr\\\/#\\\/schema\\\/logo\\\/image\\\/\",\"url\":\"https:\\\/\\\/optik.roman-wagner.de\\\/wp-content\\\/uploads\\\/2019\\\/11\\\/Logo-RW-quadrat.jpg\",\"contentUrl\":\"https:\\\/\\\/optik.roman-wagner.de\\\/wp-content\\\/uploads\\\/2019\\\/11\\\/Logo-RW-quadrat.jpg\",\"width\":488,\"height\":479,\"caption\":\"Der Augenoptiker Roman Wagner\"},\"image\":{\"@id\":\"https:\\\/\\\/optik.roman-wagner.de\\\/fr\\\/#\\\/schema\\\/logo\\\/image\\\/\"},\"sameAs\":[\"https:\\\/\\\/www.facebook.com\\\/romanwagner.optiker\",\"https:\\\/\\\/www.instagram.com\\\/romanwagner.optiker\\\/\",\"https:\\\/\\\/www.youtube.com\\\/channel\\\/UCIHnCII9jl34mZG08gXgG6A\"]},{\"@type\":\"Person\",\"@id\":\"https:\\\/\\\/optik.roman-wagner.de\\\/fr\\\/#\\\/schema\\\/person\\\/4a52051c9505d1f3da58c234985c6c2f\",\"name\":\"RomanWagner\",\"image\":{\"@type\":\"ImageObject\",\"inLanguage\":\"fr-FR\",\"@id\":\"https:\\\/\\\/secure.gravatar.com\\\/avatar\\\/e6c57eb4a35b8245e2d2f86a3e023a8642987475df645a50407f34b4addef3fb?s=96&d=mm&r=g\",\"url\":\"https:\\\/\\\/secure.gravatar.com\\\/avatar\\\/e6c57eb4a35b8245e2d2f86a3e023a8642987475df645a50407f34b4addef3fb?s=96&d=mm&r=g\",\"contentUrl\":\"https:\\\/\\\/secure.gravatar.com\\\/avatar\\\/e6c57eb4a35b8245e2d2f86a3e023a8642987475df645a50407f34b4addef3fb?s=96&d=mm&r=g\",\"caption\":\"RomanWagner\"},\"url\":\"https:\\\/\\\/optik.roman-wagner.de\\\/fr\\\/author\\\/romanwagner\\\/\"}]}<\/script>\n<!-- \/ Yoast SEO plugin. -->","yoast_head_json":{"title":"Innovations &amp; tendances \u2013 le MIDO 2025 \u00e0 Milan - Roman Wagner","robots":{"index":"index","follow":"follow","max-snippet":"max-snippet:-1","max-image-preview":"max-image-preview:large","max-video-preview":"max-video-preview:-1"},"canonical":"https:\/\/optik.roman-wagner.de\/fr\/2025\/02\/innovations-tendances-le-mido-2025-a-milan\/","og_locale":"fr_FR","og_type":"article","og_title":"Innovations &amp; tendances \u2013 le MIDO 2025 \u00e0 Milan - Roman Wagner","og_description":"Le MIDO \u00e0 Milan est le plus grand salon professionnel d\u2019optique au monde ! Chaque ann\u00e9e, l\u2019univers de la mode des lunettes s\u2019y retrouve pour pr\u00e9senter les derni\u00e8res tendances et innovations en mati\u00e8re de design.  Nous avons obtenu un aper\u00e7u exclusif de l\u2019avenir de la mode internationale des lunettes et d\u00e9couvert de nouveaux temps forts passionnants. Cette ann\u00e9e, les couleurs vives et les designs audacieux sont \u00e0 l\u2019honneur. Osez l\u2019individualit\u00e9 : les couleurs flashy et les lunettes statement sont tendance.","og_url":"https:\/\/optik.roman-wagner.de\/fr\/2025\/02\/innovations-tendances-le-mido-2025-a-milan\/","og_site_name":"Roman Wagner","article_publisher":"https:\/\/www.facebook.com\/romanwagner.optiker","article_published_time":"2025-02-13T10:32:19+00:00","og_image":[{"width":850,"height":689,"url":"https:\/\/optik.roman-wagner.de\/wp-content\/uploads\/2025\/02\/Mido-Mailand-news-2025.jpg","type":"image\/jpeg"}],"author":"RomanWagner","twitter_card":"summary_large_image","twitter_misc":{"\u00c9crit par":"RomanWagner"},"schema":{"@context":"https:\/\/schema.org","@graph":[{"@type":"Article","@id":"https:\/\/optik.roman-wagner.de\/fr\/2025\/02\/innovations-tendances-le-mido-2025-a-milan\/#article","isPartOf":{"@id":"https:\/\/optik.roman-wagner.de\/fr\/2025\/02\/innovations-tendances-le-mido-2025-a-milan\/"},"author":{"name":"RomanWagner","@id":"https:\/\/optik.roman-wagner.de\/fr\/#\/schema\/person\/4a52051c9505d1f3da58c234985c6c2f"},"headline":"Innovations &amp; tendances \u2013 le MIDO 2025 \u00e0 Milan","datePublished":"2025-02-13T10:32:19+00:00","mainEntityOfPage":{"@id":"https:\/\/optik.roman-wagner.de\/fr\/2025\/02\/innovations-tendances-le-mido-2025-a-milan\/"},"wordCount":6,"publisher":{"@id":"https:\/\/optik.roman-wagner.de\/fr\/#organization"},"image":{"@id":"https:\/\/optik.roman-wagner.de\/fr\/2025\/02\/innovations-tendances-le-mido-2025-a-milan\/#primaryimage"},"thumbnailUrl":"https:\/\/optik.roman-wagner.de\/wp-content\/uploads\/2025\/02\/Mido-Mailand-news-2025.jpg","articleSection":{"1":"Salons"},"inLanguage":"fr-FR"},{"@type":"WebPage","@id":"https:\/\/optik.roman-wagner.de\/fr\/2025\/02\/innovations-tendances-le-mido-2025-a-milan\/","url":"https:\/\/optik.roman-wagner.de\/fr\/2025\/02\/innovations-tendances-le-mido-2025-a-milan\/","name":"Innovations &amp; tendances \u2013 le MIDO 2025 \u00e0 Milan - Roman Wagner","isPartOf":{"@id":"https:\/\/optik.roman-wagner.de\/fr\/#website"},"primaryImageOfPage":{"@id":"https:\/\/optik.roman-wagner.de\/fr\/2025\/02\/innovations-tendances-le-mido-2025-a-milan\/#primaryimage"},"image":{"@id":"https:\/\/optik.roman-wagner.de\/fr\/2025\/02\/innovations-tendances-le-mido-2025-a-milan\/#primaryimage"},"thumbnailUrl":"https:\/\/optik.roman-wagner.de\/wp-content\/uploads\/2025\/02\/Mido-Mailand-news-2025.jpg","datePublished":"2025-02-13T10:32:19+00:00","breadcrumb":{"@id":"https:\/\/optik.roman-wagner.de\/fr\/2025\/02\/innovations-tendances-le-mido-2025-a-milan\/#breadcrumb"},"inLanguage":"fr-FR","potentialAction":[{"@type":"ReadAction","target":["https:\/\/optik.roman-wagner.de\/fr\/2025\/02\/innovations-tendances-le-mido-2025-a-milan\/"]}]},{"@type":"ImageObject","inLanguage":"fr-FR","@id":"https:\/\/optik.roman-wagner.de\/fr\/2025\/02\/innovations-tendances-le-mido-2025-a-milan\/#primaryimage","url":"https:\/\/optik.roman-wagner.de\/wp-content\/uploads\/2025\/02\/Mido-Mailand-news-2025.jpg","contentUrl":"https:\/\/optik.roman-wagner.de\/wp-content\/uploads\/2025\/02\/Mido-Mailand-news-2025.jpg","width":850,"height":689,"caption":"Capture d\u2019\u00e9cran"},{"@type":"BreadcrumbList","@id":"https:\/\/optik.roman-wagner.de\/fr\/2025\/02\/innovations-tendances-le-mido-2025-a-milan\/#breadcrumb","itemListElement":[{"@type":"ListItem","position":1,"name":"Startseite","item":"https:\/\/optik.roman-wagner.de\/fr\/centres-pour-une-bonne-vision\/"},{"@type":"ListItem","position":2,"name":"Innovations &amp; tendances \u2013 le MIDO 2025 \u00e0 Milan"}]},{"@type":"WebSite","@id":"https:\/\/optik.roman-wagner.de\/fr\/#website","url":"https:\/\/optik.roman-wagner.de\/fr\/","name":"Der Augenoptiker Roman Wagner","description":"Zentren f\u00fcr gutes Sehen","publisher":{"@id":"https:\/\/optik.roman-wagner.de\/fr\/#organization"},"potentialAction":[{"@type":"SearchAction","target":{"@type":"EntryPoint","urlTemplate":"https:\/\/optik.roman-wagner.de\/fr\/?s={search_term_string}"},"query-input":{"@type":"PropertyValueSpecification","valueRequired":true,"valueName":"search_term_string"}}],"inLanguage":"fr-FR"},{"@type":"Organization","@id":"https:\/\/optik.roman-wagner.de\/fr\/#organization","name":"Der Augenoptiker Roman Wagner","url":"https:\/\/optik.roman-wagner.de\/fr\/","logo":{"@type":"ImageObject","inLanguage":"fr-FR","@id":"https:\/\/optik.roman-wagner.de\/fr\/#\/schema\/logo\/image\/","url":"https:\/\/optik.roman-wagner.de\/wp-content\/uploads\/2019\/11\/Logo-RW-quadrat.jpg","contentUrl":"https:\/\/optik.roman-wagner.de\/wp-content\/uploads\/2019\/11\/Logo-RW-quadrat.jpg","width":488,"height":479,"caption":"Der Augenoptiker Roman Wagner"},"image":{"@id":"https:\/\/optik.roman-wagner.de\/fr\/#\/schema\/logo\/image\/"},"sameAs":["https:\/\/www.facebook.com\/romanwagner.optiker","https:\/\/www.instagram.com\/romanwagner.optiker\/","https:\/\/www.youtube.com\/channel\/UCIHnCII9jl34mZG08gXgG6A"]},{"@type":"Person","@id":"https:\/\/optik.roman-wagner.de\/fr\/#\/schema\/person\/4a52051c9505d1f3da58c234985c6c2f","name":"RomanWagner","image":{"@type":"ImageObject","inLanguage":"fr-FR","@id":"https:\/\/secure.gravatar.com\/avatar\/e6c57eb4a35b8245e2d2f86a3e023a8642987475df645a50407f34b4addef3fb?s=96&d=mm&r=g","url":"https:\/\/secure.gravatar.com\/avatar\/e6c57eb4a35b8245e2d2f86a3e023a8642987475df645a50407f34b4addef3fb?s=96&d=mm&r=g","contentUrl":"https:\/\/secure.gravatar.com\/avatar\/e6c57eb4a35b8245e2d2f86a3e023a8642987475df645a50407f34b4addef3fb?s=96&d=mm&r=g","caption":"RomanWagner"},"url":"https:\/\/optik.roman-wagner.de\/fr\/author\/romanwagner\/"}]}},"_links":{"self":[{"href":"https:\/\/optik.roman-wagner.de\/fr\/wp-json\/wp\/v2\/posts\/7689","targetHints":{"allow":["GET"]}}],"collection":[{"href":"https:\/\/optik.roman-wagner.de\/fr\/wp-json\/wp\/v2\/posts"}],"about":[{"href":"https:\/\/optik.roman-wagner.de\/fr\/wp-json\/wp\/v2\/types\/post"}],"author":[{"embeddable":true,"href":"https:\/\/optik.roman-wagner.de\/fr\/wp-json\/wp\/v2\/users\/1"}],"replies":[{"embeddable":true,"href":"https:\/\/optik.roman-wagner.de\/fr\/wp-json\/wp\/v2\/comments?post=7689"}],"version-history":[{"count":0,"href":"https:\/\/optik.roman-wagner.de\/fr\/wp-json\/wp\/v2\/posts\/7689\/revisions"}],"wp:featuredmedia":[{"embeddable":true,"href":"https:\/\/optik.roman-wagner.de\/fr\/wp-json\/wp\/v2\/media\/7691"}],"wp:attachment":[{"href":"https:\/\/optik.roman-wagner.de\/fr\/wp-json\/wp\/v2\/media?parent=7689"}],"wp:term":[{"taxonomy":"category","embeddable":true,"href":"https:\/\/optik.roman-wagner.de\/fr\/wp-json\/wp\/v2\/categories?post=7689"},{"taxonomy":"post_tag","embeddable":true,"href":"https:\/\/optik.roman-wagner.de\/fr\/wp-json\/wp\/v2\/tags?post=7689"}],"curies":[{"name":"wp","href":"https:\/\/api.w.org\/{rel}","templated":true}]}}