{"id":7375,"date":"2021-01-19T09:48:00","date_gmt":"2021-01-19T08:48:00","guid":{"rendered":"https:\/\/optik.roman-wagner.de\/2021\/01\/mesures-dhygiene-renforcees\/"},"modified":"2026-04-30T15:29:26","modified_gmt":"2026-04-30T13:29:26","slug":"mesures-dhygiene-renforcees","status":"publish","type":"post","link":"https:\/\/optik.roman-wagner.de\/fr\/2021\/01\/mesures-dhygiene-renforcees\/","title":{"rendered":"Mesures d\u2019hygi\u00e8ne renforc\u00e9es"},"content":{"rendered":"\n[et_pb_section fb_built=\u00a0\u00bb1&Prime; _builder_version=\u00a0\u00bb3.22&Prime; custom_margin=\u00a0\u00bb-56px|||||\u00a0\u00bb custom_padding=\u00a0\u00bb2px||8px|||\u00a0\u00bb][et_pb_row column_structure=\u00a0\u00bb1_2,1_2&Prime; _builder_version=\u00a0\u00bb3.25&Prime; background_size=\u00a0\u00bbinitial\u00a0\u00bb background_position=\u00a0\u00bbtop_left\u00a0\u00bb background_repeat=\u00a0\u00bbrepeat\u00a0\u00bb custom_padding=\u00a0\u00bb21px|||||\u00a0\u00bb][et_pb_column type=\u00a0\u00bb1_2&Prime; _builder_version=\u00a0\u00bb3.25&Prime; custom_padding=\u00a0\u00bb|||\u00a0\u00bb custom_padding__hover=\u00a0\u00bb|||\u00a0\u00bb][et_pb_gallery gallery_ids=\u00a0\u00bb7378,7379,7380,7381,7382&Prime; fullwidth=\u00a0\u00bbon\u00a0\u00bb _builder_version=\u00a0\u00bb4.6.6&Prime; _module_preset=\u00a0\u00bbdefault\u00a0\u00bb auto=\u00a0\u00bbon\u00a0\u00bb auto_speed=\u00a0\u00bb5000&Prime;][\/et_pb_gallery][et_pb_text _builder_version=\u00a0\u00bb4.6.6&Prime; _module_preset=\u00a0\u00bbdefault\u00a0\u00bb]<p>Les appareils VIROMED ont \u00e9t\u00e9 test\u00e9s par l\u2019Universit\u00e9 de la Bundeswehr \u00e0 Munich et leur<strong> efficacit\u00e9 contre les coronavirus a \u00e9t\u00e9 scientifiquement confirm\u00e9e<\/strong>.<\/p>[\/et_pb_text][\/et_pb_column][et_pb_column type=\u00a0\u00bb1_2&Prime; _builder_version=\u00a0\u00bb3.25&Prime; custom_padding=\u00a0\u00bb|||\u00a0\u00bb custom_padding__hover=\u00a0\u00bb|||\u00a0\u00bb][et_pb_cta title=\u00a0\u00bbVotre sant\u00e9 et celle de nos collaborateurs nous tiennent particuli\u00e8rement \u00e0 c\u0153ur !\u00a0\u00bb button_url=\u00a0\u00bbhttps:\/\/optik.roman-wagner.de\/online-termin\/\u00a0\u00bb button_text=\u00a0\u00bbPrendre rendez-vous en ligne maintenant\u00a0\u00bb _builder_version=\u00a0\u00bb4.6.6&Prime; use_background_color=\u00a0\u00bboff\u00a0\u00bb text_orientation=\u00a0\u00bbleft\u00a0\u00bb background_layout=\u00a0\u00bblight\u00a0\u00bb min_height=\u00a0\u00bb500px\u00a0\u00bb custom_margin=\u00a0\u00bb4px|||||\u00a0\u00bb]<p><!-- divi:paragraph -->C\u2019est pourquoi, dans nos CENTRES POUR BIEN VOIR*, nous misons sur la technologie VIROMED pour une hygi\u00e8ne professionnelle de l\u2019air ambiant et des surfaces.<\/p>\n<p>Gr\u00e2ce \u00e0 cette technologie professionnelle de purification de l\u2019air, les virus, germes et bact\u00e9ries sont \u00e9limin\u00e9s et le risque de contamination est encore r\u00e9duit dans ces pi\u00e8ces*.<\/p>\n<p>De plus, des parois de s\u00e9paration en verre ont \u00e9t\u00e9 install\u00e9es dans tous nos centres aux tables de conseil et dans la zone de caisse.<\/p>\n<p><span style=\"text-decoration: underline;\">Voici nos mesures d\u2019hygi\u00e8ne <strong><span style=\"color: #333333; text-decoration: underline;\">(renforc\u00e9es)<\/span><\/strong> :<\/span><\/p>\n<ul>\n<li>Lavage r\u00e9gulier des mains apr\u00e8s contact avec les clients<\/li>\n<li>Toutes les lunettes sont d\u00e9sinfect\u00e9es manuellement apr\u00e8s l\u2019essayage. Un traitement suppl\u00e9mentaire, \u00e9liminant germes et virus par lumi\u00e8re ultraviolette, garantit l\u2019hygi\u00e8ne requise. <\/li>\n<li><strong><span style=\"color: #333333;\">Tous les clients et collaborateurs\/collaboratrices sont interrog\u00e9s sur d\u2019\u00e9ventuels sympt\u00f4mes de maladie<\/span><\/strong><\/li>\n<li><strong><span style=\"color: #333333;\">Tous les collaborateurs\/collaboratrices portent un masque de protection respiratoire<\/span><\/strong><\/li>\n<li><strong><span style=\"color: #333333;\">Les appareils de mesure sont d\u00e9sinfect\u00e9s avant et apr\u00e8s utilisation<\/span><\/strong><\/li>\n<li><strong><span style=\"color: #333333;\">Parois de s\u00e9paration en verre aux tables de conseil et dans la zone de caisse<\/span><\/strong><\/li>\n<li><strong><span style=\"color: #333333;\">Les am\u00e9nagements du magasin (tables, chaises et miroirs) ayant \u00e9t\u00e9 en contact avec des personnes sont \u00e9galement trait\u00e9s apr\u00e8s le conseil avec des produits de nettoyage et de d\u00e9sinfection.<\/span><\/strong><\/li>\n<li><strong><span style=\"color: #333333;\">Le nombre maximal de personnes est d\u2019une personne par 10 m\u00e8tres carr\u00e9s<\/span><\/strong><\/li>\n<li><strong><span style=\"color: #333333;\">Dans nos CENTRES POUR BIEN VOIR \u00e0 Schweich, Saarburg et Wasserbillig, la <a href=\"https:\/\/www.viromed.de\/entkeimung\/\">technologie VIROMED<\/a> est utilis\u00e9e pour une hygi\u00e8ne professionnelle de l\u2019air ambiant et des surfaces.<\/span><\/strong><\/li>\n<li><strong><span style=\"color: #333333;\">Nettoyeur UV pour lunettes : Pour votre s\u00e9curit\u00e9 et la n\u00f4tre, nous utilisons un appareil de st\u00e9rilisation pour d\u00e9sinfecter toutes les montures port\u00e9es ou touch\u00e9es. Cet appareil fonctionne avec une lampe germicide (lumi\u00e8re UVC 253,7 nm) et atteint une d\u00e9sinfection de 99,9 %. <\/span><\/strong><\/li>\n<\/ul>\n<p>Nous respectons les r\u00e8gles de distanciation et souhaitons \u00e9viter de longues attentes. Nous vous prions de prendre rendez-vous au pr\u00e9alable. <span style=\"color: #333333;\"> <strong><\/strong><\/span><br> <span data-offset-key=\"ekltu-0-0\"><\/span><\/p>[\/et_pb_cta][\/et_pb_column][\/et_pb_row][et_pb_row _builder_version=\u00a0\u00bb4.4.8&Prime;][et_pb_column type=\u00a0\u00bb4_4&Prime; _builder_version=\u00a0\u00bb4.4.8&Prime;][et_pb_text _builder_version=\u00a0\u00bb4.6.6&Prime; hover_enabled=\u00a0\u00bb0&Prime; sticky_enabled=\u00a0\u00bb0&Prime;]<p>* \u00e0 Schweich, Saarburg et Wasserbillig<\/p>\n<p>Photos : \u00a9 <a href=\"http:\/\/www.viromed.de\/entkeimung\/\">www.viromed.de\/entkeimung\/<\/a> et <a href=\"http:\/\/pricon.optik.one\/WERKSTATT-SCHUTZ\">http:\/\/pricon.optik.one\/WERKSTATT-SCHUTZ<\/a><\/p>\n<p>&nbsp;<\/p>\n[\/et_pb_text][\/et_pb_column][\/et_pb_row][\/et_pb_section][et_pb_section fb_built=\u00a0\u00bb1&Prime; _builder_version=\u00a0\u00bb4.0.7&Prime; custom_padding=\u00a0\u00bb5px||6px|||\u00a0\u00bb global_module=\u00a0\u00bb184&Prime; saved_tabs=\u00a0\u00bball\u00a0\u00bb][et_pb_row _builder_version=\u00a0\u00bb4.0.7&Prime;][et_pb_column type=\u00a0\u00bb4_4&Prime; _builder_version=\u00a0\u00bb4.0.7&Prime;][et_pb_text _builder_version=\u00a0\u00bb4.2.1&Prime;]<h2 style=\"text-align: center;\">Suivez-nous :<\/h2>[\/et_pb_text][et_pb_social_media_follow use_icon_font_size=\u00a0\u00bbon\u00a0\u00bb icon_font_size=\u00a0\u00bb27px\u00a0\u00bb _builder_version=\u00a0\u00bb4.4.0&Prime; text_orientation=\u00a0\u00bbcenter\u00a0\u00bb][et_pb_social_media_follow_network social_network=\u00a0\u00bbfacebook\u00a0\u00bb url=\u00a0\u00bbhttps:\/\/www.facebook.com\/romanwagner.optiker\/\u00a0\u00bb _builder_version=\u00a0\u00bb4.4.0&Prime; background_color=\u00a0\u00bb#3b5998&Prime; follow_button=\u00a0\u00bboff\u00a0\u00bb url_new_window=\u00a0\u00bbon\u00a0\u00bb]facebook[\/et_pb_social_media_follow_network][et_pb_social_media_follow_network social_network=\u00a0\u00bbinstagram\u00a0\u00bb url=\u00a0\u00bbhttps:\/\/www.instagram.com\/romanwagner.optiker\/\u00a0\u00bb _builder_version=\u00a0\u00bb4.4.0&Prime; background_color=\u00a0\u00bb#ea2c59&Prime; follow_button=\u00a0\u00bboff\u00a0\u00bb url_new_window=\u00a0\u00bbon\u00a0\u00bb]instagram[\/et_pb_social_media_follow_network][et_pb_social_media_follow_network social_network=\u00a0\u00bbyoutube\u00a0\u00bb url=\u00a0\u00bbhttps:\/\/www.youtube.com\/channel\/UCIHnCII9jl34mZG08gXgG6A\/\u00a0\u00bb _builder_version=\u00a0\u00bb4.4.0&Prime; background_color=\u00a0\u00bb#a82400&Prime; follow_button=\u00a0\u00bboff\u00a0\u00bb url_new_window=\u00a0\u00bbon\u00a0\u00bb]youtube[\/et_pb_social_media_follow_network][\/et_pb_social_media_follow][\/et_pb_column][\/et_pb_row][\/et_pb_section]\n","protected":false},"excerpt":{"rendered":"<p>Votre sant\u00e9 est tr\u00e8s importante pour nous. C\u2019est pourquoi, dans nos CENTRES POUR BIEN VOIR, nous misons sur la technologie VIROMED pour une hygi\u00e8ne professionnelle de l\u2019air ambiant et des surfaces. <\/p>\n","protected":false},"author":1,"featured_media":7377,"comment_status":"closed","ping_status":"open","sticky":false,"template":"","format":"standard","meta":{"_et_pb_use_builder":"on","_et_pb_old_content":"","_et_gb_content_width":"","iawp_total_views":0,"footnotes":""},"categories":[140],"tags":[],"class_list":["post-7375","post","type-post","status-publish","format-standard","has-post-thumbnail","hentry","category-non-classe"],"yoast_head":"<!-- This site is optimized with the Yoast SEO plugin v27.4 - https:\/\/yoast.com\/product\/yoast-seo-wordpress\/ -->\n<title>Mesures d\u2019hygi\u00e8ne renforc\u00e9es - Roman Wagner<\/title>\n<meta name=\"robots\" content=\"index, follow, max-snippet:-1, max-image-preview:large, max-video-preview:-1\" \/>\n<link rel=\"canonical\" href=\"https:\/\/optik.roman-wagner.de\/fr\/2021\/01\/mesures-dhygiene-renforcees\/\" \/>\n<meta property=\"og:locale\" content=\"fr_FR\" \/>\n<meta property=\"og:type\" content=\"article\" \/>\n<meta property=\"og:title\" content=\"Mesures d\u2019hygi\u00e8ne renforc\u00e9es - Roman Wagner\" \/>\n<meta property=\"og:description\" content=\"Votre sant\u00e9 est tr\u00e8s importante pour nous. C\u2019est pourquoi, dans nos CENTRES POUR BIEN VOIR, nous misons sur la technologie VIROMED pour une hygi\u00e8ne professionnelle de l\u2019air ambiant et des surfaces.\" \/>\n<meta property=\"og:url\" content=\"https:\/\/optik.roman-wagner.de\/fr\/2021\/01\/mesures-dhygiene-renforcees\/\" \/>\n<meta property=\"og:site_name\" content=\"Roman Wagner\" \/>\n<meta property=\"article:publisher\" content=\"https:\/\/www.facebook.com\/romanwagner.optiker\" \/>\n<meta property=\"article:published_time\" content=\"2021-01-19T08:48:00+00:00\" \/>\n<meta property=\"article:modified_time\" content=\"2026-04-30T13:29:26+00:00\" \/>\n<meta property=\"og:image\" content=\"https:\/\/optik.roman-wagner.de\/wp-content\/uploads\/2020\/03\/F\u00fcr-Sie-da268669962.jpg\" \/>\n\t<meta property=\"og:image:width\" content=\"1696\" \/>\n\t<meta property=\"og:image:height\" content=\"939\" \/>\n\t<meta property=\"og:image:type\" content=\"image\/jpeg\" \/>\n<meta name=\"author\" content=\"RomanWagner\" \/>\n<meta name=\"twitter:card\" content=\"summary_large_image\" \/>\n<meta name=\"twitter:label1\" content=\"\u00c9crit par\" \/>\n\t<meta name=\"twitter:data1\" content=\"RomanWagner\" \/>\n\t<meta name=\"twitter:label2\" content=\"Dur\u00e9e de lecture estim\u00e9e\" \/>\n\t<meta name=\"twitter:data2\" content=\"4 minutes\" \/>\n<script type=\"application\/ld+json\" class=\"yoast-schema-graph\">{\"@context\":\"https:\\\/\\\/schema.org\",\"@graph\":[{\"@type\":\"Article\",\"@id\":\"https:\\\/\\\/optik.roman-wagner.de\\\/fr\\\/2021\\\/01\\\/mesures-dhygiene-renforcees\\\/#article\",\"isPartOf\":{\"@id\":\"https:\\\/\\\/optik.roman-wagner.de\\\/fr\\\/2021\\\/01\\\/mesures-dhygiene-renforcees\\\/\"},\"author\":{\"name\":\"RomanWagner\",\"@id\":\"https:\\\/\\\/optik.roman-wagner.de\\\/fr\\\/#\\\/schema\\\/person\\\/4a52051c9505d1f3da58c234985c6c2f\"},\"headline\":\"Mesures d\u2019hygi\u00e8ne renforc\u00e9es\",\"datePublished\":\"2021-01-19T08:48:00+00:00\",\"dateModified\":\"2026-04-30T13:29:26+00:00\",\"mainEntityOfPage\":{\"@id\":\"https:\\\/\\\/optik.roman-wagner.de\\\/fr\\\/2021\\\/01\\\/mesures-dhygiene-renforcees\\\/\"},\"wordCount\":739,\"publisher\":{\"@id\":\"https:\\\/\\\/optik.roman-wagner.de\\\/fr\\\/#organization\"},\"image\":{\"@id\":\"https:\\\/\\\/optik.roman-wagner.de\\\/fr\\\/2021\\\/01\\\/mesures-dhygiene-renforcees\\\/#primaryimage\"},\"thumbnailUrl\":\"https:\\\/\\\/optik.roman-wagner.de\\\/wp-content\\\/uploads\\\/2020\\\/03\\\/F\u00fcr-Sie-da268669962.jpg\",\"inLanguage\":\"fr-FR\"},{\"@type\":\"WebPage\",\"@id\":\"https:\\\/\\\/optik.roman-wagner.de\\\/fr\\\/2021\\\/01\\\/mesures-dhygiene-renforcees\\\/\",\"url\":\"https:\\\/\\\/optik.roman-wagner.de\\\/fr\\\/2021\\\/01\\\/mesures-dhygiene-renforcees\\\/\",\"name\":\"Mesures d\u2019hygi\u00e8ne renforc\u00e9es - Roman Wagner\",\"isPartOf\":{\"@id\":\"https:\\\/\\\/optik.roman-wagner.de\\\/fr\\\/#website\"},\"primaryImageOfPage\":{\"@id\":\"https:\\\/\\\/optik.roman-wagner.de\\\/fr\\\/2021\\\/01\\\/mesures-dhygiene-renforcees\\\/#primaryimage\"},\"image\":{\"@id\":\"https:\\\/\\\/optik.roman-wagner.de\\\/fr\\\/2021\\\/01\\\/mesures-dhygiene-renforcees\\\/#primaryimage\"},\"thumbnailUrl\":\"https:\\\/\\\/optik.roman-wagner.de\\\/wp-content\\\/uploads\\\/2020\\\/03\\\/F\u00fcr-Sie-da268669962.jpg\",\"datePublished\":\"2021-01-19T08:48:00+00:00\",\"dateModified\":\"2026-04-30T13:29:26+00:00\",\"breadcrumb\":{\"@id\":\"https:\\\/\\\/optik.roman-wagner.de\\\/fr\\\/2021\\\/01\\\/mesures-dhygiene-renforcees\\\/#breadcrumb\"},\"inLanguage\":\"fr-FR\",\"potentialAction\":[{\"@type\":\"ReadAction\",\"target\":[\"https:\\\/\\\/optik.roman-wagner.de\\\/fr\\\/2021\\\/01\\\/mesures-dhygiene-renforcees\\\/\"]}]},{\"@type\":\"ImageObject\",\"inLanguage\":\"fr-FR\",\"@id\":\"https:\\\/\\\/optik.roman-wagner.de\\\/fr\\\/2021\\\/01\\\/mesures-dhygiene-renforcees\\\/#primaryimage\",\"url\":\"https:\\\/\\\/optik.roman-wagner.de\\\/wp-content\\\/uploads\\\/2020\\\/03\\\/F\u00fcr-Sie-da268669962.jpg\",\"contentUrl\":\"https:\\\/\\\/optik.roman-wagner.de\\\/wp-content\\\/uploads\\\/2020\\\/03\\\/F\u00fcr-Sie-da268669962.jpg\",\"width\":1696,\"height\":939},{\"@type\":\"BreadcrumbList\",\"@id\":\"https:\\\/\\\/optik.roman-wagner.de\\\/fr\\\/2021\\\/01\\\/mesures-dhygiene-renforcees\\\/#breadcrumb\",\"itemListElement\":[{\"@type\":\"ListItem\",\"position\":1,\"name\":\"Startseite\",\"item\":\"https:\\\/\\\/optik.roman-wagner.de\\\/fr\\\/centres-pour-une-bonne-vision\\\/\"},{\"@type\":\"ListItem\",\"position\":2,\"name\":\"Mesures d\u2019hygi\u00e8ne renforc\u00e9es\"}]},{\"@type\":\"WebSite\",\"@id\":\"https:\\\/\\\/optik.roman-wagner.de\\\/fr\\\/#website\",\"url\":\"https:\\\/\\\/optik.roman-wagner.de\\\/fr\\\/\",\"name\":\"Der Augenoptiker Roman Wagner\",\"description\":\"Zentren f\u00fcr gutes Sehen\",\"publisher\":{\"@id\":\"https:\\\/\\\/optik.roman-wagner.de\\\/fr\\\/#organization\"},\"potentialAction\":[{\"@type\":\"SearchAction\",\"target\":{\"@type\":\"EntryPoint\",\"urlTemplate\":\"https:\\\/\\\/optik.roman-wagner.de\\\/fr\\\/?s={search_term_string}\"},\"query-input\":{\"@type\":\"PropertyValueSpecification\",\"valueRequired\":true,\"valueName\":\"search_term_string\"}}],\"inLanguage\":\"fr-FR\"},{\"@type\":\"Organization\",\"@id\":\"https:\\\/\\\/optik.roman-wagner.de\\\/fr\\\/#organization\",\"name\":\"Der Augenoptiker Roman Wagner\",\"url\":\"https:\\\/\\\/optik.roman-wagner.de\\\/fr\\\/\",\"logo\":{\"@type\":\"ImageObject\",\"inLanguage\":\"fr-FR\",\"@id\":\"https:\\\/\\\/optik.roman-wagner.de\\\/fr\\\/#\\\/schema\\\/logo\\\/image\\\/\",\"url\":\"https:\\\/\\\/optik.roman-wagner.de\\\/wp-content\\\/uploads\\\/2019\\\/11\\\/Logo-RW-quadrat.jpg\",\"contentUrl\":\"https:\\\/\\\/optik.roman-wagner.de\\\/wp-content\\\/uploads\\\/2019\\\/11\\\/Logo-RW-quadrat.jpg\",\"width\":488,\"height\":479,\"caption\":\"Der Augenoptiker Roman Wagner\"},\"image\":{\"@id\":\"https:\\\/\\\/optik.roman-wagner.de\\\/fr\\\/#\\\/schema\\\/logo\\\/image\\\/\"},\"sameAs\":[\"https:\\\/\\\/www.facebook.com\\\/romanwagner.optiker\",\"https:\\\/\\\/www.instagram.com\\\/romanwagner.optiker\\\/\",\"https:\\\/\\\/www.youtube.com\\\/channel\\\/UCIHnCII9jl34mZG08gXgG6A\"]},{\"@type\":\"Person\",\"@id\":\"https:\\\/\\\/optik.roman-wagner.de\\\/fr\\\/#\\\/schema\\\/person\\\/4a52051c9505d1f3da58c234985c6c2f\",\"name\":\"RomanWagner\",\"image\":{\"@type\":\"ImageObject\",\"inLanguage\":\"fr-FR\",\"@id\":\"https:\\\/\\\/secure.gravatar.com\\\/avatar\\\/e6c57eb4a35b8245e2d2f86a3e023a8642987475df645a50407f34b4addef3fb?s=96&d=mm&r=g\",\"url\":\"https:\\\/\\\/secure.gravatar.com\\\/avatar\\\/e6c57eb4a35b8245e2d2f86a3e023a8642987475df645a50407f34b4addef3fb?s=96&d=mm&r=g\",\"contentUrl\":\"https:\\\/\\\/secure.gravatar.com\\\/avatar\\\/e6c57eb4a35b8245e2d2f86a3e023a8642987475df645a50407f34b4addef3fb?s=96&d=mm&r=g\",\"caption\":\"RomanWagner\"},\"url\":\"https:\\\/\\\/optik.roman-wagner.de\\\/fr\\\/author\\\/romanwagner\\\/\"}]}<\/script>\n<!-- \/ Yoast SEO plugin. -->","yoast_head_json":{"title":"Mesures d\u2019hygi\u00e8ne renforc\u00e9es - Roman Wagner","robots":{"index":"index","follow":"follow","max-snippet":"max-snippet:-1","max-image-preview":"max-image-preview:large","max-video-preview":"max-video-preview:-1"},"canonical":"https:\/\/optik.roman-wagner.de\/fr\/2021\/01\/mesures-dhygiene-renforcees\/","og_locale":"fr_FR","og_type":"article","og_title":"Mesures d\u2019hygi\u00e8ne renforc\u00e9es - Roman Wagner","og_description":"Votre sant\u00e9 est tr\u00e8s importante pour nous. C\u2019est pourquoi, dans nos CENTRES POUR BIEN VOIR, nous misons sur la technologie VIROMED pour une hygi\u00e8ne professionnelle de l\u2019air ambiant et des surfaces.","og_url":"https:\/\/optik.roman-wagner.de\/fr\/2021\/01\/mesures-dhygiene-renforcees\/","og_site_name":"Roman Wagner","article_publisher":"https:\/\/www.facebook.com\/romanwagner.optiker","article_published_time":"2021-01-19T08:48:00+00:00","article_modified_time":"2026-04-30T13:29:26+00:00","og_image":[{"width":1696,"height":939,"url":"https:\/\/optik.roman-wagner.de\/wp-content\/uploads\/2020\/03\/F\u00fcr-Sie-da268669962.jpg","type":"image\/jpeg"}],"author":"RomanWagner","twitter_card":"summary_large_image","twitter_misc":{"\u00c9crit par":"RomanWagner","Dur\u00e9e de lecture estim\u00e9e":"4 minutes"},"schema":{"@context":"https:\/\/schema.org","@graph":[{"@type":"Article","@id":"https:\/\/optik.roman-wagner.de\/fr\/2021\/01\/mesures-dhygiene-renforcees\/#article","isPartOf":{"@id":"https:\/\/optik.roman-wagner.de\/fr\/2021\/01\/mesures-dhygiene-renforcees\/"},"author":{"name":"RomanWagner","@id":"https:\/\/optik.roman-wagner.de\/fr\/#\/schema\/person\/4a52051c9505d1f3da58c234985c6c2f"},"headline":"Mesures d\u2019hygi\u00e8ne renforc\u00e9es","datePublished":"2021-01-19T08:48:00+00:00","dateModified":"2026-04-30T13:29:26+00:00","mainEntityOfPage":{"@id":"https:\/\/optik.roman-wagner.de\/fr\/2021\/01\/mesures-dhygiene-renforcees\/"},"wordCount":739,"publisher":{"@id":"https:\/\/optik.roman-wagner.de\/fr\/#organization"},"image":{"@id":"https:\/\/optik.roman-wagner.de\/fr\/2021\/01\/mesures-dhygiene-renforcees\/#primaryimage"},"thumbnailUrl":"https:\/\/optik.roman-wagner.de\/wp-content\/uploads\/2020\/03\/F\u00fcr-Sie-da268669962.jpg","inLanguage":"fr-FR"},{"@type":"WebPage","@id":"https:\/\/optik.roman-wagner.de\/fr\/2021\/01\/mesures-dhygiene-renforcees\/","url":"https:\/\/optik.roman-wagner.de\/fr\/2021\/01\/mesures-dhygiene-renforcees\/","name":"Mesures d\u2019hygi\u00e8ne renforc\u00e9es - Roman Wagner","isPartOf":{"@id":"https:\/\/optik.roman-wagner.de\/fr\/#website"},"primaryImageOfPage":{"@id":"https:\/\/optik.roman-wagner.de\/fr\/2021\/01\/mesures-dhygiene-renforcees\/#primaryimage"},"image":{"@id":"https:\/\/optik.roman-wagner.de\/fr\/2021\/01\/mesures-dhygiene-renforcees\/#primaryimage"},"thumbnailUrl":"https:\/\/optik.roman-wagner.de\/wp-content\/uploads\/2020\/03\/F\u00fcr-Sie-da268669962.jpg","datePublished":"2021-01-19T08:48:00+00:00","dateModified":"2026-04-30T13:29:26+00:00","breadcrumb":{"@id":"https:\/\/optik.roman-wagner.de\/fr\/2021\/01\/mesures-dhygiene-renforcees\/#breadcrumb"},"inLanguage":"fr-FR","potentialAction":[{"@type":"ReadAction","target":["https:\/\/optik.roman-wagner.de\/fr\/2021\/01\/mesures-dhygiene-renforcees\/"]}]},{"@type":"ImageObject","inLanguage":"fr-FR","@id":"https:\/\/optik.roman-wagner.de\/fr\/2021\/01\/mesures-dhygiene-renforcees\/#primaryimage","url":"https:\/\/optik.roman-wagner.de\/wp-content\/uploads\/2020\/03\/F\u00fcr-Sie-da268669962.jpg","contentUrl":"https:\/\/optik.roman-wagner.de\/wp-content\/uploads\/2020\/03\/F\u00fcr-Sie-da268669962.jpg","width":1696,"height":939},{"@type":"BreadcrumbList","@id":"https:\/\/optik.roman-wagner.de\/fr\/2021\/01\/mesures-dhygiene-renforcees\/#breadcrumb","itemListElement":[{"@type":"ListItem","position":1,"name":"Startseite","item":"https:\/\/optik.roman-wagner.de\/fr\/centres-pour-une-bonne-vision\/"},{"@type":"ListItem","position":2,"name":"Mesures d\u2019hygi\u00e8ne renforc\u00e9es"}]},{"@type":"WebSite","@id":"https:\/\/optik.roman-wagner.de\/fr\/#website","url":"https:\/\/optik.roman-wagner.de\/fr\/","name":"Der Augenoptiker Roman Wagner","description":"Zentren f\u00fcr gutes Sehen","publisher":{"@id":"https:\/\/optik.roman-wagner.de\/fr\/#organization"},"potentialAction":[{"@type":"SearchAction","target":{"@type":"EntryPoint","urlTemplate":"https:\/\/optik.roman-wagner.de\/fr\/?s={search_term_string}"},"query-input":{"@type":"PropertyValueSpecification","valueRequired":true,"valueName":"search_term_string"}}],"inLanguage":"fr-FR"},{"@type":"Organization","@id":"https:\/\/optik.roman-wagner.de\/fr\/#organization","name":"Der Augenoptiker Roman Wagner","url":"https:\/\/optik.roman-wagner.de\/fr\/","logo":{"@type":"ImageObject","inLanguage":"fr-FR","@id":"https:\/\/optik.roman-wagner.de\/fr\/#\/schema\/logo\/image\/","url":"https:\/\/optik.roman-wagner.de\/wp-content\/uploads\/2019\/11\/Logo-RW-quadrat.jpg","contentUrl":"https:\/\/optik.roman-wagner.de\/wp-content\/uploads\/2019\/11\/Logo-RW-quadrat.jpg","width":488,"height":479,"caption":"Der Augenoptiker Roman Wagner"},"image":{"@id":"https:\/\/optik.roman-wagner.de\/fr\/#\/schema\/logo\/image\/"},"sameAs":["https:\/\/www.facebook.com\/romanwagner.optiker","https:\/\/www.instagram.com\/romanwagner.optiker\/","https:\/\/www.youtube.com\/channel\/UCIHnCII9jl34mZG08gXgG6A"]},{"@type":"Person","@id":"https:\/\/optik.roman-wagner.de\/fr\/#\/schema\/person\/4a52051c9505d1f3da58c234985c6c2f","name":"RomanWagner","image":{"@type":"ImageObject","inLanguage":"fr-FR","@id":"https:\/\/secure.gravatar.com\/avatar\/e6c57eb4a35b8245e2d2f86a3e023a8642987475df645a50407f34b4addef3fb?s=96&d=mm&r=g","url":"https:\/\/secure.gravatar.com\/avatar\/e6c57eb4a35b8245e2d2f86a3e023a8642987475df645a50407f34b4addef3fb?s=96&d=mm&r=g","contentUrl":"https:\/\/secure.gravatar.com\/avatar\/e6c57eb4a35b8245e2d2f86a3e023a8642987475df645a50407f34b4addef3fb?s=96&d=mm&r=g","caption":"RomanWagner"},"url":"https:\/\/optik.roman-wagner.de\/fr\/author\/romanwagner\/"}]}},"_links":{"self":[{"href":"https:\/\/optik.roman-wagner.de\/fr\/wp-json\/wp\/v2\/posts\/7375","targetHints":{"allow":["GET"]}}],"collection":[{"href":"https:\/\/optik.roman-wagner.de\/fr\/wp-json\/wp\/v2\/posts"}],"about":[{"href":"https:\/\/optik.roman-wagner.de\/fr\/wp-json\/wp\/v2\/types\/post"}],"author":[{"embeddable":true,"href":"https:\/\/optik.roman-wagner.de\/fr\/wp-json\/wp\/v2\/users\/1"}],"replies":[{"embeddable":true,"href":"https:\/\/optik.roman-wagner.de\/fr\/wp-json\/wp\/v2\/comments?post=7375"}],"version-history":[{"count":2,"href":"https:\/\/optik.roman-wagner.de\/fr\/wp-json\/wp\/v2\/posts\/7375\/revisions"}],"predecessor-version":[{"id":7390,"href":"https:\/\/optik.roman-wagner.de\/fr\/wp-json\/wp\/v2\/posts\/7375\/revisions\/7390"}],"wp:featuredmedia":[{"embeddable":true,"href":"https:\/\/optik.roman-wagner.de\/fr\/wp-json\/wp\/v2\/media\/7377"}],"wp:attachment":[{"href":"https:\/\/optik.roman-wagner.de\/fr\/wp-json\/wp\/v2\/media?parent=7375"}],"wp:term":[{"taxonomy":"category","embeddable":true,"href":"https:\/\/optik.roman-wagner.de\/fr\/wp-json\/wp\/v2\/categories?post=7375"},{"taxonomy":"post_tag","embeddable":true,"href":"https:\/\/optik.roman-wagner.de\/fr\/wp-json\/wp\/v2\/tags?post=7375"}],"curies":[{"name":"wp","href":"https:\/\/api.w.org\/{rel}","templated":true}]}}