{"id":7372,"date":"2022-09-05T07:42:00","date_gmt":"2022-09-05T05:42:00","guid":{"rendered":"https:\/\/optik.roman-wagner.de\/2022\/09\/gestion-de-la-myopie-chez-roman-wagner\/"},"modified":"2026-04-30T15:29:06","modified_gmt":"2026-04-30T13:29:06","slug":"gestion-de-la-myopie-chez-roman-wagner","status":"publish","type":"post","link":"https:\/\/optik.roman-wagner.de\/fr\/2022\/09\/gestion-de-la-myopie-chez-roman-wagner\/","title":{"rendered":"Gestion de la myopie chez Roman Wagner"},"content":{"rendered":"<p>[et_pb_section fb_built=\u00a0\u00bb1&Prime; _builder_version=\u00a0\u00bb4.25.1&Prime; custom_padding=\u00a0\u00bb0px||3px||false|false\u00a0\u00bb hover_enabled=\u00a0\u00bb0&Prime; global_colors_info=\u00a0\u00bb{}\u00a0\u00bb custom_margin=\u00a0\u00bb130px||||false|false\u00a0\u00bb custom_margin_last_edited=\u00a0\u00bbon|desktop\u00a0\u00bb sticky_enabled=\u00a0\u00bb0&Prime; custom_margin_phone=\u00a0\u00bb70px||||false|false\u00a0\u00bb da_is_popup=\u00a0\u00bboff\u00a0\u00bb da_exit_intent=\u00a0\u00bboff\u00a0\u00bb da_has_close=\u00a0\u00bbon\u00a0\u00bb da_alt_close=\u00a0\u00bboff\u00a0\u00bb da_dark_close=\u00a0\u00bboff\u00a0\u00bb da_not_modal=\u00a0\u00bbon\u00a0\u00bb da_is_singular=\u00a0\u00bboff\u00a0\u00bb da_with_loader=\u00a0\u00bboff\u00a0\u00bb da_has_shadow=\u00a0\u00bbon\u00a0\u00bb da_disable_devices=\u00a0\u00bboff|off|off\u00a0\u00bb custom_margin_tablet=\u00a0\u00bb130px||||false|false\u00a0\u00bb][et_pb_row _builder_version=\u00a0\u00bb4.16&Prime; global_colors_info=\u00a0\u00bb{}\u00a0\u00bb custom_padding=\u00a0\u00bb4px|||||\u00a0\u00bb][et_pb_column type=\u00a0\u00bb4_4&Prime; _builder_version=\u00a0\u00bb4.16&Prime; global_colors_info=\u00a0\u00bb{}\u00a0\u00bb][et_pb_image src=\u00a0\u00bbhttps:\/\/optik.roman-wagner.de\/wp-content\/uploads\/2022\/09\/Myopie-Junge-Haeder.jpg\u00a0\u00bb title_text=\u00a0\u00bbMyopie Gar\u00e7on En-t\u00eate\u00a0\u00bb align=\u00a0\u00bbcenter\u00a0\u00bb force_fullwidth=\u00a0\u00bbon\u00a0\u00bb _builder_version=\u00a0\u00bb4.18.0&Prime; _module_preset=\u00a0\u00bbdefault\u00a0\u00bb global_colors_info=\u00a0\u00bb{}\u00a0\u00bb][\/et_pb_image][\/et_pb_column][\/et_pb_row][et_pb_row _builder_version=\u00a0\u00bb4.16&Prime; custom_padding=\u00a0\u00bb||7px|||\u00a0\u00bb global_colors_info=\u00a0\u00bb{}\u00a0\u00bb][et_pb_column type=\u00a0\u00bb4_4&Prime; _builder_version=\u00a0\u00bb4.16&Prime; global_colors_info=\u00a0\u00bb{}\u00a0\u00bb][et_pb_text _builder_version=\u00a0\u00bb4.18.0&Prime; header_5_font=\u00a0\u00bb|||on|||||\u00a0\u00bb custom_margin=\u00a0\u00bb||||false|false\u00a0\u00bb global_colors_info=\u00a0\u00bb{}\u00a0\u00bb]<\/p>\n<h1><strong>Gestion de la myopie chez Roman Wagner \u00e0 Schweich<\/strong><\/h1>\n<h5>Agir activement contre la progression de la myopie chez les enfants.<\/h5>\n<p>&nbsp;<\/p>\n<p>[\/et_pb_text][\/et_pb_column][\/et_pb_row][et_pb_row _builder_version=\u00a0\u00bb4.16&Prime; _module_preset=\u00a0\u00bbdefault\u00a0\u00bb custom_padding=\u00a0\u00bb17px|||||\u00a0\u00bb global_colors_info=\u00a0\u00bb{}\u00a0\u00bb][et_pb_column type=\u00a0\u00bb4_4&Prime; _builder_version=\u00a0\u00bb4.16&Prime; _module_preset=\u00a0\u00bbdefault\u00a0\u00bb global_colors_info=\u00a0\u00bb{}\u00a0\u00bb][et_pb_text content_tablet=\u00a0\u00bb<\/p>\n<table>\n<tbody>\n<tr>\n<td><img src=%22https:\/\/optik.roman-wagner.de\/wp-content\/uploads\/2021\/06\/WeltGraphik1-150x150.jpg%22 alt=%22%22 class=%22wp-image-2394 aligncenter size-thumbnail%22 width=%22150%22 height=%22150%22><\/td>\n<td><strong>Dans trente ans, selon les estimations, la moiti\u00e9 de la population mondiale sera myope %911%93.<\/strong><\/td>\n<\/tr>\n<tr>\n<td><img src=%22https:\/\/optik.roman-wagner.de\/wp-content\/uploads\/2021\/06\/BueroGraphik2-150x150.jpg%22 alt=%22%22 class=%22wp-image-2395 aligncenter size-thumbnail%22 width=%22150%22 height=%22150%22><\/td>\n<td><strong>La probabilit\u00e9 de myopie augmente lorsque davantage de temps est consacr\u00e9 \u00e0 des activit\u00e9s en vision de pr\u00e8s %912%93.<\/strong><\/td>\n<\/tr>\n<\/tbody>\n<\/table>\n<p><strong>Schweich.<\/strong>  Vous avez peut-\u00eatre constat\u00e9 qu&rsquo;il ne voit pas net de loin, qu&rsquo;il a donc plus de difficult\u00e9s \u00e0 se concentrer \u00e0 l&rsquo;\u00e9cole et qu&rsquo;il est limit\u00e9 dans ses jeux. Votre enfant souffre peut-\u00eatre de myopie. <\/p>\n<p>La myopie appara\u00eet lorsque l&rsquo;\u0153il a grandi de mani\u00e8re trop importante par rapport au pouvoir de r\u00e9fraction du cristallin. Le probl\u00e8me est que, surtout chez les enfants et les adolescents, la myopie continue souvent \u00e0 augmenter, c&rsquo;est-\u00e0-dire que le globe oculaire continue de s&rsquo;allonger. Cela accro\u00eet \u00e9galement le risque de d\u00e9velopper des maladies oculaires graves plus tard dans la vie, par exemple la cataracte, le glaucome, le d\u00e9collement de la r\u00e9tine et la d\u00e9g\u00e9n\u00e9rescence maculaire. Il convient d&rsquo;intervenir pr\u00e9cocement dans le processus et d&#8217;emp\u00eacher que la myopie n&rsquo;atteigne des niveaux \u00e9lev\u00e9s.   <\/p>\n<p>Ainsi, un s\u00e9jour accru en plein air pr\u00e9sente un effet protecteur contre l&rsquo;apparition de la myopie. En cas de travail prolong\u00e9 en vision de pr\u00e8s, il convient de respecter des pauses r\u00e9guli\u00e8res afin de regarder des objets \u00e9loign\u00e9s plut\u00f4t que de pr\u00e8s. <\/p>\n<p>Outre ces mesures faciles \u00e0 mettre en \u0153uvre, il existe actuellement plusieurs possibilit\u00e9s de contr\u00f4le de la myopie dont l&rsquo;efficacit\u00e9 a \u00e9t\u00e9 \u00e9tudi\u00e9e dans des \u00e9tudes.<\/p>\n<p><strong>Gouttes ophtalmiques \u00e0 l&rsquo;atropine<\/strong> (principe actif de la belladone) <strong><a href=%22https:\/\/optik.roman-wagner.de\/myopie\/#Augentropfen%22>En savoir plus&#8230;<\/a><\/strong><\/p>\n<p><strong>Lentilles de contact souples multifocales ou orthok\u00e9ratologie<\/strong> (lentilles de contact rigides \u00e0 porter la nuit) <strong><a href=%22https:\/\/optik.roman-wagner.de\/myopie\/#Multifokalkontaktlinsen%22>En savoir plus&#8230;<\/a><\/strong><\/p>\n<p><strong>Verres de lunettes innovants avec technologie DIMS<\/strong> (MiYOSMART\u00ae) <strong><a href=%22https:\/\/optik.roman-wagner.de\/myopie\/#Miyosmart%22>En savoir plus&#8230;<\/a><\/strong><\/p>\n<p>Au CENTRE POUR UNE BONNE VISION \u00e0 Schweich, nous proposons les m\u00e9thodes optom\u00e9triques d\u00e9crites ici en collaboration avec des ophtalmologues. Gr\u00e2ce \u00e0 des appareils de mesure ultramodernes, nous pouvons mesurer la croissance en longueur de l&rsquo;\u0153il de votre enfant et contr\u00f4ler l&rsquo;\u00e9volution de la myopie. <\/p>\n<p>\u00c9tant donn\u00e9 qu&rsquo;une myopie doit dans tous les cas \u00eatre corrig\u00e9e, le moyen de correction optique doit \u00eatre utilis\u00e9 simultan\u00e9ment pour contrer la progression ult\u00e9rieure de la myopie. Une \u00e9tude clinique pluriannuelle montre que les verres de lunettes MiYOSMART\u00ae dot\u00e9s de la technologie D.I.M.S. (Defocus Incorporated Multiple Segments) peuvent ralentir la progression de la myopie de 60 % en moyenne. <\/p>\n<p>Nous recommandons donc le verre de lunettes innovant MiYOSMART\u00ae comme premi\u00e8re m\u00e9thode.<br \/>Les verres de lunettes MiYOSMART\u00ae constituent une solution efficace et non invasive qui ne pr\u00e9sente en outre aucun risque pour la sant\u00e9 oculaire.<\/p>\n<p><strong>Votre opticien Roman Wagner<\/strong><\/p>\n<p>\u00a0\u00bb content_phone=\u00a0\u00bb<\/p>\n<ul>\n<li><strong>Dans trente ans, selon les estimations, la moiti\u00e9 de la population mondiale sera myope %911%93.<\/strong><strong><\/strong><\/li>\n<\/ul>\n<p><strong><\/strong><\/p>\n<ul>\n<li><strong>La probabilit\u00e9 de myopie augmente lorsque davantage de temps est consacr\u00e9 \u00e0 des activit\u00e9s en vision de pr\u00e8s %912%93.<\/strong><\/li>\n<\/ul>\n<p><strong><\/strong><\/p>\n<p><strong>Schweich.<\/strong>  Vous avez peut-\u00eatre constat\u00e9 qu&rsquo;il ne voit pas net de loin, qu&rsquo;il a donc plus de difficult\u00e9s \u00e0 se concentrer \u00e0 l&rsquo;\u00e9cole et qu&rsquo;il est limit\u00e9 dans ses jeux. Votre enfant souffre peut-\u00eatre de myopie. <\/p>\n<p>La myopie appara\u00eet lorsque l&rsquo;\u0153il a grandi de mani\u00e8re trop importante par rapport au pouvoir de r\u00e9fraction du cristallin. Le probl\u00e8me est que, surtout chez les enfants et les adolescents, la myopie continue souvent \u00e0 augmenter, c&rsquo;est-\u00e0-dire que le globe oculaire continue de s&rsquo;allonger. Cela accro\u00eet \u00e9galement le risque de d\u00e9velopper des maladies oculaires graves plus tard dans la vie, par exemple la cataracte, le glaucome, le d\u00e9collement de la r\u00e9tine et la d\u00e9g\u00e9n\u00e9rescence maculaire. Il convient d&rsquo;intervenir pr\u00e9cocement dans le processus et d&#8217;emp\u00eacher que la myopie n&rsquo;atteigne des niveaux \u00e9lev\u00e9s.   <\/p>\n<p>Ainsi, un s\u00e9jour accru en plein air pr\u00e9sente un effet protecteur contre l&rsquo;apparition de la myopie. En cas de travail prolong\u00e9 en vision de pr\u00e8s, il convient de respecter des pauses r\u00e9guli\u00e8res afin de regarder des objets \u00e9loign\u00e9s plut\u00f4t que de pr\u00e8s. <\/p>\n<p>Outre ces mesures faciles \u00e0 mettre en \u0153uvre, il existe actuellement plusieurs possibilit\u00e9s de contr\u00f4le de la myopie dont l&rsquo;efficacit\u00e9 a \u00e9t\u00e9 \u00e9tudi\u00e9e dans des \u00e9tudes.<\/p>\n<p><strong>Gouttes ophtalmiques \u00e0 l&rsquo;atropine<\/strong> (principe actif de la belladone)<\/p>\n<p><strong>Lentilles de contact souples multifocales ou orthok\u00e9ratologie<\/strong> (lentilles de contact rigides \u00e0 porter la nuit)<\/p>\n<p><strong>Verres de lunettes innovants avec technologie DIMS<\/strong> (MiYOSMART\u00ae)<\/p>\n<p>Au CENTRE POUR UNE BONNE VISION \u00e0 Schweich, nous proposons les m\u00e9thodes optom\u00e9triques d\u00e9crites ici en collaboration avec des ophtalmologues. Gr\u00e2ce \u00e0 des appareils de mesure ultramodernes, nous pouvons mesurer la croissance en longueur de l&rsquo;\u0153il de votre enfant et contr\u00f4ler l&rsquo;\u00e9volution de la myopie. <\/p>\n<p>\u00c9tant donn\u00e9 qu&rsquo;une myopie doit dans tous les cas \u00eatre corrig\u00e9e, le moyen de correction optique doit \u00eatre utilis\u00e9 simultan\u00e9ment pour contrer la progression ult\u00e9rieure de la myopie. Une \u00e9tude clinique pluriannuelle montre que les verres de lunettes MiYOSMART\u00ae dot\u00e9s de la technologie D.I.M.S. (Defocus Incorporated Multiple Segments) peuvent ralentir la progression de la myopie de 60 % en moyenne. <\/p>\n<p>Nous recommandons donc le verre de lunettes innovant MiYOSMART\u00ae comme premi\u00e8re m\u00e9thode.<br \/>Les verres de lunettes MiYOSMART\u00ae constituent une solution efficace et non invasive qui ne pr\u00e9sente en outre aucun risque pour la sant\u00e9 oculaire.<\/p>\n<p><strong>Votre opticien Roman Wagner<\/strong><\/p>\n<p>\u00a0\u00bb content_last_edited=\u00a0\u00bbon|phone\u00a0\u00bb _builder_version=\u00a0\u00bb4.18.0&Prime; header_5_font=\u00a0\u00bb|||on|||||\u00a0\u00bb custom_margin=\u00a0\u00bb||||false|false\u00a0\u00bb global_colors_info=\u00a0\u00bb{}\u00a0\u00bb]<\/p>\n<table>\n<tbody>\n<tr>\n<td><img loading=\"lazy\" decoding=\"async\" src=\"https:\/\/optik.roman-wagner.de\/wp-content\/uploads\/2021\/06\/WeltGraphik1-150x150.jpg\" alt=\"\" class=\"wp-image-2394 aligncenter size-thumbnail\" width=\"150\" height=\"150\" srcset=\"https:\/\/optik.roman-wagner.de\/wp-content\/uploads\/2021\/06\/WeltGraphik1-150x150.jpg 150w, https:\/\/optik.roman-wagner.de\/wp-content\/uploads\/2021\/06\/WeltGraphik1-284x284.jpg 284w\" sizes=\"(max-width: 150px) 100vw, 150px\" \/><\/td>\n<td><strong>Dans trente ans, selon les estimations, la moiti\u00e9 de la population mondiale sera myope [1].<\/strong><\/td>\n<\/tr>\n<tr>\n<td><img loading=\"lazy\" decoding=\"async\" src=\"https:\/\/optik.roman-wagner.de\/wp-content\/uploads\/2021\/06\/BueroGraphik2-150x150.jpg\" alt=\"\" class=\"wp-image-2395 aligncenter size-thumbnail\" width=\"150\" height=\"150\" srcset=\"https:\/\/optik.roman-wagner.de\/wp-content\/uploads\/2021\/06\/BueroGraphik2-150x150.jpg 150w, https:\/\/optik.roman-wagner.de\/wp-content\/uploads\/2021\/06\/BueroGraphik2-284x284.jpg 284w\" sizes=\"(max-width: 150px) 100vw, 150px\" \/><\/td>\n<td><strong>La probabilit\u00e9 de myopie augmente lorsque davantage de temps est consacr\u00e9 \u00e0 des activit\u00e9s en vision de pr\u00e8s [2].<\/strong><\/td>\n<\/tr>\n<\/tbody>\n<\/table>\n<p>&nbsp;<\/p>\n<p><strong>Schweich.<\/strong>  Vous avez peut-\u00eatre constat\u00e9 qu&rsquo;il ne voit pas net de loin, qu&rsquo;il a donc plus de difficult\u00e9s \u00e0 se concentrer \u00e0 l&rsquo;\u00e9cole et qu&rsquo;il est limit\u00e9 dans ses jeux. Votre enfant souffre peut-\u00eatre de myopie. <\/p>\n<p>La myopie appara\u00eet lorsque l&rsquo;\u0153il a grandi de mani\u00e8re trop importante par rapport au pouvoir de r\u00e9fraction du cristallin. Le probl\u00e8me est que, surtout chez les enfants et les adolescents, la myopie continue souvent \u00e0 augmenter, c&rsquo;est-\u00e0-dire que le globe oculaire continue de s&rsquo;allonger. Cela accro\u00eet \u00e9galement le risque de d\u00e9velopper des maladies oculaires graves plus tard dans la vie, par exemple la cataracte, le glaucome, le d\u00e9collement de la r\u00e9tine et la d\u00e9g\u00e9n\u00e9rescence maculaire. Il convient d&rsquo;intervenir pr\u00e9cocement dans le processus et d&#8217;emp\u00eacher que la myopie n&rsquo;atteigne des niveaux \u00e9lev\u00e9s.   <\/p>\n<p>Ainsi, un s\u00e9jour accru en plein air pr\u00e9sente un effet protecteur contre l&rsquo;apparition de la myopie. En cas de travail prolong\u00e9 en vision de pr\u00e8s, il convient de respecter des pauses r\u00e9guli\u00e8res afin de regarder des objets \u00e9loign\u00e9s plut\u00f4t que de pr\u00e8s. <\/p>\n<p>Outre ces mesures faciles \u00e0 mettre en \u0153uvre, il existe actuellement plusieurs possibilit\u00e9s de contr\u00f4le de la myopie dont l&rsquo;efficacit\u00e9 a \u00e9t\u00e9 \u00e9tudi\u00e9e dans des \u00e9tudes.<\/p>\n<p><strong>Gouttes ophtalmiques \u00e0 l&rsquo;atropine<\/strong> (principe actif de la belladone) <strong><a href=\"https:\/\/optik.roman-wagner.de\/myopie\/#Augentropfen\">Plus d&rsquo;informations&#8230;<\/a><\/strong><\/p>\n<p><strong>Lentilles de contact souples multifocales ou orthok\u00e9ratologie<\/strong> (lentilles de contact rigides \u00e0 porter la nuit) <strong><a href=\"https:\/\/optik.roman-wagner.de\/myopie\/#Multifokalkontaktlinsen\">Plus d&rsquo;informations&#8230;<\/a><\/strong><\/p>\n<p><strong>Verres de lunettes innovants avec technologie DIMS<\/strong> (MiYOSMART\u00ae) <strong><a href=\"https:\/\/optik.roman-wagner.de\/myopie\/#Miyosmart\">Plus d&rsquo;informations&#8230;<\/a><\/strong><\/p>\n<p>Au CENTRE POUR UNE BONNE VISION \u00e0 Schweich, nous proposons les m\u00e9thodes optom\u00e9triques d\u00e9crites ici en collaboration avec des ophtalmologues. Gr\u00e2ce \u00e0 des appareils de mesure ultramodernes, nous pouvons mesurer la croissance en longueur de l&rsquo;\u0153il de votre enfant et contr\u00f4ler l&rsquo;\u00e9volution de la myopie. <\/p>\n<p>\u00c9tant donn\u00e9 qu&rsquo;une myopie doit dans tous les cas \u00eatre corrig\u00e9e, le moyen de correction optique doit \u00eatre utilis\u00e9 simultan\u00e9ment pour contrer la progression ult\u00e9rieure de la myopie. Une \u00e9tude clinique pluriannuelle montre que les verres de lunettes MiYOSMART\u00ae dot\u00e9s de la technologie D.I.M.S. (Defocus Incorporated Multiple Segments) peuvent ralentir la progression de la myopie de 60 % en moyenne. <\/p>\n<p>Nous recommandons donc le verre de lunettes innovant MiYOSMART\u00ae comme premi\u00e8re m\u00e9thode.<br \/>Les verres de lunettes MiYOSMART\u00ae constituent une solution efficace et non invasive qui ne pr\u00e9sente en outre aucun risque pour la sant\u00e9 oculaire.<\/p>\n<p><strong>Votre opticien Roman Wagner<\/strong><\/p>\n<p>[\/et_pb_text][et_pb_cta title=\u00a0\u00bbPrendre rendez-vous pour une consultation d\u00e8s maintenant \u00a0\u00bb button_url=\u00a0\u00bbhttps:\/\/optik.roman-wagner.de\/online-termin\/\u00a0\u00bb button_text=\u00a0\u00bbPrendre rendez-vous en ligne\u00a0\u00bb _builder_version=\u00a0\u00bb4.25.0&Prime; _module_preset=\u00a0\u00bbdefault\u00a0\u00bb background_color=\u00a0\u00bbrgba(0,132,215,0.86)\u00a0\u00bb global_module=\u00a0\u00bb3218&Prime; saved_tabs=\u00a0\u00bball\u00a0\u00bb global_colors_info=\u00a0\u00bb{}\u00a0\u00bb]<\/p>\n<p>Vereinbaren Sie rechtzeitig Ihren individuellen Beratungstermin im ZENTRUM F\u00dcR GUTES SEHEN im Brunnenzentrum, Steinerbaum 2 in Schweich<\/p>\n<p><strong>Wir sind f\u00fcr Sie da<\/strong><br \/>Mo.-Fr. 8:45 &#8211; 18:00 Uhr<br \/>Sa. 9:00 &#8211; 14:00 Uhr<br \/><strong>Tel.: 06502 91410<\/strong><\/p>\n<p>[\/et_pb_cta][\/et_pb_column][\/et_pb_row][\/et_pb_section][et_pb_section fb_built=\u00a0\u00bb1&Prime; _builder_version=\u00a0\u00bb4.0.7&Prime; custom_padding=\u00a0\u00bb5px||6px|||\u00a0\u00bb da_disable_devices=\u00a0\u00bboff|off|off\u00a0\u00bb global_module=\u00a0\u00bb184&Prime; saved_tabs=\u00a0\u00bball\u00a0\u00bb global_colors_info=\u00a0\u00bb{}\u00a0\u00bb da_is_popup=\u00a0\u00bboff\u00a0\u00bb da_exit_intent=\u00a0\u00bboff\u00a0\u00bb da_has_close=\u00a0\u00bbon\u00a0\u00bb da_alt_close=\u00a0\u00bboff\u00a0\u00bb da_dark_close=\u00a0\u00bboff\u00a0\u00bb da_not_modal=\u00a0\u00bbon\u00a0\u00bb da_is_singular=\u00a0\u00bboff\u00a0\u00bb da_with_loader=\u00a0\u00bboff\u00a0\u00bb da_has_shadow=\u00a0\u00bbon\u00a0\u00bb][\/et_pb_section][et_pb_section fb_built=\u00a0\u00bb1&Prime; _builder_version=\u00a0\u00bb4.16&Prime; _module_preset=\u00a0\u00bbdefault\u00a0\u00bb custom_padding=\u00a0\u00bb||11px|||\u00a0\u00bb global_colors_info=\u00a0\u00bb{}\u00a0\u00bb da_is_popup=\u00a0\u00bboff\u00a0\u00bb da_exit_intent=\u00a0\u00bboff\u00a0\u00bb da_has_close=\u00a0\u00bbon\u00a0\u00bb da_alt_close=\u00a0\u00bboff\u00a0\u00bb da_dark_close=\u00a0\u00bboff\u00a0\u00bb da_not_modal=\u00a0\u00bbon\u00a0\u00bb da_is_singular=\u00a0\u00bboff\u00a0\u00bb da_with_loader=\u00a0\u00bboff\u00a0\u00bb da_has_shadow=\u00a0\u00bbon\u00a0\u00bb da_disable_devices=\u00a0\u00bboff|off|off\u00a0\u00bb][et_pb_row _builder_version=\u00a0\u00bb4.16&Prime; _module_preset=\u00a0\u00bbdefault\u00a0\u00bb global_colors_info=\u00a0\u00bb{}\u00a0\u00bb][et_pb_column type=\u00a0\u00bb4_4&Prime; _builder_version=\u00a0\u00bb4.16&Prime; _module_preset=\u00a0\u00bbdefault\u00a0\u00bb global_colors_info=\u00a0\u00bb{}\u00a0\u00bb][et_pb_text _builder_version=\u00a0\u00bb4.18.0&Prime; _module_preset=\u00a0\u00bbdefault\u00a0\u00bb text_font_size=\u00a0\u00bb12px\u00a0\u00bb global_colors_info=\u00a0\u00bb{}\u00a0\u00bb]<\/p>\n<p>R\u00e9f\u00e9rences<br \/>[1] Holden BA et al. Global prevalence of myopia and high myopia and temporal trends from 2000 through 2050. Ophthalmology. 2016;123(5):1036\u201342.<br \/>[2] Lin LLK et al. Prevalence of myopia in Taiwanese schoolchildren: 1983 to 2000. Ann Acad Med Singap. 2004;33(1):27\u201333.      <\/p>\n<p>[\/et_pb_text][et_pb_text _builder_version=\u00a0\u00bb4.18.0&Prime; _module_preset=\u00a0\u00bbdefault\u00a0\u00bb text_font_size=\u00a0\u00bb12px\u00a0\u00bb global_colors_info=\u00a0\u00bb{}\u00a0\u00bb]<\/p>\n<p>Source photo : Hoya Lens Deutschland GmbH, M\u00f6nchengladbach<\/p>\n<p>[\/et_pb_text][\/et_pb_column][\/et_pb_row][\/et_pb_section]<\/p>\n","protected":false},"excerpt":{"rendered":"<p>Agir activement contre la progression de la myopie chez les enfants.<\/p>\n","protected":false},"author":1,"featured_media":7373,"comment_status":"closed","ping_status":"open","sticky":false,"template":"","format":"standard","meta":{"_et_pb_use_builder":"on","_et_pb_old_content":"","_et_gb_content_width":"","iawp_total_views":0,"footnotes":""},"categories":[140],"tags":[],"class_list":["post-7372","post","type-post","status-publish","format-standard","has-post-thumbnail","hentry","category-non-classe"],"yoast_head":"<!-- This site is optimized with the Yoast SEO plugin v27.4 - https:\/\/yoast.com\/product\/yoast-seo-wordpress\/ -->\n<title>Gestion de la myopie chez Roman Wagner \u00e0 Schweich<\/title>\n<meta name=\"description\" content=\"Agir activement contre la progression de la myopie chez les enfants. Prenez rendez-vous d\u00e8s maintenant \u00e0 Schweich.\" \/>\n<meta name=\"robots\" content=\"index, follow, max-snippet:-1, max-image-preview:large, max-video-preview:-1\" \/>\n<link rel=\"canonical\" href=\"https:\/\/optik.roman-wagner.de\/fr\/2022\/09\/gestion-de-la-myopie-chez-roman-wagner\/\" \/>\n<meta property=\"og:locale\" content=\"fr_FR\" \/>\n<meta property=\"og:type\" content=\"article\" \/>\n<meta property=\"og:title\" content=\"Gestion de la myopie chez Roman Wagner \u00e0 Schweich\" \/>\n<meta property=\"og:description\" content=\"Agir activement contre la progression de la myopie chez les enfants. Prenez rendez-vous d\u00e8s maintenant \u00e0 Schweich.\" \/>\n<meta property=\"og:url\" content=\"https:\/\/optik.roman-wagner.de\/fr\/2022\/09\/gestion-de-la-myopie-chez-roman-wagner\/\" \/>\n<meta property=\"og:site_name\" content=\"Roman Wagner\" \/>\n<meta property=\"article:publisher\" content=\"https:\/\/www.facebook.com\/romanwagner.optiker\" \/>\n<meta property=\"article:published_time\" content=\"2022-09-05T05:42:00+00:00\" \/>\n<meta property=\"article:modified_time\" content=\"2026-04-30T13:29:06+00:00\" \/>\n<meta property=\"og:image\" content=\"https:\/\/optik.roman-wagner.de\/wp-content\/uploads\/2022\/09\/Myopie-Junge-Haeder.jpg\" \/>\n\t<meta property=\"og:image:width\" content=\"1005\" \/>\n\t<meta property=\"og:image:height\" content=\"665\" \/>\n\t<meta property=\"og:image:type\" content=\"image\/jpeg\" \/>\n<meta name=\"author\" content=\"RomanWagner\" \/>\n<meta name=\"twitter:card\" content=\"summary_large_image\" \/>\n<meta name=\"twitter:label1\" content=\"\u00c9crit par\" \/>\n\t<meta name=\"twitter:data1\" content=\"RomanWagner\" \/>\n\t<meta name=\"twitter:label2\" content=\"Dur\u00e9e de lecture estim\u00e9e\" \/>\n\t<meta name=\"twitter:data2\" content=\"10 minutes\" \/>\n<script type=\"application\/ld+json\" class=\"yoast-schema-graph\">{\"@context\":\"https:\\\/\\\/schema.org\",\"@graph\":[{\"@type\":\"Article\",\"@id\":\"https:\\\/\\\/optik.roman-wagner.de\\\/fr\\\/2022\\\/09\\\/gestion-de-la-myopie-chez-roman-wagner\\\/#article\",\"isPartOf\":{\"@id\":\"https:\\\/\\\/optik.roman-wagner.de\\\/fr\\\/2022\\\/09\\\/gestion-de-la-myopie-chez-roman-wagner\\\/\"},\"author\":{\"name\":\"RomanWagner\",\"@id\":\"https:\\\/\\\/optik.roman-wagner.de\\\/fr\\\/#\\\/schema\\\/person\\\/4a52051c9505d1f3da58c234985c6c2f\"},\"headline\":\"Gestion de la myopie chez Roman Wagner\",\"datePublished\":\"2022-09-05T05:42:00+00:00\",\"dateModified\":\"2026-04-30T13:29:06+00:00\",\"mainEntityOfPage\":{\"@id\":\"https:\\\/\\\/optik.roman-wagner.de\\\/fr\\\/2022\\\/09\\\/gestion-de-la-myopie-chez-roman-wagner\\\/\"},\"wordCount\":1970,\"publisher\":{\"@id\":\"https:\\\/\\\/optik.roman-wagner.de\\\/fr\\\/#organization\"},\"image\":{\"@id\":\"https:\\\/\\\/optik.roman-wagner.de\\\/fr\\\/2022\\\/09\\\/gestion-de-la-myopie-chez-roman-wagner\\\/#primaryimage\"},\"thumbnailUrl\":\"https:\\\/\\\/optik.roman-wagner.de\\\/wp-content\\\/uploads\\\/2022\\\/09\\\/Myopie-Junge-Haeder.jpg\",\"inLanguage\":\"fr-FR\"},{\"@type\":\"WebPage\",\"@id\":\"https:\\\/\\\/optik.roman-wagner.de\\\/fr\\\/2022\\\/09\\\/gestion-de-la-myopie-chez-roman-wagner\\\/\",\"url\":\"https:\\\/\\\/optik.roman-wagner.de\\\/fr\\\/2022\\\/09\\\/gestion-de-la-myopie-chez-roman-wagner\\\/\",\"name\":\"Gestion de la myopie chez Roman Wagner \u00e0 Schweich\",\"isPartOf\":{\"@id\":\"https:\\\/\\\/optik.roman-wagner.de\\\/fr\\\/#website\"},\"primaryImageOfPage\":{\"@id\":\"https:\\\/\\\/optik.roman-wagner.de\\\/fr\\\/2022\\\/09\\\/gestion-de-la-myopie-chez-roman-wagner\\\/#primaryimage\"},\"image\":{\"@id\":\"https:\\\/\\\/optik.roman-wagner.de\\\/fr\\\/2022\\\/09\\\/gestion-de-la-myopie-chez-roman-wagner\\\/#primaryimage\"},\"thumbnailUrl\":\"https:\\\/\\\/optik.roman-wagner.de\\\/wp-content\\\/uploads\\\/2022\\\/09\\\/Myopie-Junge-Haeder.jpg\",\"datePublished\":\"2022-09-05T05:42:00+00:00\",\"dateModified\":\"2026-04-30T13:29:06+00:00\",\"description\":\"Agir activement contre la progression de la myopie chez les enfants. Prenez rendez-vous d\u00e8s maintenant \u00e0 Schweich.\",\"breadcrumb\":{\"@id\":\"https:\\\/\\\/optik.roman-wagner.de\\\/fr\\\/2022\\\/09\\\/gestion-de-la-myopie-chez-roman-wagner\\\/#breadcrumb\"},\"inLanguage\":\"fr-FR\",\"potentialAction\":[{\"@type\":\"ReadAction\",\"target\":[\"https:\\\/\\\/optik.roman-wagner.de\\\/fr\\\/2022\\\/09\\\/gestion-de-la-myopie-chez-roman-wagner\\\/\"]}]},{\"@type\":\"ImageObject\",\"inLanguage\":\"fr-FR\",\"@id\":\"https:\\\/\\\/optik.roman-wagner.de\\\/fr\\\/2022\\\/09\\\/gestion-de-la-myopie-chez-roman-wagner\\\/#primaryimage\",\"url\":\"https:\\\/\\\/optik.roman-wagner.de\\\/wp-content\\\/uploads\\\/2022\\\/09\\\/Myopie-Junge-Haeder.jpg\",\"contentUrl\":\"https:\\\/\\\/optik.roman-wagner.de\\\/wp-content\\\/uploads\\\/2022\\\/09\\\/Myopie-Junge-Haeder.jpg\",\"width\":1005,\"height\":665},{\"@type\":\"BreadcrumbList\",\"@id\":\"https:\\\/\\\/optik.roman-wagner.de\\\/fr\\\/2022\\\/09\\\/gestion-de-la-myopie-chez-roman-wagner\\\/#breadcrumb\",\"itemListElement\":[{\"@type\":\"ListItem\",\"position\":1,\"name\":\"Startseite\",\"item\":\"https:\\\/\\\/optik.roman-wagner.de\\\/fr\\\/centres-pour-une-bonne-vision\\\/\"},{\"@type\":\"ListItem\",\"position\":2,\"name\":\"Gestion de la myopie chez Roman Wagner\"}]},{\"@type\":\"WebSite\",\"@id\":\"https:\\\/\\\/optik.roman-wagner.de\\\/fr\\\/#website\",\"url\":\"https:\\\/\\\/optik.roman-wagner.de\\\/fr\\\/\",\"name\":\"Der Augenoptiker Roman Wagner\",\"description\":\"Zentren f\u00fcr gutes Sehen\",\"publisher\":{\"@id\":\"https:\\\/\\\/optik.roman-wagner.de\\\/fr\\\/#organization\"},\"potentialAction\":[{\"@type\":\"SearchAction\",\"target\":{\"@type\":\"EntryPoint\",\"urlTemplate\":\"https:\\\/\\\/optik.roman-wagner.de\\\/fr\\\/?s={search_term_string}\"},\"query-input\":{\"@type\":\"PropertyValueSpecification\",\"valueRequired\":true,\"valueName\":\"search_term_string\"}}],\"inLanguage\":\"fr-FR\"},{\"@type\":\"Organization\",\"@id\":\"https:\\\/\\\/optik.roman-wagner.de\\\/fr\\\/#organization\",\"name\":\"Der Augenoptiker Roman Wagner\",\"url\":\"https:\\\/\\\/optik.roman-wagner.de\\\/fr\\\/\",\"logo\":{\"@type\":\"ImageObject\",\"inLanguage\":\"fr-FR\",\"@id\":\"https:\\\/\\\/optik.roman-wagner.de\\\/fr\\\/#\\\/schema\\\/logo\\\/image\\\/\",\"url\":\"https:\\\/\\\/optik.roman-wagner.de\\\/wp-content\\\/uploads\\\/2019\\\/11\\\/Logo-RW-quadrat.jpg\",\"contentUrl\":\"https:\\\/\\\/optik.roman-wagner.de\\\/wp-content\\\/uploads\\\/2019\\\/11\\\/Logo-RW-quadrat.jpg\",\"width\":488,\"height\":479,\"caption\":\"Der Augenoptiker Roman Wagner\"},\"image\":{\"@id\":\"https:\\\/\\\/optik.roman-wagner.de\\\/fr\\\/#\\\/schema\\\/logo\\\/image\\\/\"},\"sameAs\":[\"https:\\\/\\\/www.facebook.com\\\/romanwagner.optiker\",\"https:\\\/\\\/www.instagram.com\\\/romanwagner.optiker\\\/\",\"https:\\\/\\\/www.youtube.com\\\/channel\\\/UCIHnCII9jl34mZG08gXgG6A\"]},{\"@type\":\"Person\",\"@id\":\"https:\\\/\\\/optik.roman-wagner.de\\\/fr\\\/#\\\/schema\\\/person\\\/4a52051c9505d1f3da58c234985c6c2f\",\"name\":\"RomanWagner\",\"image\":{\"@type\":\"ImageObject\",\"inLanguage\":\"fr-FR\",\"@id\":\"https:\\\/\\\/secure.gravatar.com\\\/avatar\\\/e6c57eb4a35b8245e2d2f86a3e023a8642987475df645a50407f34b4addef3fb?s=96&d=mm&r=g\",\"url\":\"https:\\\/\\\/secure.gravatar.com\\\/avatar\\\/e6c57eb4a35b8245e2d2f86a3e023a8642987475df645a50407f34b4addef3fb?s=96&d=mm&r=g\",\"contentUrl\":\"https:\\\/\\\/secure.gravatar.com\\\/avatar\\\/e6c57eb4a35b8245e2d2f86a3e023a8642987475df645a50407f34b4addef3fb?s=96&d=mm&r=g\",\"caption\":\"RomanWagner\"},\"url\":\"https:\\\/\\\/optik.roman-wagner.de\\\/fr\\\/author\\\/romanwagner\\\/\"}]}<\/script>\n<!-- \/ Yoast SEO plugin. -->","yoast_head_json":{"title":"Gestion de la myopie chez Roman Wagner \u00e0 Schweich","description":"Agir activement contre la progression de la myopie chez les enfants. Prenez rendez-vous d\u00e8s maintenant \u00e0 Schweich.","robots":{"index":"index","follow":"follow","max-snippet":"max-snippet:-1","max-image-preview":"max-image-preview:large","max-video-preview":"max-video-preview:-1"},"canonical":"https:\/\/optik.roman-wagner.de\/fr\/2022\/09\/gestion-de-la-myopie-chez-roman-wagner\/","og_locale":"fr_FR","og_type":"article","og_title":"Gestion de la myopie chez Roman Wagner \u00e0 Schweich","og_description":"Agir activement contre la progression de la myopie chez les enfants. Prenez rendez-vous d\u00e8s maintenant \u00e0 Schweich.","og_url":"https:\/\/optik.roman-wagner.de\/fr\/2022\/09\/gestion-de-la-myopie-chez-roman-wagner\/","og_site_name":"Roman Wagner","article_publisher":"https:\/\/www.facebook.com\/romanwagner.optiker","article_published_time":"2022-09-05T05:42:00+00:00","article_modified_time":"2026-04-30T13:29:06+00:00","og_image":[{"width":1005,"height":665,"url":"https:\/\/optik.roman-wagner.de\/wp-content\/uploads\/2022\/09\/Myopie-Junge-Haeder.jpg","type":"image\/jpeg"}],"author":"RomanWagner","twitter_card":"summary_large_image","twitter_misc":{"\u00c9crit par":"RomanWagner","Dur\u00e9e de lecture estim\u00e9e":"10 minutes"},"schema":{"@context":"https:\/\/schema.org","@graph":[{"@type":"Article","@id":"https:\/\/optik.roman-wagner.de\/fr\/2022\/09\/gestion-de-la-myopie-chez-roman-wagner\/#article","isPartOf":{"@id":"https:\/\/optik.roman-wagner.de\/fr\/2022\/09\/gestion-de-la-myopie-chez-roman-wagner\/"},"author":{"name":"RomanWagner","@id":"https:\/\/optik.roman-wagner.de\/fr\/#\/schema\/person\/4a52051c9505d1f3da58c234985c6c2f"},"headline":"Gestion de la myopie chez Roman Wagner","datePublished":"2022-09-05T05:42:00+00:00","dateModified":"2026-04-30T13:29:06+00:00","mainEntityOfPage":{"@id":"https:\/\/optik.roman-wagner.de\/fr\/2022\/09\/gestion-de-la-myopie-chez-roman-wagner\/"},"wordCount":1970,"publisher":{"@id":"https:\/\/optik.roman-wagner.de\/fr\/#organization"},"image":{"@id":"https:\/\/optik.roman-wagner.de\/fr\/2022\/09\/gestion-de-la-myopie-chez-roman-wagner\/#primaryimage"},"thumbnailUrl":"https:\/\/optik.roman-wagner.de\/wp-content\/uploads\/2022\/09\/Myopie-Junge-Haeder.jpg","inLanguage":"fr-FR"},{"@type":"WebPage","@id":"https:\/\/optik.roman-wagner.de\/fr\/2022\/09\/gestion-de-la-myopie-chez-roman-wagner\/","url":"https:\/\/optik.roman-wagner.de\/fr\/2022\/09\/gestion-de-la-myopie-chez-roman-wagner\/","name":"Gestion de la myopie chez Roman Wagner \u00e0 Schweich","isPartOf":{"@id":"https:\/\/optik.roman-wagner.de\/fr\/#website"},"primaryImageOfPage":{"@id":"https:\/\/optik.roman-wagner.de\/fr\/2022\/09\/gestion-de-la-myopie-chez-roman-wagner\/#primaryimage"},"image":{"@id":"https:\/\/optik.roman-wagner.de\/fr\/2022\/09\/gestion-de-la-myopie-chez-roman-wagner\/#primaryimage"},"thumbnailUrl":"https:\/\/optik.roman-wagner.de\/wp-content\/uploads\/2022\/09\/Myopie-Junge-Haeder.jpg","datePublished":"2022-09-05T05:42:00+00:00","dateModified":"2026-04-30T13:29:06+00:00","description":"Agir activement contre la progression de la myopie chez les enfants. Prenez rendez-vous d\u00e8s maintenant \u00e0 Schweich.","breadcrumb":{"@id":"https:\/\/optik.roman-wagner.de\/fr\/2022\/09\/gestion-de-la-myopie-chez-roman-wagner\/#breadcrumb"},"inLanguage":"fr-FR","potentialAction":[{"@type":"ReadAction","target":["https:\/\/optik.roman-wagner.de\/fr\/2022\/09\/gestion-de-la-myopie-chez-roman-wagner\/"]}]},{"@type":"ImageObject","inLanguage":"fr-FR","@id":"https:\/\/optik.roman-wagner.de\/fr\/2022\/09\/gestion-de-la-myopie-chez-roman-wagner\/#primaryimage","url":"https:\/\/optik.roman-wagner.de\/wp-content\/uploads\/2022\/09\/Myopie-Junge-Haeder.jpg","contentUrl":"https:\/\/optik.roman-wagner.de\/wp-content\/uploads\/2022\/09\/Myopie-Junge-Haeder.jpg","width":1005,"height":665},{"@type":"BreadcrumbList","@id":"https:\/\/optik.roman-wagner.de\/fr\/2022\/09\/gestion-de-la-myopie-chez-roman-wagner\/#breadcrumb","itemListElement":[{"@type":"ListItem","position":1,"name":"Startseite","item":"https:\/\/optik.roman-wagner.de\/fr\/centres-pour-une-bonne-vision\/"},{"@type":"ListItem","position":2,"name":"Gestion de la myopie chez Roman Wagner"}]},{"@type":"WebSite","@id":"https:\/\/optik.roman-wagner.de\/fr\/#website","url":"https:\/\/optik.roman-wagner.de\/fr\/","name":"Der Augenoptiker Roman Wagner","description":"Zentren f\u00fcr gutes Sehen","publisher":{"@id":"https:\/\/optik.roman-wagner.de\/fr\/#organization"},"potentialAction":[{"@type":"SearchAction","target":{"@type":"EntryPoint","urlTemplate":"https:\/\/optik.roman-wagner.de\/fr\/?s={search_term_string}"},"query-input":{"@type":"PropertyValueSpecification","valueRequired":true,"valueName":"search_term_string"}}],"inLanguage":"fr-FR"},{"@type":"Organization","@id":"https:\/\/optik.roman-wagner.de\/fr\/#organization","name":"Der Augenoptiker Roman Wagner","url":"https:\/\/optik.roman-wagner.de\/fr\/","logo":{"@type":"ImageObject","inLanguage":"fr-FR","@id":"https:\/\/optik.roman-wagner.de\/fr\/#\/schema\/logo\/image\/","url":"https:\/\/optik.roman-wagner.de\/wp-content\/uploads\/2019\/11\/Logo-RW-quadrat.jpg","contentUrl":"https:\/\/optik.roman-wagner.de\/wp-content\/uploads\/2019\/11\/Logo-RW-quadrat.jpg","width":488,"height":479,"caption":"Der Augenoptiker Roman Wagner"},"image":{"@id":"https:\/\/optik.roman-wagner.de\/fr\/#\/schema\/logo\/image\/"},"sameAs":["https:\/\/www.facebook.com\/romanwagner.optiker","https:\/\/www.instagram.com\/romanwagner.optiker\/","https:\/\/www.youtube.com\/channel\/UCIHnCII9jl34mZG08gXgG6A"]},{"@type":"Person","@id":"https:\/\/optik.roman-wagner.de\/fr\/#\/schema\/person\/4a52051c9505d1f3da58c234985c6c2f","name":"RomanWagner","image":{"@type":"ImageObject","inLanguage":"fr-FR","@id":"https:\/\/secure.gravatar.com\/avatar\/e6c57eb4a35b8245e2d2f86a3e023a8642987475df645a50407f34b4addef3fb?s=96&d=mm&r=g","url":"https:\/\/secure.gravatar.com\/avatar\/e6c57eb4a35b8245e2d2f86a3e023a8642987475df645a50407f34b4addef3fb?s=96&d=mm&r=g","contentUrl":"https:\/\/secure.gravatar.com\/avatar\/e6c57eb4a35b8245e2d2f86a3e023a8642987475df645a50407f34b4addef3fb?s=96&d=mm&r=g","caption":"RomanWagner"},"url":"https:\/\/optik.roman-wagner.de\/fr\/author\/romanwagner\/"}]}},"_links":{"self":[{"href":"https:\/\/optik.roman-wagner.de\/fr\/wp-json\/wp\/v2\/posts\/7372","targetHints":{"allow":["GET"]}}],"collection":[{"href":"https:\/\/optik.roman-wagner.de\/fr\/wp-json\/wp\/v2\/posts"}],"about":[{"href":"https:\/\/optik.roman-wagner.de\/fr\/wp-json\/wp\/v2\/types\/post"}],"author":[{"embeddable":true,"href":"https:\/\/optik.roman-wagner.de\/fr\/wp-json\/wp\/v2\/users\/1"}],"replies":[{"embeddable":true,"href":"https:\/\/optik.roman-wagner.de\/fr\/wp-json\/wp\/v2\/comments?post=7372"}],"version-history":[{"count":1,"href":"https:\/\/optik.roman-wagner.de\/fr\/wp-json\/wp\/v2\/posts\/7372\/revisions"}],"predecessor-version":[{"id":7374,"href":"https:\/\/optik.roman-wagner.de\/fr\/wp-json\/wp\/v2\/posts\/7372\/revisions\/7374"}],"wp:featuredmedia":[{"embeddable":true,"href":"https:\/\/optik.roman-wagner.de\/fr\/wp-json\/wp\/v2\/media\/7373"}],"wp:attachment":[{"href":"https:\/\/optik.roman-wagner.de\/fr\/wp-json\/wp\/v2\/media?parent=7372"}],"wp:term":[{"taxonomy":"category","embeddable":true,"href":"https:\/\/optik.roman-wagner.de\/fr\/wp-json\/wp\/v2\/categories?post=7372"},{"taxonomy":"post_tag","embeddable":true,"href":"https:\/\/optik.roman-wagner.de\/fr\/wp-json\/wp\/v2\/tags?post=7372"}],"curies":[{"name":"wp","href":"https:\/\/api.w.org\/{rel}","templated":true}]}}