{"id":7268,"date":"2026-02-09T11:23:22","date_gmt":"2026-02-09T10:23:22","guid":{"rendered":"https:\/\/optik.roman-wagner.de\/2026\/02\/nouveautes-de-la-mido-milan-2026-tendances-innovations-et-mode-optique-durable\/"},"modified":"2026-04-30T15:27:20","modified_gmt":"2026-04-30T13:27:20","slug":"nouveautes-de-la-mido-milan-2026-tendances-innovations-et-mode-optique-durable","status":"publish","type":"post","link":"https:\/\/optik.roman-wagner.de\/fr\/2026\/02\/nouveautes-de-la-mido-milan-2026-tendances-innovations-et-mode-optique-durable\/","title":{"rendered":"Nouveaut\u00e9s de la MIDO Milan 2026 \u2013 Tendances, innovations et mode optique durable"},"content":{"rendered":"\n[et_pb_section fb_built=\u00a0\u00bb1&Prime; _builder_version=\u00a0\u00bb4.25.1&Prime; custom_margin=\u00a0\u00bb130px||||false|false\u00a0\u00bb custom_margin_tablet=\u00a0\u00bb130px||||false|false\u00a0\u00bb custom_margin_phone=\u00a0\u00bb70px||||false|false\u00a0\u00bb custom_margin_last_edited=\u00a0\u00bbon|desktop\u00a0\u00bb custom_padding=\u00a0\u00bb0px||55px||false|false\u00a0\u00bb da_disable_devices=\u00a0\u00bboff|off|off\u00a0\u00bb global_colors_info=\u00a0\u00bb{}\u00a0\u00bb da_is_popup=\u00a0\u00bboff\u00a0\u00bb da_exit_intent=\u00a0\u00bboff\u00a0\u00bb da_has_close=\u00a0\u00bbon\u00a0\u00bb da_alt_close=\u00a0\u00bboff\u00a0\u00bb da_dark_close=\u00a0\u00bboff\u00a0\u00bb da_not_modal=\u00a0\u00bbon\u00a0\u00bb da_is_singular=\u00a0\u00bboff\u00a0\u00bb da_with_loader=\u00a0\u00bboff\u00a0\u00bb da_has_shadow=\u00a0\u00bbon\u00a0\u00bb][et_pb_row _builder_version=\u00a0\u00bb4.27.4&Prime; _module_preset=\u00a0\u00bbdefault\u00a0\u00bb global_colors_info=\u00a0\u00bb{}\u00a0\u00bb][et_pb_column type=\u00a0\u00bb4_4&Prime; _builder_version=\u00a0\u00bb4.27.4&Prime; _module_preset=\u00a0\u00bbdefault\u00a0\u00bb global_colors_info=\u00a0\u00bb{}\u00a0\u00bb][et_pb_text _builder_version=\u00a0\u00bb4.27.4&Prime; _module_preset=\u00a0\u00bbdefault\u00a0\u00bb global_colors_info=\u00a0\u00bb{}\u00a0\u00bb]<h1>Nouveaut\u00e9s de la MIDO Milan 2026 \u2013 Tendances, innovations et mode optique durable<\/h1>[\/et_pb_text][\/et_pb_column][\/et_pb_row][et_pb_row column_structure=\u00a0\u00bb1_2,1_2&Prime; _builder_version=\u00a0\u00bb4.16&Prime; global_colors_info=\u00a0\u00bb{}\u00a0\u00bb][et_pb_column type=\u00a0\u00bb1_2&Prime; _builder_version=\u00a0\u00bb4.16&Prime; global_colors_info=\u00a0\u00bb{}\u00a0\u00bb][et_pb_text _builder_version=\u00a0\u00bb4.27.4&Prime; header_font=\u00a0\u00bb|600|||||||\u00a0\u00bb global_colors_info=\u00a0\u00bb{}\u00a0\u00bb]<p>Chers clients,<\/p>\n<h3>Paris &#8211; Munich &#8211; Milan<\/h3>\n<p>Gr\u00e2ce \u00e0 <strong>nos visites r\u00e9guli\u00e8res de salons internationaux<\/strong>, nous vous proposons toujours la mode optique la plus actuelle, la technologie la plus moderne et les derni\u00e8res techniques de mesure.<\/p>\n<p>La MIDO Milan est le salon professionnel leader mondial de la lunetterie et de l\u2019optique. Du 31 janvier au 2 f\u00e9vrier 2026, plus de 1 000 exposants internationaux ont pr\u00e9sent\u00e9 les derni\u00e8res tendances et technologies du secteur \u00e0 la Fiera Milano Rho. <\/p>\n<p>Outre la mode optique internationale, l\u2019accent a \u00e9t\u00e9 mis sur la <strong>durabilit\u00e9 et l\u2019innovation<\/strong>. Les nouvelles montures fabriqu\u00e9es \u00e0 partir de mat\u00e9riaux modernes, parfois naturels, tels que les flocons de coton et les fibres de bois, allient design, artisanat et conscience environnementale \u2013 souvent sous forme de pi\u00e8ces uniques et exclusives. <\/p>\n<p>Dans le domaine des verres de lunettes, des innovations impressionnantes ont \u00e9t\u00e9 pr\u00e9sent\u00e9es. De <strong>nouvelles approches de fabrication math\u00e9matiques<\/strong> permettent de cr\u00e9er des verres avec des propri\u00e9t\u00e9s d\u2019imagerie particuli\u00e8rement brillantes, une pr\u00e9cision maximale et un confort visuel am\u00e9lior\u00e9 \u2013 adapt\u00e9s individuellement aux besoins de chaque porteur. <\/p>\n<p>Ces nouveaut\u00e9s ont \u00e9t\u00e9 compl\u00e9t\u00e9es par des <strong>techniques de mesure innovantes<\/strong> pour une d\u00e9termination pr\u00e9cise de l\u2019acuit\u00e9 visuelle, l\u2019adaptation des lentilles de contact et la pr\u00e9vention de la sant\u00e9 oculaire.<\/p>\n<p>Nous nous r\u00e9jouissons de vous pr\u00e9senter personnellement les derni\u00e8res tendances et innovations de Milan et de vous conseiller avec comp\u00e9tence.<\/p>\n<p>Roman Wagner<\/p>[\/et_pb_text][et_pb_button button_url=\u00a0\u00bbhttps:\/\/optik.roman-wagner.de\/online-termin\/\u00a0\u00bb button_text=\u00a0\u00bbPrendre rendez-vous maintenant\u00a0\u00bb _builder_version=\u00a0\u00bb4.18.0&Prime; _module_preset=\u00a0\u00bbdefault\u00a0\u00bb global_colors_info=\u00a0\u00bb{}\u00a0\u00bb][\/et_pb_button][\/et_pb_column][et_pb_column type=\u00a0\u00bb1_2&Prime; _builder_version=\u00a0\u00bb4.27.4&Prime; _module_preset=\u00a0\u00bbdefault\u00a0\u00bb global_colors_info=\u00a0\u00bb{}\u00a0\u00bb][dsm_masonry_gallery gallery_ids=\u00a0\u00bb7270,7271,7272,7273,7274,7275,7276,7277,7278,7279,7280,7281&Prime; dsm_sort_images=\u00a0\u00bboff\u00a0\u00bb _builder_version=\u00a0\u00bb4.27.4&Prime; _module_preset=\u00a0\u00bbdefault\u00a0\u00bb global_colors_info=\u00a0\u00bb{}\u00a0\u00bb][\/dsm_masonry_gallery][et_pb_image src=\u00a0\u00bbhttps:\/\/optik.roman-wagner.de\/wp-content\/uploads\/2023\/02\/logo_mido_2023.jpg\u00a0\u00bb title_text=\u00a0\u00bblogo_mido_2023&Prime; align=\u00a0\u00bbright\u00a0\u00bb _builder_version=\u00a0\u00bb4.27.4&Prime; _module_preset=\u00a0\u00bbdefault\u00a0\u00bb width=\u00a0\u00bb100%\u00a0\u00bb max_width=\u00a0\u00bb150px\u00a0\u00bb global_colors_info=\u00a0\u00bb{}\u00a0\u00bb][\/et_pb_image][\/et_pb_column][\/et_pb_row][et_pb_row _builder_version=\u00a0\u00bb4.27.4&Prime; _module_preset=\u00a0\u00bbdefault\u00a0\u00bb global_colors_info=\u00a0\u00bb{}\u00a0\u00bb][et_pb_column type=\u00a0\u00bb4_4&Prime; _builder_version=\u00a0\u00bb4.27.4&Prime; _module_preset=\u00a0\u00bbdefault\u00a0\u00bb global_colors_info=\u00a0\u00bb{}\u00a0\u00bb][et_pb_text _builder_version=\u00a0\u00bb4.27.4&Prime; _module_preset=\u00a0\u00bbdefault\u00a0\u00bb global_colors_info=\u00a0\u00bb{}\u00a0\u00bb]<p style=\"text-align: right;\"><span>Photos : \u00a9 Roman Wagner Visite du salon MIDO 2026, photos IA du D\u00f4me de Milan, de la Galleria Vittorio et du Castello Sforzesco. <\/span><\/p>[\/et_pb_text][\/et_pb_column][\/et_pb_row][\/et_pb_section]\n","protected":false},"excerpt":{"rendered":"<p>La MIDO Milan est le salon professionnel leader mondial de la lunetterie et de l\u2019optique. Du 31 janvier au 2 f\u00e9vrier 2026, plus de 1 000 exposants internationaux ont pr\u00e9sent\u00e9 les derni\u00e8res tendances et technologies du secteur \u00e0 la Fiera Milano Rho. <\/p>\n<p>Outre la mode optique internationale, l\u2019accent a \u00e9t\u00e9 mis sur la durabilit\u00e9 et l\u2019innovation. Les nouvelles montures fabriqu\u00e9es \u00e0 partir de mat\u00e9riaux modernes, parfois naturels, tels que les flocons de coton et les fibres de bois, allient design, artisanat et conscience environnementale \u2013 souvent sous forme de pi\u00e8ces uniques et exclusives. <\/p>\n","protected":false},"author":1,"featured_media":7269,"comment_status":"closed","ping_status":"open","sticky":false,"template":"","format":"standard","meta":{"_et_pb_use_builder":"on","_et_pb_old_content":"","_et_gb_content_width":"","iawp_total_views":0,"footnotes":""},"categories":[140,250],"tags":[254,253,252,255,251],"class_list":["post-7268","post","type-post","status-publish","format-standard","has-post-thumbnail","hentry","category-non-classe","category-salons","tag-durabilite","tag-mido-milan-2026","tag-mode-optique","tag-techniques-de-mesure-optique","tag-verres-innovants"],"yoast_head":"<!-- This site is optimized with the Yoast SEO plugin v27.4 - https:\/\/yoast.com\/product\/yoast-seo-wordpress\/ -->\n<title>Nouveaut\u00e9s de la MIDO Milan 2026<\/title>\n<meta name=\"description\" content=\"Nouveaut\u00e9s de la MIDO Milan 2026 : Tendances en mode optique, mat\u00e9riaux durables, verres innovants et techniques de mesure.\" \/>\n<meta name=\"robots\" content=\"index, follow, max-snippet:-1, max-image-preview:large, max-video-preview:-1\" \/>\n<link rel=\"canonical\" href=\"https:\/\/optik.roman-wagner.de\/fr\/2026\/02\/nouveautes-de-la-mido-milan-2026-tendances-innovations-et-mode-optique-durable\/\" \/>\n<meta property=\"og:locale\" content=\"fr_FR\" \/>\n<meta property=\"og:type\" content=\"article\" \/>\n<meta property=\"og:title\" content=\"Nouveaut\u00e9s de la MIDO Milan 2026\" \/>\n<meta property=\"og:description\" content=\"Nouveaut\u00e9s de la MIDO Milan 2026 : Tendances en mode optique, mat\u00e9riaux durables, verres innovants et techniques de mesure.\" \/>\n<meta property=\"og:url\" content=\"https:\/\/optik.roman-wagner.de\/fr\/2026\/02\/nouveautes-de-la-mido-milan-2026-tendances-innovations-et-mode-optique-durable\/\" \/>\n<meta property=\"og:site_name\" content=\"Roman Wagner\" \/>\n<meta property=\"article:publisher\" content=\"https:\/\/www.facebook.com\/romanwagner.optiker\" \/>\n<meta property=\"article:published_time\" content=\"2026-02-09T10:23:22+00:00\" \/>\n<meta property=\"article:modified_time\" content=\"2026-04-30T13:27:20+00:00\" \/>\n<meta property=\"og:image\" content=\"https:\/\/optik.roman-wagner.de\/wp-content\/uploads\/2026\/02\/Mido-2026_03.jpg\" \/>\n\t<meta property=\"og:image:width\" content=\"1200\" \/>\n\t<meta property=\"og:image:height\" content=\"904\" \/>\n\t<meta property=\"og:image:type\" content=\"image\/jpeg\" \/>\n<meta name=\"author\" content=\"RomanWagner\" \/>\n<meta name=\"twitter:card\" content=\"summary_large_image\" \/>\n<meta name=\"twitter:label1\" content=\"\u00c9crit par\" \/>\n\t<meta name=\"twitter:data1\" content=\"RomanWagner\" \/>\n\t<meta name=\"twitter:label2\" content=\"Dur\u00e9e de lecture estim\u00e9e\" \/>\n\t<meta name=\"twitter:data2\" content=\"3 minutes\" \/>\n<script type=\"application\/ld+json\" class=\"yoast-schema-graph\">{\"@context\":\"https:\\\/\\\/schema.org\",\"@graph\":[{\"@type\":\"Article\",\"@id\":\"https:\\\/\\\/optik.roman-wagner.de\\\/fr\\\/2026\\\/02\\\/nouveautes-de-la-mido-milan-2026-tendances-innovations-et-mode-optique-durable\\\/#article\",\"isPartOf\":{\"@id\":\"https:\\\/\\\/optik.roman-wagner.de\\\/fr\\\/2026\\\/02\\\/nouveautes-de-la-mido-milan-2026-tendances-innovations-et-mode-optique-durable\\\/\"},\"author\":{\"name\":\"RomanWagner\",\"@id\":\"https:\\\/\\\/optik.roman-wagner.de\\\/fr\\\/#\\\/schema\\\/person\\\/4a52051c9505d1f3da58c234985c6c2f\"},\"headline\":\"Nouveaut\u00e9s de la MIDO Milan 2026 \u2013 Tendances, innovations et mode optique durable\",\"datePublished\":\"2026-02-09T10:23:22+00:00\",\"dateModified\":\"2026-04-30T13:27:20+00:00\",\"mainEntityOfPage\":{\"@id\":\"https:\\\/\\\/optik.roman-wagner.de\\\/fr\\\/2026\\\/02\\\/nouveautes-de-la-mido-milan-2026-tendances-innovations-et-mode-optique-durable\\\/\"},\"wordCount\":602,\"publisher\":{\"@id\":\"https:\\\/\\\/optik.roman-wagner.de\\\/fr\\\/#organization\"},\"image\":{\"@id\":\"https:\\\/\\\/optik.roman-wagner.de\\\/fr\\\/2026\\\/02\\\/nouveautes-de-la-mido-milan-2026-tendances-innovations-et-mode-optique-durable\\\/#primaryimage\"},\"thumbnailUrl\":\"https:\\\/\\\/optik.roman-wagner.de\\\/wp-content\\\/uploads\\\/2026\\\/02\\\/Mido-2026_03.jpg\",\"keywords\":[\"Durabilit\u00e9\",\"MIDO Milan 2026\",\"Mode optique\",\"Techniques de mesure optique\",\"Verres innovants\"],\"articleSection\":{\"1\":\"Salons\"},\"inLanguage\":\"fr-FR\"},{\"@type\":\"WebPage\",\"@id\":\"https:\\\/\\\/optik.roman-wagner.de\\\/fr\\\/2026\\\/02\\\/nouveautes-de-la-mido-milan-2026-tendances-innovations-et-mode-optique-durable\\\/\",\"url\":\"https:\\\/\\\/optik.roman-wagner.de\\\/fr\\\/2026\\\/02\\\/nouveautes-de-la-mido-milan-2026-tendances-innovations-et-mode-optique-durable\\\/\",\"name\":\"Nouveaut\u00e9s de la MIDO Milan 2026\",\"isPartOf\":{\"@id\":\"https:\\\/\\\/optik.roman-wagner.de\\\/fr\\\/#website\"},\"primaryImageOfPage\":{\"@id\":\"https:\\\/\\\/optik.roman-wagner.de\\\/fr\\\/2026\\\/02\\\/nouveautes-de-la-mido-milan-2026-tendances-innovations-et-mode-optique-durable\\\/#primaryimage\"},\"image\":{\"@id\":\"https:\\\/\\\/optik.roman-wagner.de\\\/fr\\\/2026\\\/02\\\/nouveautes-de-la-mido-milan-2026-tendances-innovations-et-mode-optique-durable\\\/#primaryimage\"},\"thumbnailUrl\":\"https:\\\/\\\/optik.roman-wagner.de\\\/wp-content\\\/uploads\\\/2026\\\/02\\\/Mido-2026_03.jpg\",\"datePublished\":\"2026-02-09T10:23:22+00:00\",\"dateModified\":\"2026-04-30T13:27:20+00:00\",\"description\":\"Nouveaut\u00e9s de la MIDO Milan 2026 : Tendances en mode optique, mat\u00e9riaux durables, verres innovants et techniques de mesure.\",\"breadcrumb\":{\"@id\":\"https:\\\/\\\/optik.roman-wagner.de\\\/fr\\\/2026\\\/02\\\/nouveautes-de-la-mido-milan-2026-tendances-innovations-et-mode-optique-durable\\\/#breadcrumb\"},\"inLanguage\":\"fr-FR\",\"potentialAction\":[{\"@type\":\"ReadAction\",\"target\":[\"https:\\\/\\\/optik.roman-wagner.de\\\/fr\\\/2026\\\/02\\\/nouveautes-de-la-mido-milan-2026-tendances-innovations-et-mode-optique-durable\\\/\"]}]},{\"@type\":\"ImageObject\",\"inLanguage\":\"fr-FR\",\"@id\":\"https:\\\/\\\/optik.roman-wagner.de\\\/fr\\\/2026\\\/02\\\/nouveautes-de-la-mido-milan-2026-tendances-innovations-et-mode-optique-durable\\\/#primaryimage\",\"url\":\"https:\\\/\\\/optik.roman-wagner.de\\\/wp-content\\\/uploads\\\/2026\\\/02\\\/Mido-2026_03.jpg\",\"contentUrl\":\"https:\\\/\\\/optik.roman-wagner.de\\\/wp-content\\\/uploads\\\/2026\\\/02\\\/Mido-2026_03.jpg\",\"width\":1200,\"height\":904,\"caption\":\"Mido 2026 - Tendances du salon\"},{\"@type\":\"BreadcrumbList\",\"@id\":\"https:\\\/\\\/optik.roman-wagner.de\\\/fr\\\/2026\\\/02\\\/nouveautes-de-la-mido-milan-2026-tendances-innovations-et-mode-optique-durable\\\/#breadcrumb\",\"itemListElement\":[{\"@type\":\"ListItem\",\"position\":1,\"name\":\"Startseite\",\"item\":\"https:\\\/\\\/optik.roman-wagner.de\\\/fr\\\/centres-pour-une-bonne-vision\\\/\"},{\"@type\":\"ListItem\",\"position\":2,\"name\":\"Nouveaut\u00e9s de la MIDO Milan 2026 \u2013 Tendances, innovations et mode optique durable\"}]},{\"@type\":\"WebSite\",\"@id\":\"https:\\\/\\\/optik.roman-wagner.de\\\/fr\\\/#website\",\"url\":\"https:\\\/\\\/optik.roman-wagner.de\\\/fr\\\/\",\"name\":\"Der Augenoptiker Roman Wagner\",\"description\":\"Zentren f\u00fcr gutes Sehen\",\"publisher\":{\"@id\":\"https:\\\/\\\/optik.roman-wagner.de\\\/fr\\\/#organization\"},\"potentialAction\":[{\"@type\":\"SearchAction\",\"target\":{\"@type\":\"EntryPoint\",\"urlTemplate\":\"https:\\\/\\\/optik.roman-wagner.de\\\/fr\\\/?s={search_term_string}\"},\"query-input\":{\"@type\":\"PropertyValueSpecification\",\"valueRequired\":true,\"valueName\":\"search_term_string\"}}],\"inLanguage\":\"fr-FR\"},{\"@type\":\"Organization\",\"@id\":\"https:\\\/\\\/optik.roman-wagner.de\\\/fr\\\/#organization\",\"name\":\"Der Augenoptiker Roman Wagner\",\"url\":\"https:\\\/\\\/optik.roman-wagner.de\\\/fr\\\/\",\"logo\":{\"@type\":\"ImageObject\",\"inLanguage\":\"fr-FR\",\"@id\":\"https:\\\/\\\/optik.roman-wagner.de\\\/fr\\\/#\\\/schema\\\/logo\\\/image\\\/\",\"url\":\"https:\\\/\\\/optik.roman-wagner.de\\\/wp-content\\\/uploads\\\/2019\\\/11\\\/Logo-RW-quadrat.jpg\",\"contentUrl\":\"https:\\\/\\\/optik.roman-wagner.de\\\/wp-content\\\/uploads\\\/2019\\\/11\\\/Logo-RW-quadrat.jpg\",\"width\":488,\"height\":479,\"caption\":\"Der Augenoptiker Roman Wagner\"},\"image\":{\"@id\":\"https:\\\/\\\/optik.roman-wagner.de\\\/fr\\\/#\\\/schema\\\/logo\\\/image\\\/\"},\"sameAs\":[\"https:\\\/\\\/www.facebook.com\\\/romanwagner.optiker\",\"https:\\\/\\\/www.instagram.com\\\/romanwagner.optiker\\\/\",\"https:\\\/\\\/www.youtube.com\\\/channel\\\/UCIHnCII9jl34mZG08gXgG6A\"]},{\"@type\":\"Person\",\"@id\":\"https:\\\/\\\/optik.roman-wagner.de\\\/fr\\\/#\\\/schema\\\/person\\\/4a52051c9505d1f3da58c234985c6c2f\",\"name\":\"RomanWagner\",\"image\":{\"@type\":\"ImageObject\",\"inLanguage\":\"fr-FR\",\"@id\":\"https:\\\/\\\/secure.gravatar.com\\\/avatar\\\/e6c57eb4a35b8245e2d2f86a3e023a8642987475df645a50407f34b4addef3fb?s=96&d=mm&r=g\",\"url\":\"https:\\\/\\\/secure.gravatar.com\\\/avatar\\\/e6c57eb4a35b8245e2d2f86a3e023a8642987475df645a50407f34b4addef3fb?s=96&d=mm&r=g\",\"contentUrl\":\"https:\\\/\\\/secure.gravatar.com\\\/avatar\\\/e6c57eb4a35b8245e2d2f86a3e023a8642987475df645a50407f34b4addef3fb?s=96&d=mm&r=g\",\"caption\":\"RomanWagner\"},\"url\":\"https:\\\/\\\/optik.roman-wagner.de\\\/fr\\\/author\\\/romanwagner\\\/\"}]}<\/script>\n<!-- \/ Yoast SEO plugin. -->","yoast_head_json":{"title":"Nouveaut\u00e9s de la MIDO Milan 2026","description":"Nouveaut\u00e9s de la MIDO Milan 2026 : Tendances en mode optique, mat\u00e9riaux durables, verres innovants et techniques de mesure.","robots":{"index":"index","follow":"follow","max-snippet":"max-snippet:-1","max-image-preview":"max-image-preview:large","max-video-preview":"max-video-preview:-1"},"canonical":"https:\/\/optik.roman-wagner.de\/fr\/2026\/02\/nouveautes-de-la-mido-milan-2026-tendances-innovations-et-mode-optique-durable\/","og_locale":"fr_FR","og_type":"article","og_title":"Nouveaut\u00e9s de la MIDO Milan 2026","og_description":"Nouveaut\u00e9s de la MIDO Milan 2026 : Tendances en mode optique, mat\u00e9riaux durables, verres innovants et techniques de mesure.","og_url":"https:\/\/optik.roman-wagner.de\/fr\/2026\/02\/nouveautes-de-la-mido-milan-2026-tendances-innovations-et-mode-optique-durable\/","og_site_name":"Roman Wagner","article_publisher":"https:\/\/www.facebook.com\/romanwagner.optiker","article_published_time":"2026-02-09T10:23:22+00:00","article_modified_time":"2026-04-30T13:27:20+00:00","og_image":[{"width":1200,"height":904,"url":"https:\/\/optik.roman-wagner.de\/wp-content\/uploads\/2026\/02\/Mido-2026_03.jpg","type":"image\/jpeg"}],"author":"RomanWagner","twitter_card":"summary_large_image","twitter_misc":{"\u00c9crit par":"RomanWagner","Dur\u00e9e de lecture estim\u00e9e":"3 minutes"},"schema":{"@context":"https:\/\/schema.org","@graph":[{"@type":"Article","@id":"https:\/\/optik.roman-wagner.de\/fr\/2026\/02\/nouveautes-de-la-mido-milan-2026-tendances-innovations-et-mode-optique-durable\/#article","isPartOf":{"@id":"https:\/\/optik.roman-wagner.de\/fr\/2026\/02\/nouveautes-de-la-mido-milan-2026-tendances-innovations-et-mode-optique-durable\/"},"author":{"name":"RomanWagner","@id":"https:\/\/optik.roman-wagner.de\/fr\/#\/schema\/person\/4a52051c9505d1f3da58c234985c6c2f"},"headline":"Nouveaut\u00e9s de la MIDO Milan 2026 \u2013 Tendances, innovations et mode optique durable","datePublished":"2026-02-09T10:23:22+00:00","dateModified":"2026-04-30T13:27:20+00:00","mainEntityOfPage":{"@id":"https:\/\/optik.roman-wagner.de\/fr\/2026\/02\/nouveautes-de-la-mido-milan-2026-tendances-innovations-et-mode-optique-durable\/"},"wordCount":602,"publisher":{"@id":"https:\/\/optik.roman-wagner.de\/fr\/#organization"},"image":{"@id":"https:\/\/optik.roman-wagner.de\/fr\/2026\/02\/nouveautes-de-la-mido-milan-2026-tendances-innovations-et-mode-optique-durable\/#primaryimage"},"thumbnailUrl":"https:\/\/optik.roman-wagner.de\/wp-content\/uploads\/2026\/02\/Mido-2026_03.jpg","keywords":["Durabilit\u00e9","MIDO Milan 2026","Mode optique","Techniques de mesure optique","Verres innovants"],"articleSection":{"1":"Salons"},"inLanguage":"fr-FR"},{"@type":"WebPage","@id":"https:\/\/optik.roman-wagner.de\/fr\/2026\/02\/nouveautes-de-la-mido-milan-2026-tendances-innovations-et-mode-optique-durable\/","url":"https:\/\/optik.roman-wagner.de\/fr\/2026\/02\/nouveautes-de-la-mido-milan-2026-tendances-innovations-et-mode-optique-durable\/","name":"Nouveaut\u00e9s de la MIDO Milan 2026","isPartOf":{"@id":"https:\/\/optik.roman-wagner.de\/fr\/#website"},"primaryImageOfPage":{"@id":"https:\/\/optik.roman-wagner.de\/fr\/2026\/02\/nouveautes-de-la-mido-milan-2026-tendances-innovations-et-mode-optique-durable\/#primaryimage"},"image":{"@id":"https:\/\/optik.roman-wagner.de\/fr\/2026\/02\/nouveautes-de-la-mido-milan-2026-tendances-innovations-et-mode-optique-durable\/#primaryimage"},"thumbnailUrl":"https:\/\/optik.roman-wagner.de\/wp-content\/uploads\/2026\/02\/Mido-2026_03.jpg","datePublished":"2026-02-09T10:23:22+00:00","dateModified":"2026-04-30T13:27:20+00:00","description":"Nouveaut\u00e9s de la MIDO Milan 2026 : Tendances en mode optique, mat\u00e9riaux durables, verres innovants et techniques de mesure.","breadcrumb":{"@id":"https:\/\/optik.roman-wagner.de\/fr\/2026\/02\/nouveautes-de-la-mido-milan-2026-tendances-innovations-et-mode-optique-durable\/#breadcrumb"},"inLanguage":"fr-FR","potentialAction":[{"@type":"ReadAction","target":["https:\/\/optik.roman-wagner.de\/fr\/2026\/02\/nouveautes-de-la-mido-milan-2026-tendances-innovations-et-mode-optique-durable\/"]}]},{"@type":"ImageObject","inLanguage":"fr-FR","@id":"https:\/\/optik.roman-wagner.de\/fr\/2026\/02\/nouveautes-de-la-mido-milan-2026-tendances-innovations-et-mode-optique-durable\/#primaryimage","url":"https:\/\/optik.roman-wagner.de\/wp-content\/uploads\/2026\/02\/Mido-2026_03.jpg","contentUrl":"https:\/\/optik.roman-wagner.de\/wp-content\/uploads\/2026\/02\/Mido-2026_03.jpg","width":1200,"height":904,"caption":"Mido 2026 - Tendances du salon"},{"@type":"BreadcrumbList","@id":"https:\/\/optik.roman-wagner.de\/fr\/2026\/02\/nouveautes-de-la-mido-milan-2026-tendances-innovations-et-mode-optique-durable\/#breadcrumb","itemListElement":[{"@type":"ListItem","position":1,"name":"Startseite","item":"https:\/\/optik.roman-wagner.de\/fr\/centres-pour-une-bonne-vision\/"},{"@type":"ListItem","position":2,"name":"Nouveaut\u00e9s de la MIDO Milan 2026 \u2013 Tendances, innovations et mode optique durable"}]},{"@type":"WebSite","@id":"https:\/\/optik.roman-wagner.de\/fr\/#website","url":"https:\/\/optik.roman-wagner.de\/fr\/","name":"Der Augenoptiker Roman Wagner","description":"Zentren f\u00fcr gutes Sehen","publisher":{"@id":"https:\/\/optik.roman-wagner.de\/fr\/#organization"},"potentialAction":[{"@type":"SearchAction","target":{"@type":"EntryPoint","urlTemplate":"https:\/\/optik.roman-wagner.de\/fr\/?s={search_term_string}"},"query-input":{"@type":"PropertyValueSpecification","valueRequired":true,"valueName":"search_term_string"}}],"inLanguage":"fr-FR"},{"@type":"Organization","@id":"https:\/\/optik.roman-wagner.de\/fr\/#organization","name":"Der Augenoptiker Roman Wagner","url":"https:\/\/optik.roman-wagner.de\/fr\/","logo":{"@type":"ImageObject","inLanguage":"fr-FR","@id":"https:\/\/optik.roman-wagner.de\/fr\/#\/schema\/logo\/image\/","url":"https:\/\/optik.roman-wagner.de\/wp-content\/uploads\/2019\/11\/Logo-RW-quadrat.jpg","contentUrl":"https:\/\/optik.roman-wagner.de\/wp-content\/uploads\/2019\/11\/Logo-RW-quadrat.jpg","width":488,"height":479,"caption":"Der Augenoptiker Roman Wagner"},"image":{"@id":"https:\/\/optik.roman-wagner.de\/fr\/#\/schema\/logo\/image\/"},"sameAs":["https:\/\/www.facebook.com\/romanwagner.optiker","https:\/\/www.instagram.com\/romanwagner.optiker\/","https:\/\/www.youtube.com\/channel\/UCIHnCII9jl34mZG08gXgG6A"]},{"@type":"Person","@id":"https:\/\/optik.roman-wagner.de\/fr\/#\/schema\/person\/4a52051c9505d1f3da58c234985c6c2f","name":"RomanWagner","image":{"@type":"ImageObject","inLanguage":"fr-FR","@id":"https:\/\/secure.gravatar.com\/avatar\/e6c57eb4a35b8245e2d2f86a3e023a8642987475df645a50407f34b4addef3fb?s=96&d=mm&r=g","url":"https:\/\/secure.gravatar.com\/avatar\/e6c57eb4a35b8245e2d2f86a3e023a8642987475df645a50407f34b4addef3fb?s=96&d=mm&r=g","contentUrl":"https:\/\/secure.gravatar.com\/avatar\/e6c57eb4a35b8245e2d2f86a3e023a8642987475df645a50407f34b4addef3fb?s=96&d=mm&r=g","caption":"RomanWagner"},"url":"https:\/\/optik.roman-wagner.de\/fr\/author\/romanwagner\/"}]}},"_links":{"self":[{"href":"https:\/\/optik.roman-wagner.de\/fr\/wp-json\/wp\/v2\/posts\/7268","targetHints":{"allow":["GET"]}}],"collection":[{"href":"https:\/\/optik.roman-wagner.de\/fr\/wp-json\/wp\/v2\/posts"}],"about":[{"href":"https:\/\/optik.roman-wagner.de\/fr\/wp-json\/wp\/v2\/types\/post"}],"author":[{"embeddable":true,"href":"https:\/\/optik.roman-wagner.de\/fr\/wp-json\/wp\/v2\/users\/1"}],"replies":[{"embeddable":true,"href":"https:\/\/optik.roman-wagner.de\/fr\/wp-json\/wp\/v2\/comments?post=7268"}],"version-history":[{"count":2,"href":"https:\/\/optik.roman-wagner.de\/fr\/wp-json\/wp\/v2\/posts\/7268\/revisions"}],"predecessor-version":[{"id":7283,"href":"https:\/\/optik.roman-wagner.de\/fr\/wp-json\/wp\/v2\/posts\/7268\/revisions\/7283"}],"wp:featuredmedia":[{"embeddable":true,"href":"https:\/\/optik.roman-wagner.de\/fr\/wp-json\/wp\/v2\/media\/7269"}],"wp:attachment":[{"href":"https:\/\/optik.roman-wagner.de\/fr\/wp-json\/wp\/v2\/media?parent=7268"}],"wp:term":[{"taxonomy":"category","embeddable":true,"href":"https:\/\/optik.roman-wagner.de\/fr\/wp-json\/wp\/v2\/categories?post=7268"},{"taxonomy":"post_tag","embeddable":true,"href":"https:\/\/optik.roman-wagner.de\/fr\/wp-json\/wp\/v2\/tags?post=7268"}],"curies":[{"name":"wp","href":"https:\/\/api.w.org\/{rel}","templated":true}]}}