{"id":7197,"date":"2025-01-29T07:59:00","date_gmt":"2025-01-29T06:59:00","guid":{"rendered":"https:\/\/optik.roman-wagner.de\/2025\/01\/lexcellence-a-convaincu-nos-clients\/"},"modified":"2025-01-29T07:59:00","modified_gmt":"2025-01-29T06:59:00","slug":"lexcellence-a-convaincu-nos-clients","status":"publish","type":"post","link":"https:\/\/optik.roman-wagner.de\/fr\/2025\/01\/lexcellence-a-convaincu-nos-clients\/","title":{"rendered":"L\u2019excellence a convaincu nos clients !"},"content":{"rendered":"","protected":false},"excerpt":{"rendered":"<p>Afin de savoir s\u2019ils sont pleinement satisfaits de nos prestations et de notre service, nous avons envoy\u00e9 \u00e0 nos clients des questionnaires d\u00e9taill\u00e9s \u2013 \u00e9labor\u00e9s et analys\u00e9s par l\u2019institut neutre BGW pour les \u00e9tudes de march\u00e9 innovantes \u00e0 D\u00fcsseldorf.<\/p>\n","protected":false},"author":1,"featured_media":7199,"comment_status":"closed","ping_status":"open","sticky":false,"template":"","format":"standard","meta":{"_et_pb_use_builder":"on","_et_pb_old_content":"","_et_gb_content_width":"","iawp_total_views":0,"footnotes":""},"categories":[140],"tags":[],"class_list":["post-7197","post","type-post","status-publish","format-standard","has-post-thumbnail","hentry","category-non-classe"],"yoast_head":"<!-- This site is optimized with the Yoast SEO plugin v27.4 - https:\/\/yoast.com\/product\/yoast-seo-wordpress\/ -->\n<title>L\u2019excellence a convaincu nos clients !<\/title>\n<meta name=\"description\" content=\"Afin de savoir s\u2019ils sont pleinement satisfaits de nos prestations et de notre service, nous avons envoy\u00e9 \u00e0 nos clients des questionnaires d\u00e9taill\u00e9s \u2013 \u00e9labor\u00e9s et analys\u00e9s par l\u2019institut neutre BGW pour les \u00e9tudes de march\u00e9 innovantes \u00e0 D\u00fcsseldorf.\" \/>\n<meta name=\"robots\" content=\"index, follow, max-snippet:-1, max-image-preview:large, max-video-preview:-1\" \/>\n<link rel=\"canonical\" href=\"https:\/\/optik.roman-wagner.de\/fr\/2025\/01\/lexcellence-a-convaincu-nos-clients\/\" \/>\n<meta property=\"og:locale\" content=\"fr_FR\" \/>\n<meta property=\"og:type\" content=\"article\" \/>\n<meta property=\"og:title\" content=\"L\u2019excellence a convaincu nos clients !\" \/>\n<meta property=\"og:description\" content=\"Afin de savoir s\u2019ils sont pleinement satisfaits de nos prestations et de notre service, nous avons envoy\u00e9 \u00e0 nos clients des questionnaires d\u00e9taill\u00e9s \u2013 \u00e9labor\u00e9s et analys\u00e9s par l\u2019institut neutre BGW pour les \u00e9tudes de march\u00e9 innovantes \u00e0 D\u00fcsseldorf.\" \/>\n<meta property=\"og:url\" content=\"https:\/\/optik.roman-wagner.de\/fr\/2025\/01\/lexcellence-a-convaincu-nos-clients\/\" \/>\n<meta property=\"og:site_name\" content=\"Roman Wagner\" \/>\n<meta property=\"article:publisher\" content=\"https:\/\/www.facebook.com\/romanwagner.optiker\" \/>\n<meta property=\"article:published_time\" content=\"2025-01-29T06:59:00+00:00\" \/>\n<meta property=\"og:image\" content=\"https:\/\/optik.roman-wagner.de\/wp-content\/uploads\/2022\/06\/Exzellent-BGW-2025-Auszeichnung-Logo.jpg\" \/>\n\t<meta property=\"og:image:width\" content=\"650\" \/>\n\t<meta property=\"og:image:height\" content=\"389\" \/>\n\t<meta property=\"og:image:type\" content=\"image\/jpeg\" \/>\n<meta name=\"author\" content=\"RomanWagner\" \/>\n<meta name=\"twitter:card\" content=\"summary_large_image\" \/>\n<meta name=\"twitter:label1\" content=\"\u00c9crit par\" \/>\n\t<meta name=\"twitter:data1\" content=\"RomanWagner\" \/>\n<script type=\"application\/ld+json\" class=\"yoast-schema-graph\">{\"@context\":\"https:\\\/\\\/schema.org\",\"@graph\":[{\"@type\":\"Article\",\"@id\":\"https:\\\/\\\/optik.roman-wagner.de\\\/fr\\\/2025\\\/01\\\/lexcellence-a-convaincu-nos-clients\\\/#article\",\"isPartOf\":{\"@id\":\"https:\\\/\\\/optik.roman-wagner.de\\\/fr\\\/2025\\\/01\\\/lexcellence-a-convaincu-nos-clients\\\/\"},\"author\":{\"name\":\"RomanWagner\",\"@id\":\"https:\\\/\\\/optik.roman-wagner.de\\\/fr\\\/#\\\/schema\\\/person\\\/4a52051c9505d1f3da58c234985c6c2f\"},\"headline\":\"L\u2019excellence a convaincu nos clients !\",\"datePublished\":\"2025-01-29T06:59:00+00:00\",\"mainEntityOfPage\":{\"@id\":\"https:\\\/\\\/optik.roman-wagner.de\\\/fr\\\/2025\\\/01\\\/lexcellence-a-convaincu-nos-clients\\\/\"},\"wordCount\":6,\"publisher\":{\"@id\":\"https:\\\/\\\/optik.roman-wagner.de\\\/fr\\\/#organization\"},\"image\":{\"@id\":\"https:\\\/\\\/optik.roman-wagner.de\\\/fr\\\/2025\\\/01\\\/lexcellence-a-convaincu-nos-clients\\\/#primaryimage\"},\"thumbnailUrl\":\"https:\\\/\\\/optik.roman-wagner.de\\\/wp-content\\\/uploads\\\/2022\\\/06\\\/Exzellent-BGW-2025-Auszeichnung-Logo.jpg\",\"inLanguage\":\"fr-FR\"},{\"@type\":\"WebPage\",\"@id\":\"https:\\\/\\\/optik.roman-wagner.de\\\/fr\\\/2025\\\/01\\\/lexcellence-a-convaincu-nos-clients\\\/\",\"url\":\"https:\\\/\\\/optik.roman-wagner.de\\\/fr\\\/2025\\\/01\\\/lexcellence-a-convaincu-nos-clients\\\/\",\"name\":\"L\u2019excellence a convaincu nos clients !\",\"isPartOf\":{\"@id\":\"https:\\\/\\\/optik.roman-wagner.de\\\/fr\\\/#website\"},\"primaryImageOfPage\":{\"@id\":\"https:\\\/\\\/optik.roman-wagner.de\\\/fr\\\/2025\\\/01\\\/lexcellence-a-convaincu-nos-clients\\\/#primaryimage\"},\"image\":{\"@id\":\"https:\\\/\\\/optik.roman-wagner.de\\\/fr\\\/2025\\\/01\\\/lexcellence-a-convaincu-nos-clients\\\/#primaryimage\"},\"thumbnailUrl\":\"https:\\\/\\\/optik.roman-wagner.de\\\/wp-content\\\/uploads\\\/2022\\\/06\\\/Exzellent-BGW-2025-Auszeichnung-Logo.jpg\",\"datePublished\":\"2025-01-29T06:59:00+00:00\",\"description\":\"Afin de savoir s\u2019ils sont pleinement satisfaits de nos prestations et de notre service, nous avons envoy\u00e9 \u00e0 nos clients des questionnaires d\u00e9taill\u00e9s \u2013 \u00e9labor\u00e9s et analys\u00e9s par l\u2019institut neutre BGW pour les \u00e9tudes de march\u00e9 innovantes \u00e0 D\u00fcsseldorf.\",\"breadcrumb\":{\"@id\":\"https:\\\/\\\/optik.roman-wagner.de\\\/fr\\\/2025\\\/01\\\/lexcellence-a-convaincu-nos-clients\\\/#breadcrumb\"},\"inLanguage\":\"fr-FR\",\"potentialAction\":[{\"@type\":\"ReadAction\",\"target\":[\"https:\\\/\\\/optik.roman-wagner.de\\\/fr\\\/2025\\\/01\\\/lexcellence-a-convaincu-nos-clients\\\/\"]}]},{\"@type\":\"ImageObject\",\"inLanguage\":\"fr-FR\",\"@id\":\"https:\\\/\\\/optik.roman-wagner.de\\\/fr\\\/2025\\\/01\\\/lexcellence-a-convaincu-nos-clients\\\/#primaryimage\",\"url\":\"https:\\\/\\\/optik.roman-wagner.de\\\/wp-content\\\/uploads\\\/2022\\\/06\\\/Exzellent-BGW-2025-Auszeichnung-Logo.jpg\",\"contentUrl\":\"https:\\\/\\\/optik.roman-wagner.de\\\/wp-content\\\/uploads\\\/2022\\\/06\\\/Exzellent-BGW-2025-Auszeichnung-Logo.jpg\",\"width\":650,\"height\":389,\"caption\":\"Capture d\u2019\u00e9cran\"},{\"@type\":\"BreadcrumbList\",\"@id\":\"https:\\\/\\\/optik.roman-wagner.de\\\/fr\\\/2025\\\/01\\\/lexcellence-a-convaincu-nos-clients\\\/#breadcrumb\",\"itemListElement\":[{\"@type\":\"ListItem\",\"position\":1,\"name\":\"Startseite\",\"item\":\"https:\\\/\\\/optik.roman-wagner.de\\\/fr\\\/centres-pour-une-bonne-vision\\\/\"},{\"@type\":\"ListItem\",\"position\":2,\"name\":\"L\u2019excellence a convaincu nos clients !\"}]},{\"@type\":\"WebSite\",\"@id\":\"https:\\\/\\\/optik.roman-wagner.de\\\/fr\\\/#website\",\"url\":\"https:\\\/\\\/optik.roman-wagner.de\\\/fr\\\/\",\"name\":\"Der Augenoptiker Roman Wagner\",\"description\":\"Zentren f\u00fcr gutes Sehen\",\"publisher\":{\"@id\":\"https:\\\/\\\/optik.roman-wagner.de\\\/fr\\\/#organization\"},\"potentialAction\":[{\"@type\":\"SearchAction\",\"target\":{\"@type\":\"EntryPoint\",\"urlTemplate\":\"https:\\\/\\\/optik.roman-wagner.de\\\/fr\\\/?s={search_term_string}\"},\"query-input\":{\"@type\":\"PropertyValueSpecification\",\"valueRequired\":true,\"valueName\":\"search_term_string\"}}],\"inLanguage\":\"fr-FR\"},{\"@type\":\"Organization\",\"@id\":\"https:\\\/\\\/optik.roman-wagner.de\\\/fr\\\/#organization\",\"name\":\"Der Augenoptiker Roman Wagner\",\"url\":\"https:\\\/\\\/optik.roman-wagner.de\\\/fr\\\/\",\"logo\":{\"@type\":\"ImageObject\",\"inLanguage\":\"fr-FR\",\"@id\":\"https:\\\/\\\/optik.roman-wagner.de\\\/fr\\\/#\\\/schema\\\/logo\\\/image\\\/\",\"url\":\"https:\\\/\\\/optik.roman-wagner.de\\\/wp-content\\\/uploads\\\/2019\\\/11\\\/Logo-RW-quadrat.jpg\",\"contentUrl\":\"https:\\\/\\\/optik.roman-wagner.de\\\/wp-content\\\/uploads\\\/2019\\\/11\\\/Logo-RW-quadrat.jpg\",\"width\":488,\"height\":479,\"caption\":\"Der Augenoptiker Roman Wagner\"},\"image\":{\"@id\":\"https:\\\/\\\/optik.roman-wagner.de\\\/fr\\\/#\\\/schema\\\/logo\\\/image\\\/\"},\"sameAs\":[\"https:\\\/\\\/www.facebook.com\\\/romanwagner.optiker\",\"https:\\\/\\\/www.instagram.com\\\/romanwagner.optiker\\\/\",\"https:\\\/\\\/www.youtube.com\\\/channel\\\/UCIHnCII9jl34mZG08gXgG6A\"]},{\"@type\":\"Person\",\"@id\":\"https:\\\/\\\/optik.roman-wagner.de\\\/fr\\\/#\\\/schema\\\/person\\\/4a52051c9505d1f3da58c234985c6c2f\",\"name\":\"RomanWagner\",\"image\":{\"@type\":\"ImageObject\",\"inLanguage\":\"fr-FR\",\"@id\":\"https:\\\/\\\/secure.gravatar.com\\\/avatar\\\/e6c57eb4a35b8245e2d2f86a3e023a8642987475df645a50407f34b4addef3fb?s=96&d=mm&r=g\",\"url\":\"https:\\\/\\\/secure.gravatar.com\\\/avatar\\\/e6c57eb4a35b8245e2d2f86a3e023a8642987475df645a50407f34b4addef3fb?s=96&d=mm&r=g\",\"contentUrl\":\"https:\\\/\\\/secure.gravatar.com\\\/avatar\\\/e6c57eb4a35b8245e2d2f86a3e023a8642987475df645a50407f34b4addef3fb?s=96&d=mm&r=g\",\"caption\":\"RomanWagner\"},\"url\":\"https:\\\/\\\/optik.roman-wagner.de\\\/fr\\\/author\\\/romanwagner\\\/\"}]}<\/script>\n<!-- \/ Yoast SEO plugin. -->","yoast_head_json":{"title":"L\u2019excellence a convaincu nos clients !","description":"Afin de savoir s\u2019ils sont pleinement satisfaits de nos prestations et de notre service, nous avons envoy\u00e9 \u00e0 nos clients des questionnaires d\u00e9taill\u00e9s \u2013 \u00e9labor\u00e9s et analys\u00e9s par l\u2019institut neutre BGW pour les \u00e9tudes de march\u00e9 innovantes \u00e0 D\u00fcsseldorf.","robots":{"index":"index","follow":"follow","max-snippet":"max-snippet:-1","max-image-preview":"max-image-preview:large","max-video-preview":"max-video-preview:-1"},"canonical":"https:\/\/optik.roman-wagner.de\/fr\/2025\/01\/lexcellence-a-convaincu-nos-clients\/","og_locale":"fr_FR","og_type":"article","og_title":"L\u2019excellence a convaincu nos clients !","og_description":"Afin de savoir s\u2019ils sont pleinement satisfaits de nos prestations et de notre service, nous avons envoy\u00e9 \u00e0 nos clients des questionnaires d\u00e9taill\u00e9s \u2013 \u00e9labor\u00e9s et analys\u00e9s par l\u2019institut neutre BGW pour les \u00e9tudes de march\u00e9 innovantes \u00e0 D\u00fcsseldorf.","og_url":"https:\/\/optik.roman-wagner.de\/fr\/2025\/01\/lexcellence-a-convaincu-nos-clients\/","og_site_name":"Roman Wagner","article_publisher":"https:\/\/www.facebook.com\/romanwagner.optiker","article_published_time":"2025-01-29T06:59:00+00:00","og_image":[{"width":650,"height":389,"url":"https:\/\/optik.roman-wagner.de\/wp-content\/uploads\/2022\/06\/Exzellent-BGW-2025-Auszeichnung-Logo.jpg","type":"image\/jpeg"}],"author":"RomanWagner","twitter_card":"summary_large_image","twitter_misc":{"\u00c9crit par":"RomanWagner"},"schema":{"@context":"https:\/\/schema.org","@graph":[{"@type":"Article","@id":"https:\/\/optik.roman-wagner.de\/fr\/2025\/01\/lexcellence-a-convaincu-nos-clients\/#article","isPartOf":{"@id":"https:\/\/optik.roman-wagner.de\/fr\/2025\/01\/lexcellence-a-convaincu-nos-clients\/"},"author":{"name":"RomanWagner","@id":"https:\/\/optik.roman-wagner.de\/fr\/#\/schema\/person\/4a52051c9505d1f3da58c234985c6c2f"},"headline":"L\u2019excellence a convaincu nos clients !","datePublished":"2025-01-29T06:59:00+00:00","mainEntityOfPage":{"@id":"https:\/\/optik.roman-wagner.de\/fr\/2025\/01\/lexcellence-a-convaincu-nos-clients\/"},"wordCount":6,"publisher":{"@id":"https:\/\/optik.roman-wagner.de\/fr\/#organization"},"image":{"@id":"https:\/\/optik.roman-wagner.de\/fr\/2025\/01\/lexcellence-a-convaincu-nos-clients\/#primaryimage"},"thumbnailUrl":"https:\/\/optik.roman-wagner.de\/wp-content\/uploads\/2022\/06\/Exzellent-BGW-2025-Auszeichnung-Logo.jpg","inLanguage":"fr-FR"},{"@type":"WebPage","@id":"https:\/\/optik.roman-wagner.de\/fr\/2025\/01\/lexcellence-a-convaincu-nos-clients\/","url":"https:\/\/optik.roman-wagner.de\/fr\/2025\/01\/lexcellence-a-convaincu-nos-clients\/","name":"L\u2019excellence a convaincu nos clients !","isPartOf":{"@id":"https:\/\/optik.roman-wagner.de\/fr\/#website"},"primaryImageOfPage":{"@id":"https:\/\/optik.roman-wagner.de\/fr\/2025\/01\/lexcellence-a-convaincu-nos-clients\/#primaryimage"},"image":{"@id":"https:\/\/optik.roman-wagner.de\/fr\/2025\/01\/lexcellence-a-convaincu-nos-clients\/#primaryimage"},"thumbnailUrl":"https:\/\/optik.roman-wagner.de\/wp-content\/uploads\/2022\/06\/Exzellent-BGW-2025-Auszeichnung-Logo.jpg","datePublished":"2025-01-29T06:59:00+00:00","description":"Afin de savoir s\u2019ils sont pleinement satisfaits de nos prestations et de notre service, nous avons envoy\u00e9 \u00e0 nos clients des questionnaires d\u00e9taill\u00e9s \u2013 \u00e9labor\u00e9s et analys\u00e9s par l\u2019institut neutre BGW pour les \u00e9tudes de march\u00e9 innovantes \u00e0 D\u00fcsseldorf.","breadcrumb":{"@id":"https:\/\/optik.roman-wagner.de\/fr\/2025\/01\/lexcellence-a-convaincu-nos-clients\/#breadcrumb"},"inLanguage":"fr-FR","potentialAction":[{"@type":"ReadAction","target":["https:\/\/optik.roman-wagner.de\/fr\/2025\/01\/lexcellence-a-convaincu-nos-clients\/"]}]},{"@type":"ImageObject","inLanguage":"fr-FR","@id":"https:\/\/optik.roman-wagner.de\/fr\/2025\/01\/lexcellence-a-convaincu-nos-clients\/#primaryimage","url":"https:\/\/optik.roman-wagner.de\/wp-content\/uploads\/2022\/06\/Exzellent-BGW-2025-Auszeichnung-Logo.jpg","contentUrl":"https:\/\/optik.roman-wagner.de\/wp-content\/uploads\/2022\/06\/Exzellent-BGW-2025-Auszeichnung-Logo.jpg","width":650,"height":389,"caption":"Capture d\u2019\u00e9cran"},{"@type":"BreadcrumbList","@id":"https:\/\/optik.roman-wagner.de\/fr\/2025\/01\/lexcellence-a-convaincu-nos-clients\/#breadcrumb","itemListElement":[{"@type":"ListItem","position":1,"name":"Startseite","item":"https:\/\/optik.roman-wagner.de\/fr\/centres-pour-une-bonne-vision\/"},{"@type":"ListItem","position":2,"name":"L\u2019excellence a convaincu nos clients !"}]},{"@type":"WebSite","@id":"https:\/\/optik.roman-wagner.de\/fr\/#website","url":"https:\/\/optik.roman-wagner.de\/fr\/","name":"Der Augenoptiker Roman Wagner","description":"Zentren f\u00fcr gutes Sehen","publisher":{"@id":"https:\/\/optik.roman-wagner.de\/fr\/#organization"},"potentialAction":[{"@type":"SearchAction","target":{"@type":"EntryPoint","urlTemplate":"https:\/\/optik.roman-wagner.de\/fr\/?s={search_term_string}"},"query-input":{"@type":"PropertyValueSpecification","valueRequired":true,"valueName":"search_term_string"}}],"inLanguage":"fr-FR"},{"@type":"Organization","@id":"https:\/\/optik.roman-wagner.de\/fr\/#organization","name":"Der Augenoptiker Roman Wagner","url":"https:\/\/optik.roman-wagner.de\/fr\/","logo":{"@type":"ImageObject","inLanguage":"fr-FR","@id":"https:\/\/optik.roman-wagner.de\/fr\/#\/schema\/logo\/image\/","url":"https:\/\/optik.roman-wagner.de\/wp-content\/uploads\/2019\/11\/Logo-RW-quadrat.jpg","contentUrl":"https:\/\/optik.roman-wagner.de\/wp-content\/uploads\/2019\/11\/Logo-RW-quadrat.jpg","width":488,"height":479,"caption":"Der Augenoptiker Roman Wagner"},"image":{"@id":"https:\/\/optik.roman-wagner.de\/fr\/#\/schema\/logo\/image\/"},"sameAs":["https:\/\/www.facebook.com\/romanwagner.optiker","https:\/\/www.instagram.com\/romanwagner.optiker\/","https:\/\/www.youtube.com\/channel\/UCIHnCII9jl34mZG08gXgG6A"]},{"@type":"Person","@id":"https:\/\/optik.roman-wagner.de\/fr\/#\/schema\/person\/4a52051c9505d1f3da58c234985c6c2f","name":"RomanWagner","image":{"@type":"ImageObject","inLanguage":"fr-FR","@id":"https:\/\/secure.gravatar.com\/avatar\/e6c57eb4a35b8245e2d2f86a3e023a8642987475df645a50407f34b4addef3fb?s=96&d=mm&r=g","url":"https:\/\/secure.gravatar.com\/avatar\/e6c57eb4a35b8245e2d2f86a3e023a8642987475df645a50407f34b4addef3fb?s=96&d=mm&r=g","contentUrl":"https:\/\/secure.gravatar.com\/avatar\/e6c57eb4a35b8245e2d2f86a3e023a8642987475df645a50407f34b4addef3fb?s=96&d=mm&r=g","caption":"RomanWagner"},"url":"https:\/\/optik.roman-wagner.de\/fr\/author\/romanwagner\/"}]}},"_links":{"self":[{"href":"https:\/\/optik.roman-wagner.de\/fr\/wp-json\/wp\/v2\/posts\/7197","targetHints":{"allow":["GET"]}}],"collection":[{"href":"https:\/\/optik.roman-wagner.de\/fr\/wp-json\/wp\/v2\/posts"}],"about":[{"href":"https:\/\/optik.roman-wagner.de\/fr\/wp-json\/wp\/v2\/types\/post"}],"author":[{"embeddable":true,"href":"https:\/\/optik.roman-wagner.de\/fr\/wp-json\/wp\/v2\/users\/1"}],"replies":[{"embeddable":true,"href":"https:\/\/optik.roman-wagner.de\/fr\/wp-json\/wp\/v2\/comments?post=7197"}],"version-history":[{"count":0,"href":"https:\/\/optik.roman-wagner.de\/fr\/wp-json\/wp\/v2\/posts\/7197\/revisions"}],"wp:featuredmedia":[{"embeddable":true,"href":"https:\/\/optik.roman-wagner.de\/fr\/wp-json\/wp\/v2\/media\/7199"}],"wp:attachment":[{"href":"https:\/\/optik.roman-wagner.de\/fr\/wp-json\/wp\/v2\/media?parent=7197"}],"wp:term":[{"taxonomy":"category","embeddable":true,"href":"https:\/\/optik.roman-wagner.de\/fr\/wp-json\/wp\/v2\/categories?post=7197"},{"taxonomy":"post_tag","embeddable":true,"href":"https:\/\/optik.roman-wagner.de\/fr\/wp-json\/wp\/v2\/tags?post=7197"}],"curies":[{"name":"wp","href":"https:\/\/api.w.org\/{rel}","templated":true}]}}