{"id":7036,"date":"2025-02-01T08:59:00","date_gmt":"2025-02-01T07:59:00","guid":{"rendered":"https:\/\/optik.roman-wagner.de\/2025\/02\/even-g1-les-lunettes-numeriques\/"},"modified":"2025-02-01T08:59:00","modified_gmt":"2025-02-01T07:59:00","slug":"even-g1-les-lunettes-numeriques","status":"publish","type":"post","link":"https:\/\/optik.roman-wagner.de\/fr\/2025\/02\/even-g1-les-lunettes-numeriques\/","title":{"rendered":"Even G1 \u2013 Les lunettes num\u00e9riques"},"content":{"rendered":"","protected":false},"excerpt":{"rendered":"<p>D\u00e9couvrez l\u2019avenir \u00e0 port\u00e9e de main chez Roman Wagner. Even G1 est la premi\u00e8re paire de lunettes con\u00e7ue pour une synth\u00e8se parfaite de l\u2019esth\u00e9tique et de la fonctionnalit\u00e9 num\u00e9rique. Participez \u00e0 la vie r\u00e9elle sans \u00eatre d\u00e9rang\u00e9, tout en restant connect\u00e9.   <\/p>\n","protected":false},"author":1,"featured_media":7037,"comment_status":"closed","ping_status":"open","sticky":false,"template":"","format":"standard","meta":{"_et_pb_use_builder":"on","_et_pb_old_content":"","_et_gb_content_width":"","iawp_total_views":0,"footnotes":""},"categories":[140],"tags":[237,236],"class_list":["post-7036","post","type-post","status-publish","format-standard","has-post-thumbnail","hentry","category-non-classe","tag-even-g1","tag-lunettes-numeriques"],"yoast_head":"<!-- This site is optimized with the Yoast SEO plugin v27.4 - https:\/\/yoast.com\/product\/yoast-seo-wordpress\/ -->\n<title>Testez Even G1 \u2013 Les lunettes num\u00e9riques d\u00e8s maintenant<\/title>\n<meta name=\"description\" content=\"Testez Even G1, les premi\u00e8res lunettes con\u00e7ues pour une synth\u00e8se parfaite de l\u2019esth\u00e9tique et de la fonctionnalit\u00e9 num\u00e9rique.\" \/>\n<meta name=\"robots\" content=\"index, follow, max-snippet:-1, max-image-preview:large, max-video-preview:-1\" \/>\n<link rel=\"canonical\" href=\"https:\/\/optik.roman-wagner.de\/fr\/2025\/02\/even-g1-les-lunettes-numeriques\/\" \/>\n<meta property=\"og:locale\" content=\"fr_FR\" \/>\n<meta property=\"og:type\" content=\"article\" \/>\n<meta property=\"og:title\" content=\"Testez Even G1 \u2013 Les lunettes num\u00e9riques d\u00e8s maintenant\" \/>\n<meta property=\"og:description\" content=\"Testez Even G1, les premi\u00e8res lunettes con\u00e7ues pour une synth\u00e8se parfaite de l\u2019esth\u00e9tique et de la fonctionnalit\u00e9 num\u00e9rique.\" \/>\n<meta property=\"og:url\" content=\"https:\/\/optik.roman-wagner.de\/fr\/2025\/02\/even-g1-les-lunettes-numeriques\/\" \/>\n<meta property=\"og:site_name\" content=\"Roman Wagner\" \/>\n<meta property=\"article:publisher\" content=\"https:\/\/www.facebook.com\/romanwagner.optiker\" \/>\n<meta property=\"article:published_time\" content=\"2025-02-01T07:59:00+00:00\" \/>\n<meta property=\"og:image\" content=\"https:\/\/optik.roman-wagner.de\/wp-content\/uploads\/2024\/12\/Frame-16366.jpg\" \/>\n\t<meta property=\"og:image:width\" content=\"1920\" \/>\n\t<meta property=\"og:image:height\" content=\"1080\" \/>\n\t<meta property=\"og:image:type\" content=\"image\/jpeg\" \/>\n<meta name=\"author\" content=\"RomanWagner\" \/>\n<meta name=\"twitter:card\" content=\"summary_large_image\" \/>\n<meta name=\"twitter:label1\" content=\"\u00c9crit par\" \/>\n\t<meta name=\"twitter:data1\" content=\"RomanWagner\" \/>\n<script type=\"application\/ld+json\" class=\"yoast-schema-graph\">{\"@context\":\"https:\\\/\\\/schema.org\",\"@graph\":[{\"@type\":\"Article\",\"@id\":\"https:\\\/\\\/optik.roman-wagner.de\\\/fr\\\/2025\\\/02\\\/even-g1-les-lunettes-numeriques\\\/#article\",\"isPartOf\":{\"@id\":\"https:\\\/\\\/optik.roman-wagner.de\\\/fr\\\/2025\\\/02\\\/even-g1-les-lunettes-numeriques\\\/\"},\"author\":{\"name\":\"RomanWagner\",\"@id\":\"https:\\\/\\\/optik.roman-wagner.de\\\/fr\\\/#\\\/schema\\\/person\\\/4a52051c9505d1f3da58c234985c6c2f\"},\"headline\":\"Even G1 \u2013 Les lunettes num\u00e9riques\",\"datePublished\":\"2025-02-01T07:59:00+00:00\",\"mainEntityOfPage\":{\"@id\":\"https:\\\/\\\/optik.roman-wagner.de\\\/fr\\\/2025\\\/02\\\/even-g1-les-lunettes-numeriques\\\/\"},\"wordCount\":6,\"publisher\":{\"@id\":\"https:\\\/\\\/optik.roman-wagner.de\\\/fr\\\/#organization\"},\"image\":{\"@id\":\"https:\\\/\\\/optik.roman-wagner.de\\\/fr\\\/2025\\\/02\\\/even-g1-les-lunettes-numeriques\\\/#primaryimage\"},\"thumbnailUrl\":\"https:\\\/\\\/optik.roman-wagner.de\\\/wp-content\\\/uploads\\\/2024\\\/12\\\/Frame-16366.jpg\",\"keywords\":[\"Even G1\",\"lunettes num\u00e9riques\"],\"inLanguage\":\"fr-FR\"},{\"@type\":\"WebPage\",\"@id\":\"https:\\\/\\\/optik.roman-wagner.de\\\/fr\\\/2025\\\/02\\\/even-g1-les-lunettes-numeriques\\\/\",\"url\":\"https:\\\/\\\/optik.roman-wagner.de\\\/fr\\\/2025\\\/02\\\/even-g1-les-lunettes-numeriques\\\/\",\"name\":\"Testez Even G1 \u2013 Les lunettes num\u00e9riques d\u00e8s maintenant\",\"isPartOf\":{\"@id\":\"https:\\\/\\\/optik.roman-wagner.de\\\/fr\\\/#website\"},\"primaryImageOfPage\":{\"@id\":\"https:\\\/\\\/optik.roman-wagner.de\\\/fr\\\/2025\\\/02\\\/even-g1-les-lunettes-numeriques\\\/#primaryimage\"},\"image\":{\"@id\":\"https:\\\/\\\/optik.roman-wagner.de\\\/fr\\\/2025\\\/02\\\/even-g1-les-lunettes-numeriques\\\/#primaryimage\"},\"thumbnailUrl\":\"https:\\\/\\\/optik.roman-wagner.de\\\/wp-content\\\/uploads\\\/2024\\\/12\\\/Frame-16366.jpg\",\"datePublished\":\"2025-02-01T07:59:00+00:00\",\"description\":\"Testez Even G1, les premi\u00e8res lunettes con\u00e7ues pour une synth\u00e8se parfaite de l\u2019esth\u00e9tique et de la fonctionnalit\u00e9 num\u00e9rique.\",\"breadcrumb\":{\"@id\":\"https:\\\/\\\/optik.roman-wagner.de\\\/fr\\\/2025\\\/02\\\/even-g1-les-lunettes-numeriques\\\/#breadcrumb\"},\"inLanguage\":\"fr-FR\",\"potentialAction\":[{\"@type\":\"ReadAction\",\"target\":[\"https:\\\/\\\/optik.roman-wagner.de\\\/fr\\\/2025\\\/02\\\/even-g1-les-lunettes-numeriques\\\/\"]}]},{\"@type\":\"ImageObject\",\"inLanguage\":\"fr-FR\",\"@id\":\"https:\\\/\\\/optik.roman-wagner.de\\\/fr\\\/2025\\\/02\\\/even-g1-les-lunettes-numeriques\\\/#primaryimage\",\"url\":\"https:\\\/\\\/optik.roman-wagner.de\\\/wp-content\\\/uploads\\\/2024\\\/12\\\/Frame-16366.jpg\",\"contentUrl\":\"https:\\\/\\\/optik.roman-wagner.de\\\/wp-content\\\/uploads\\\/2024\\\/12\\\/Frame-16366.jpg\",\"width\":1920,\"height\":1080,\"caption\":\"Lunettes num\u00e9riques avec informations dans le verre\"},{\"@type\":\"BreadcrumbList\",\"@id\":\"https:\\\/\\\/optik.roman-wagner.de\\\/fr\\\/2025\\\/02\\\/even-g1-les-lunettes-numeriques\\\/#breadcrumb\",\"itemListElement\":[{\"@type\":\"ListItem\",\"position\":1,\"name\":\"Startseite\",\"item\":\"https:\\\/\\\/optik.roman-wagner.de\\\/fr\\\/centres-pour-une-bonne-vision\\\/\"},{\"@type\":\"ListItem\",\"position\":2,\"name\":\"Even G1 \u2013 Les lunettes num\u00e9riques\"}]},{\"@type\":\"WebSite\",\"@id\":\"https:\\\/\\\/optik.roman-wagner.de\\\/fr\\\/#website\",\"url\":\"https:\\\/\\\/optik.roman-wagner.de\\\/fr\\\/\",\"name\":\"Der Augenoptiker Roman Wagner\",\"description\":\"Zentren f\u00fcr gutes Sehen\",\"publisher\":{\"@id\":\"https:\\\/\\\/optik.roman-wagner.de\\\/fr\\\/#organization\"},\"potentialAction\":[{\"@type\":\"SearchAction\",\"target\":{\"@type\":\"EntryPoint\",\"urlTemplate\":\"https:\\\/\\\/optik.roman-wagner.de\\\/fr\\\/?s={search_term_string}\"},\"query-input\":{\"@type\":\"PropertyValueSpecification\",\"valueRequired\":true,\"valueName\":\"search_term_string\"}}],\"inLanguage\":\"fr-FR\"},{\"@type\":\"Organization\",\"@id\":\"https:\\\/\\\/optik.roman-wagner.de\\\/fr\\\/#organization\",\"name\":\"Der Augenoptiker Roman Wagner\",\"url\":\"https:\\\/\\\/optik.roman-wagner.de\\\/fr\\\/\",\"logo\":{\"@type\":\"ImageObject\",\"inLanguage\":\"fr-FR\",\"@id\":\"https:\\\/\\\/optik.roman-wagner.de\\\/fr\\\/#\\\/schema\\\/logo\\\/image\\\/\",\"url\":\"https:\\\/\\\/optik.roman-wagner.de\\\/wp-content\\\/uploads\\\/2019\\\/11\\\/Logo-RW-quadrat.jpg\",\"contentUrl\":\"https:\\\/\\\/optik.roman-wagner.de\\\/wp-content\\\/uploads\\\/2019\\\/11\\\/Logo-RW-quadrat.jpg\",\"width\":488,\"height\":479,\"caption\":\"Der Augenoptiker Roman Wagner\"},\"image\":{\"@id\":\"https:\\\/\\\/optik.roman-wagner.de\\\/fr\\\/#\\\/schema\\\/logo\\\/image\\\/\"},\"sameAs\":[\"https:\\\/\\\/www.facebook.com\\\/romanwagner.optiker\",\"https:\\\/\\\/www.instagram.com\\\/romanwagner.optiker\\\/\",\"https:\\\/\\\/www.youtube.com\\\/channel\\\/UCIHnCII9jl34mZG08gXgG6A\"]},{\"@type\":\"Person\",\"@id\":\"https:\\\/\\\/optik.roman-wagner.de\\\/fr\\\/#\\\/schema\\\/person\\\/4a52051c9505d1f3da58c234985c6c2f\",\"name\":\"RomanWagner\",\"image\":{\"@type\":\"ImageObject\",\"inLanguage\":\"fr-FR\",\"@id\":\"https:\\\/\\\/secure.gravatar.com\\\/avatar\\\/e6c57eb4a35b8245e2d2f86a3e023a8642987475df645a50407f34b4addef3fb?s=96&d=mm&r=g\",\"url\":\"https:\\\/\\\/secure.gravatar.com\\\/avatar\\\/e6c57eb4a35b8245e2d2f86a3e023a8642987475df645a50407f34b4addef3fb?s=96&d=mm&r=g\",\"contentUrl\":\"https:\\\/\\\/secure.gravatar.com\\\/avatar\\\/e6c57eb4a35b8245e2d2f86a3e023a8642987475df645a50407f34b4addef3fb?s=96&d=mm&r=g\",\"caption\":\"RomanWagner\"},\"url\":\"https:\\\/\\\/optik.roman-wagner.de\\\/fr\\\/author\\\/romanwagner\\\/\"}]}<\/script>\n<!-- \/ Yoast SEO plugin. -->","yoast_head_json":{"title":"Testez Even G1 \u2013 Les lunettes num\u00e9riques d\u00e8s maintenant","description":"Testez Even G1, les premi\u00e8res lunettes con\u00e7ues pour une synth\u00e8se parfaite de l\u2019esth\u00e9tique et de la fonctionnalit\u00e9 num\u00e9rique.","robots":{"index":"index","follow":"follow","max-snippet":"max-snippet:-1","max-image-preview":"max-image-preview:large","max-video-preview":"max-video-preview:-1"},"canonical":"https:\/\/optik.roman-wagner.de\/fr\/2025\/02\/even-g1-les-lunettes-numeriques\/","og_locale":"fr_FR","og_type":"article","og_title":"Testez Even G1 \u2013 Les lunettes num\u00e9riques d\u00e8s maintenant","og_description":"Testez Even G1, les premi\u00e8res lunettes con\u00e7ues pour une synth\u00e8se parfaite de l\u2019esth\u00e9tique et de la fonctionnalit\u00e9 num\u00e9rique.","og_url":"https:\/\/optik.roman-wagner.de\/fr\/2025\/02\/even-g1-les-lunettes-numeriques\/","og_site_name":"Roman Wagner","article_publisher":"https:\/\/www.facebook.com\/romanwagner.optiker","article_published_time":"2025-02-01T07:59:00+00:00","og_image":[{"width":1920,"height":1080,"url":"https:\/\/optik.roman-wagner.de\/wp-content\/uploads\/2024\/12\/Frame-16366.jpg","type":"image\/jpeg"}],"author":"RomanWagner","twitter_card":"summary_large_image","twitter_misc":{"\u00c9crit par":"RomanWagner"},"schema":{"@context":"https:\/\/schema.org","@graph":[{"@type":"Article","@id":"https:\/\/optik.roman-wagner.de\/fr\/2025\/02\/even-g1-les-lunettes-numeriques\/#article","isPartOf":{"@id":"https:\/\/optik.roman-wagner.de\/fr\/2025\/02\/even-g1-les-lunettes-numeriques\/"},"author":{"name":"RomanWagner","@id":"https:\/\/optik.roman-wagner.de\/fr\/#\/schema\/person\/4a52051c9505d1f3da58c234985c6c2f"},"headline":"Even G1 \u2013 Les lunettes num\u00e9riques","datePublished":"2025-02-01T07:59:00+00:00","mainEntityOfPage":{"@id":"https:\/\/optik.roman-wagner.de\/fr\/2025\/02\/even-g1-les-lunettes-numeriques\/"},"wordCount":6,"publisher":{"@id":"https:\/\/optik.roman-wagner.de\/fr\/#organization"},"image":{"@id":"https:\/\/optik.roman-wagner.de\/fr\/2025\/02\/even-g1-les-lunettes-numeriques\/#primaryimage"},"thumbnailUrl":"https:\/\/optik.roman-wagner.de\/wp-content\/uploads\/2024\/12\/Frame-16366.jpg","keywords":["Even G1","lunettes num\u00e9riques"],"inLanguage":"fr-FR"},{"@type":"WebPage","@id":"https:\/\/optik.roman-wagner.de\/fr\/2025\/02\/even-g1-les-lunettes-numeriques\/","url":"https:\/\/optik.roman-wagner.de\/fr\/2025\/02\/even-g1-les-lunettes-numeriques\/","name":"Testez Even G1 \u2013 Les lunettes num\u00e9riques d\u00e8s maintenant","isPartOf":{"@id":"https:\/\/optik.roman-wagner.de\/fr\/#website"},"primaryImageOfPage":{"@id":"https:\/\/optik.roman-wagner.de\/fr\/2025\/02\/even-g1-les-lunettes-numeriques\/#primaryimage"},"image":{"@id":"https:\/\/optik.roman-wagner.de\/fr\/2025\/02\/even-g1-les-lunettes-numeriques\/#primaryimage"},"thumbnailUrl":"https:\/\/optik.roman-wagner.de\/wp-content\/uploads\/2024\/12\/Frame-16366.jpg","datePublished":"2025-02-01T07:59:00+00:00","description":"Testez Even G1, les premi\u00e8res lunettes con\u00e7ues pour une synth\u00e8se parfaite de l\u2019esth\u00e9tique et de la fonctionnalit\u00e9 num\u00e9rique.","breadcrumb":{"@id":"https:\/\/optik.roman-wagner.de\/fr\/2025\/02\/even-g1-les-lunettes-numeriques\/#breadcrumb"},"inLanguage":"fr-FR","potentialAction":[{"@type":"ReadAction","target":["https:\/\/optik.roman-wagner.de\/fr\/2025\/02\/even-g1-les-lunettes-numeriques\/"]}]},{"@type":"ImageObject","inLanguage":"fr-FR","@id":"https:\/\/optik.roman-wagner.de\/fr\/2025\/02\/even-g1-les-lunettes-numeriques\/#primaryimage","url":"https:\/\/optik.roman-wagner.de\/wp-content\/uploads\/2024\/12\/Frame-16366.jpg","contentUrl":"https:\/\/optik.roman-wagner.de\/wp-content\/uploads\/2024\/12\/Frame-16366.jpg","width":1920,"height":1080,"caption":"Lunettes num\u00e9riques avec informations dans le verre"},{"@type":"BreadcrumbList","@id":"https:\/\/optik.roman-wagner.de\/fr\/2025\/02\/even-g1-les-lunettes-numeriques\/#breadcrumb","itemListElement":[{"@type":"ListItem","position":1,"name":"Startseite","item":"https:\/\/optik.roman-wagner.de\/fr\/centres-pour-une-bonne-vision\/"},{"@type":"ListItem","position":2,"name":"Even G1 \u2013 Les lunettes num\u00e9riques"}]},{"@type":"WebSite","@id":"https:\/\/optik.roman-wagner.de\/fr\/#website","url":"https:\/\/optik.roman-wagner.de\/fr\/","name":"Der Augenoptiker Roman Wagner","description":"Zentren f\u00fcr gutes Sehen","publisher":{"@id":"https:\/\/optik.roman-wagner.de\/fr\/#organization"},"potentialAction":[{"@type":"SearchAction","target":{"@type":"EntryPoint","urlTemplate":"https:\/\/optik.roman-wagner.de\/fr\/?s={search_term_string}"},"query-input":{"@type":"PropertyValueSpecification","valueRequired":true,"valueName":"search_term_string"}}],"inLanguage":"fr-FR"},{"@type":"Organization","@id":"https:\/\/optik.roman-wagner.de\/fr\/#organization","name":"Der Augenoptiker Roman Wagner","url":"https:\/\/optik.roman-wagner.de\/fr\/","logo":{"@type":"ImageObject","inLanguage":"fr-FR","@id":"https:\/\/optik.roman-wagner.de\/fr\/#\/schema\/logo\/image\/","url":"https:\/\/optik.roman-wagner.de\/wp-content\/uploads\/2019\/11\/Logo-RW-quadrat.jpg","contentUrl":"https:\/\/optik.roman-wagner.de\/wp-content\/uploads\/2019\/11\/Logo-RW-quadrat.jpg","width":488,"height":479,"caption":"Der Augenoptiker Roman Wagner"},"image":{"@id":"https:\/\/optik.roman-wagner.de\/fr\/#\/schema\/logo\/image\/"},"sameAs":["https:\/\/www.facebook.com\/romanwagner.optiker","https:\/\/www.instagram.com\/romanwagner.optiker\/","https:\/\/www.youtube.com\/channel\/UCIHnCII9jl34mZG08gXgG6A"]},{"@type":"Person","@id":"https:\/\/optik.roman-wagner.de\/fr\/#\/schema\/person\/4a52051c9505d1f3da58c234985c6c2f","name":"RomanWagner","image":{"@type":"ImageObject","inLanguage":"fr-FR","@id":"https:\/\/secure.gravatar.com\/avatar\/e6c57eb4a35b8245e2d2f86a3e023a8642987475df645a50407f34b4addef3fb?s=96&d=mm&r=g","url":"https:\/\/secure.gravatar.com\/avatar\/e6c57eb4a35b8245e2d2f86a3e023a8642987475df645a50407f34b4addef3fb?s=96&d=mm&r=g","contentUrl":"https:\/\/secure.gravatar.com\/avatar\/e6c57eb4a35b8245e2d2f86a3e023a8642987475df645a50407f34b4addef3fb?s=96&d=mm&r=g","caption":"RomanWagner"},"url":"https:\/\/optik.roman-wagner.de\/fr\/author\/romanwagner\/"}]}},"_links":{"self":[{"href":"https:\/\/optik.roman-wagner.de\/fr\/wp-json\/wp\/v2\/posts\/7036","targetHints":{"allow":["GET"]}}],"collection":[{"href":"https:\/\/optik.roman-wagner.de\/fr\/wp-json\/wp\/v2\/posts"}],"about":[{"href":"https:\/\/optik.roman-wagner.de\/fr\/wp-json\/wp\/v2\/types\/post"}],"author":[{"embeddable":true,"href":"https:\/\/optik.roman-wagner.de\/fr\/wp-json\/wp\/v2\/users\/1"}],"replies":[{"embeddable":true,"href":"https:\/\/optik.roman-wagner.de\/fr\/wp-json\/wp\/v2\/comments?post=7036"}],"version-history":[{"count":0,"href":"https:\/\/optik.roman-wagner.de\/fr\/wp-json\/wp\/v2\/posts\/7036\/revisions"}],"wp:featuredmedia":[{"embeddable":true,"href":"https:\/\/optik.roman-wagner.de\/fr\/wp-json\/wp\/v2\/media\/7037"}],"wp:attachment":[{"href":"https:\/\/optik.roman-wagner.de\/fr\/wp-json\/wp\/v2\/media?parent=7036"}],"wp:term":[{"taxonomy":"category","embeddable":true,"href":"https:\/\/optik.roman-wagner.de\/fr\/wp-json\/wp\/v2\/categories?post=7036"},{"taxonomy":"post_tag","embeddable":true,"href":"https:\/\/optik.roman-wagner.de\/fr\/wp-json\/wp\/v2\/tags?post=7036"}],"curies":[{"name":"wp","href":"https:\/\/api.w.org\/{rel}","templated":true}]}}