{"id":7024,"date":"2024-12-03T16:38:34","date_gmt":"2024-12-03T15:38:34","guid":{"rendered":"https:\/\/optik.roman-wagner.de\/2024\/12\/nous-veillons-sur-les-yeux-des-enfants\/"},"modified":"2026-04-30T15:24:20","modified_gmt":"2026-04-30T13:24:20","slug":"nous-veillons-sur-les-yeux-des-enfants","status":"publish","type":"post","link":"https:\/\/optik.roman-wagner.de\/fr\/2024\/12\/nous-veillons-sur-les-yeux-des-enfants\/","title":{"rendered":"Nous veillons sur les yeux des enfants"},"content":{"rendered":"<p>[et_pb_section fb_built=\u00a0\u00bb1&Prime; _builder_version=\u00a0\u00bb4.25.1&Prime; custom_margin=\u00a0\u00bb70px||||false|false\u00a0\u00bb custom_margin_tablet=\u00a0\u00bb70px||||false|false\u00a0\u00bb custom_margin_phone=\u00a0\u00bb30px||||false|false\u00a0\u00bb custom_margin_last_edited=\u00a0\u00bbon|phone\u00a0\u00bb custom_padding=\u00a0\u00bb0px||8px||false|false\u00a0\u00bb da_disable_devices=\u00a0\u00bboff|off|off\u00a0\u00bb global_colors_info=\u00a0\u00bb{}\u00a0\u00bb da_is_popup=\u00a0\u00bboff\u00a0\u00bb da_exit_intent=\u00a0\u00bboff\u00a0\u00bb da_has_close=\u00a0\u00bbon\u00a0\u00bb da_alt_close=\u00a0\u00bboff\u00a0\u00bb da_dark_close=\u00a0\u00bboff\u00a0\u00bb da_not_modal=\u00a0\u00bbon\u00a0\u00bb da_is_singular=\u00a0\u00bboff\u00a0\u00bb da_with_loader=\u00a0\u00bboff\u00a0\u00bb da_has_shadow=\u00a0\u00bbon\u00a0\u00bb][et_pb_row column_structure=\u00a0\u00bb1_2,1_2&Prime; _builder_version=\u00a0\u00bb4.25.1&Prime; background_size=\u00a0\u00bbinitial\u00a0\u00bb background_position=\u00a0\u00bbtop_left\u00a0\u00bb background_repeat=\u00a0\u00bbrepeat\u00a0\u00bb custom_padding=\u00a0\u00bb60px||28px||false|false\u00a0\u00bb global_colors_info=\u00a0\u00bb{}\u00a0\u00bb][et_pb_column type=\u00a0\u00bb1_2&Prime; _builder_version=\u00a0\u00bb4.16&Prime; custom_padding=\u00a0\u00bb|||\u00a0\u00bb global_colors_info=\u00a0\u00bb{}\u00a0\u00bb custom_padding__hover=\u00a0\u00bb|||\u00a0\u00bb][et_pb_cta title=\u00a0\u00bbNous veillons sur les yeux des enfants \u00a0\u00bb button_url=\u00a0\u00bbhttps:\/\/optik.roman-wagner.de\/online-termin\/\u00a0\u00bb url_new_window=\u00a0\u00bbon\u00a0\u00bb button_text=\u00a0\u00bbPrendre rendez-vous\u00a0\u00bb _builder_version=\u00a0\u00bb4.27.2&Prime; header_level=\u00a0\u00bbh1&Prime; header_font=\u00a0\u00bb|600|||||||\u00a0\u00bb use_background_color=\u00a0\u00bboff\u00a0\u00bb custom_button=\u00a0\u00bbon\u00a0\u00bb button_use_icon=\u00a0\u00bboff\u00a0\u00bb text_orientation=\u00a0\u00bbleft\u00a0\u00bb background_layout=\u00a0\u00bblight\u00a0\u00bb custom_margin=\u00a0\u00bb4px||5px||false|false\u00a0\u00bb hover_enabled=\u00a0\u00bb0&Prime; global_colors_info=\u00a0\u00bb{}\u00a0\u00bb sticky_enabled=\u00a0\u00bb0&Prime;]<\/p>\n<h5>Pr\u00e9venir l&rsquo;augmentation de la myopie chez les enfants \u2013 passer ne serait-ce qu&rsquo;une heure \u00e0 l&rsquo;ext\u00e9rieur aide \u00e9norm\u00e9ment les enfants.<\/h5>\n<p>Une nouvelle \u00e9tude britannique d\u00e9montre l&rsquo;influence positive du temps pass\u00e9 \u00e0 l&rsquo;ext\u00e9rieur sur le d\u00e9veloppement des yeux des enfants. Alors que la lecture prolong\u00e9e sans interruption favorise l&rsquo;augmentation de la myopie. <\/p>\n<p>[\/et_pb_cta][et_pb_text _builder_version=\u00a0\u00bb4.27.2&Prime; _module_preset=\u00a0\u00bbdefault\u00a0\u00bb custom_margin=\u00a0\u00bb40px||||false|false\u00a0\u00bb global_colors_info=\u00a0\u00bb{}\u00a0\u00bb]<\/p>\n<p>Selon une \u00e9tude r\u00e9cente men\u00e9e au Royaume-Uni* sur une p\u00e9riode de 8 ans aupr\u00e8s de plus de 3 000 enfants, les effets des facteurs de risque de myopie ont \u00e9t\u00e9 largement sous-estim\u00e9s dans les analyses conventionnelles.<\/p>\n<p>Bien que la g\u00e9n\u00e9tique joue un r\u00f4le important dans la pr\u00e9disposition initiale et le taux de progression de la myopie, les facteurs li\u00e9s au mode de vie moderne semblent \u00e9galement d\u00e9clencher ou acc\u00e9l\u00e9rer la myopie. L&rsquo;\u00e9tude a d\u00e9montr\u00e9 qu&rsquo;une heure suppl\u00e9mentaire de lecture par jour \u00e9tait associ\u00e9e \u00e0 une \u00e9volution vers la myopie de \u22120,44 \u00e0 \u22120,88 D. <\/p>\n<p>D&rsquo;autre part, une heure suppl\u00e9mentaire pass\u00e9e quotidiennement \u00e0 l&rsquo;ext\u00e9rieur pendant l&rsquo;enfance a entra\u00een\u00e9 une \u00e9volution vers l&rsquo;hyperm\u00e9tropie de +0,53 \u00e0 +0,94 dioptries (D). Le d\u00e9veloppement de la myopie peut ainsi \u00eatre frein\u00e9. <\/p>\n<p>Selon notre longue exp\u00e9rience en <a href=\"https:\/\/optik.roman-wagner.de\/myopie\/\">gestion de la myopie<\/a>, il est \u00e9galement recommand\u00e9 d&rsquo;utiliser des verres de lunettes sp\u00e9ciaux ou des lentilles de contact pour le contr\u00f4le de la myopie.<\/p>\n<p>[\/et_pb_text][et_pb_button button_url=\u00a0\u00bbhttps:\/\/optik.roman-wagner.de\/myopie\/\u00a0\u00bb button_text=\u00a0\u00bbEn savoir plus sur la gestion de la myopie\u00a0\u00bb _builder_version=\u00a0\u00bb4.25.1&Prime; _module_preset=\u00a0\u00bbdefault\u00a0\u00bb global_colors_info=\u00a0\u00bb{}\u00a0\u00bb][\/et_pb_button][\/et_pb_column][et_pb_column type=\u00a0\u00bb1_2&Prime; _builder_version=\u00a0\u00bb4.25.1&Prime; _module_preset=\u00a0\u00bbdefault\u00a0\u00bb global_colors_info=\u00a0\u00bb{}\u00a0\u00bb][et_pb_image src=\u00a0\u00bbhttps:\/\/optik.roman-wagner.de\/wp-content\/uploads\/2024\/12\/Kinder-gehen-zusammen_im_Freien.jpg\u00a0\u00bb title_text=\u00a0\u00bbKinder-gehen-zusammen_im_Freien\u00a0\u00bb force_fullwidth=\u00a0\u00bbon\u00a0\u00bb _builder_version=\u00a0\u00bb4.27.2&Prime; _module_preset=\u00a0\u00bbdefault\u00a0\u00bb box_shadow_style=\u00a0\u00bbpreset2&Prime; global_colors_info=\u00a0\u00bb{}\u00a0\u00bb][\/et_pb_image][et_pb_text _builder_version=\u00a0\u00bb4.27.2&Prime; _module_preset=\u00a0\u00bbdefault\u00a0\u00bb global_colors_info=\u00a0\u00bb{}\u00a0\u00bb]<\/p>\n<p style=\"text-align: right;\"><span>Photo par <\/span><a href=\"https:\/\/de.freepik.com\/fotos-kostenlos\/studenten-gehen-zusammen_860011.htm#from_view=detail_alsolike\"><span class=\"html-span xdj266r x11i5rnm xat24cr x1mh8g0r xexx8yu x4uap5 x18d9i69 xkhd6sd x1hl2dhg x16tdsg8 x1vvkbs\">freepik.com<\/span><\/a><\/p>\n<p>[\/et_pb_text][\/et_pb_column][\/et_pb_row][et_pb_row _builder_version=\u00a0\u00bb4.27.2&Prime; _module_preset=\u00a0\u00bbdefault\u00a0\u00bb global_colors_info=\u00a0\u00bb{}\u00a0\u00bb][et_pb_column type=\u00a0\u00bb4_4&Prime; _builder_version=\u00a0\u00bb4.27.2&Prime; _module_preset=\u00a0\u00bbdefault\u00a0\u00bb global_colors_info=\u00a0\u00bb{}\u00a0\u00bb][et_pb_text ol_item_indent=\u00a0\u00bb10px\u00a0\u00bb _builder_version=\u00a0\u00bb4.27.2&Prime; _module_preset=\u00a0\u00bbdefault\u00a0\u00bb ul_font=\u00a0\u00bb||||||||\u00a0\u00bb ol_font=\u00a0\u00bb||||||||\u00a0\u00bb ol_line_height=\u00a0\u00bb2.2em\u00a0\u00bb custom_margin=\u00a0\u00bb20px||9px||false|false\u00a0\u00bb global_colors_info=\u00a0\u00bb{}\u00a0\u00bb]<\/p>\n<p>* <strong>Estimating the True Effect of Lifestyle Risk Factors for Myopia: A Longitudinal Study of UK Children<\/strong><br \/>Jeremy A. Guggenheim; Rosie Clark; Anna Pease; Peter S. Blair; Cathy Williams; on behalf of the UK Biobank Eye and Vision Consortium. <a href=\"https:\/\/tvst.arvojournals.org\/article.aspx?articleid=2802232\" target=\"_blank\" rel=\"noopener\">Source \u2197\ufe0e<\/a><\/p>\n<p>[\/et_pb_text][\/et_pb_column][\/et_pb_row][\/et_pb_section]<\/p>\n","protected":false},"excerpt":{"rendered":"<p>Pr\u00e9venir l&rsquo;augmentation de la myopie chez les enfants \u2013 passer ne serait-ce qu&rsquo;une heure \u00e0 l&rsquo;ext\u00e9rieur aide \u00e9norm\u00e9ment les enfants. Une nouvelle \u00e9tude britannique d\u00e9montre l&rsquo;influence positive du temps pass\u00e9 \u00e0 l&rsquo;ext\u00e9rieur sur le d\u00e9veloppement des yeux des enfants.  <\/p>\n","protected":false},"author":1,"featured_media":7026,"comment_status":"closed","ping_status":"open","sticky":false,"template":"","format":"standard","meta":{"_et_pb_use_builder":"on","_et_pb_old_content":"","_et_gb_content_width":"","iawp_total_views":0,"footnotes":""},"categories":[140,234],"tags":[],"class_list":["post-7024","post","type-post","status-publish","format-standard","has-post-thumbnail","hentry","category-non-classe","category-sante-des-enfants"],"yoast_head":"<!-- This site is optimized with the Yoast SEO plugin v27.4 - https:\/\/yoast.com\/product\/yoast-seo-wordpress\/ -->\n<title>Nous veillons sur les yeux des enfants<\/title>\n<meta name=\"description\" content=\"Pr\u00e9venir l&#039;augmentation de la myopie chez les enfants \u2013 passer ne serait-ce qu&#039;une heure \u00e0 l&#039;ext\u00e9rieur aide \u00e9norm\u00e9ment les enfants.\" \/>\n<meta name=\"robots\" content=\"index, follow, max-snippet:-1, max-image-preview:large, max-video-preview:-1\" \/>\n<link rel=\"canonical\" href=\"https:\/\/optik.roman-wagner.de\/fr\/2024\/12\/nous-veillons-sur-les-yeux-des-enfants\/\" \/>\n<meta property=\"og:locale\" content=\"fr_FR\" \/>\n<meta property=\"og:type\" content=\"article\" \/>\n<meta property=\"og:title\" content=\"Nous veillons sur les yeux des enfants\" \/>\n<meta property=\"og:description\" content=\"Pr\u00e9venir l&#039;augmentation de la myopie chez les enfants \u2013 passer ne serait-ce qu&#039;une heure \u00e0 l&#039;ext\u00e9rieur aide \u00e9norm\u00e9ment les enfants.\" \/>\n<meta property=\"og:url\" content=\"https:\/\/optik.roman-wagner.de\/fr\/2024\/12\/nous-veillons-sur-les-yeux-des-enfants\/\" \/>\n<meta property=\"og:site_name\" content=\"Roman Wagner\" \/>\n<meta property=\"article:publisher\" content=\"https:\/\/www.facebook.com\/romanwagner.optiker\" \/>\n<meta property=\"article:published_time\" content=\"2024-12-03T15:38:34+00:00\" \/>\n<meta property=\"article:modified_time\" content=\"2026-04-30T13:24:20+00:00\" \/>\n<meta property=\"og:image\" content=\"https:\/\/optik.roman-wagner.de\/wp-content\/uploads\/2024\/12\/Kinder-gehen-zusammen_im_Freien.jpg\" \/>\n\t<meta property=\"og:image:width\" content=\"1200\" \/>\n\t<meta property=\"og:image:height\" content=\"799\" \/>\n\t<meta property=\"og:image:type\" content=\"image\/jpeg\" \/>\n<meta name=\"author\" content=\"RomanWagner\" \/>\n<meta name=\"twitter:card\" content=\"summary_large_image\" \/>\n<meta name=\"twitter:label1\" content=\"\u00c9crit par\" \/>\n\t<meta name=\"twitter:data1\" content=\"RomanWagner\" \/>\n\t<meta name=\"twitter:label2\" content=\"Dur\u00e9e de lecture estim\u00e9e\" \/>\n\t<meta name=\"twitter:data2\" content=\"3 minutes\" \/>\n<script type=\"application\/ld+json\" class=\"yoast-schema-graph\">{\"@context\":\"https:\\\/\\\/schema.org\",\"@graph\":[{\"@type\":\"Article\",\"@id\":\"https:\\\/\\\/optik.roman-wagner.de\\\/fr\\\/2024\\\/12\\\/nous-veillons-sur-les-yeux-des-enfants\\\/#article\",\"isPartOf\":{\"@id\":\"https:\\\/\\\/optik.roman-wagner.de\\\/fr\\\/2024\\\/12\\\/nous-veillons-sur-les-yeux-des-enfants\\\/\"},\"author\":{\"name\":\"RomanWagner\",\"@id\":\"https:\\\/\\\/optik.roman-wagner.de\\\/fr\\\/#\\\/schema\\\/person\\\/4a52051c9505d1f3da58c234985c6c2f\"},\"headline\":\"Nous veillons sur les yeux des enfants\",\"datePublished\":\"2024-12-03T15:38:34+00:00\",\"dateModified\":\"2026-04-30T13:24:20+00:00\",\"mainEntityOfPage\":{\"@id\":\"https:\\\/\\\/optik.roman-wagner.de\\\/fr\\\/2024\\\/12\\\/nous-veillons-sur-les-yeux-des-enfants\\\/\"},\"wordCount\":662,\"publisher\":{\"@id\":\"https:\\\/\\\/optik.roman-wagner.de\\\/fr\\\/#organization\"},\"image\":{\"@id\":\"https:\\\/\\\/optik.roman-wagner.de\\\/fr\\\/2024\\\/12\\\/nous-veillons-sur-les-yeux-des-enfants\\\/#primaryimage\"},\"thumbnailUrl\":\"https:\\\/\\\/optik.roman-wagner.de\\\/wp-content\\\/uploads\\\/2024\\\/12\\\/Kinder-gehen-zusammen_im_Freien.jpg\",\"articleSection\":{\"1\":\"Sant\u00e9 des enfants\"},\"inLanguage\":\"fr-FR\"},{\"@type\":\"WebPage\",\"@id\":\"https:\\\/\\\/optik.roman-wagner.de\\\/fr\\\/2024\\\/12\\\/nous-veillons-sur-les-yeux-des-enfants\\\/\",\"url\":\"https:\\\/\\\/optik.roman-wagner.de\\\/fr\\\/2024\\\/12\\\/nous-veillons-sur-les-yeux-des-enfants\\\/\",\"name\":\"Nous veillons sur les yeux des enfants\",\"isPartOf\":{\"@id\":\"https:\\\/\\\/optik.roman-wagner.de\\\/fr\\\/#website\"},\"primaryImageOfPage\":{\"@id\":\"https:\\\/\\\/optik.roman-wagner.de\\\/fr\\\/2024\\\/12\\\/nous-veillons-sur-les-yeux-des-enfants\\\/#primaryimage\"},\"image\":{\"@id\":\"https:\\\/\\\/optik.roman-wagner.de\\\/fr\\\/2024\\\/12\\\/nous-veillons-sur-les-yeux-des-enfants\\\/#primaryimage\"},\"thumbnailUrl\":\"https:\\\/\\\/optik.roman-wagner.de\\\/wp-content\\\/uploads\\\/2024\\\/12\\\/Kinder-gehen-zusammen_im_Freien.jpg\",\"datePublished\":\"2024-12-03T15:38:34+00:00\",\"dateModified\":\"2026-04-30T13:24:20+00:00\",\"description\":\"Pr\u00e9venir l'augmentation de la myopie chez les enfants \u2013 passer ne serait-ce qu'une heure \u00e0 l'ext\u00e9rieur aide \u00e9norm\u00e9ment les enfants.\",\"breadcrumb\":{\"@id\":\"https:\\\/\\\/optik.roman-wagner.de\\\/fr\\\/2024\\\/12\\\/nous-veillons-sur-les-yeux-des-enfants\\\/#breadcrumb\"},\"inLanguage\":\"fr-FR\",\"potentialAction\":[{\"@type\":\"ReadAction\",\"target\":[\"https:\\\/\\\/optik.roman-wagner.de\\\/fr\\\/2024\\\/12\\\/nous-veillons-sur-les-yeux-des-enfants\\\/\"]}]},{\"@type\":\"ImageObject\",\"inLanguage\":\"fr-FR\",\"@id\":\"https:\\\/\\\/optik.roman-wagner.de\\\/fr\\\/2024\\\/12\\\/nous-veillons-sur-les-yeux-des-enfants\\\/#primaryimage\",\"url\":\"https:\\\/\\\/optik.roman-wagner.de\\\/wp-content\\\/uploads\\\/2024\\\/12\\\/Kinder-gehen-zusammen_im_Freien.jpg\",\"contentUrl\":\"https:\\\/\\\/optik.roman-wagner.de\\\/wp-content\\\/uploads\\\/2024\\\/12\\\/Kinder-gehen-zusammen_im_Freien.jpg\",\"width\":1200,\"height\":799},{\"@type\":\"BreadcrumbList\",\"@id\":\"https:\\\/\\\/optik.roman-wagner.de\\\/fr\\\/2024\\\/12\\\/nous-veillons-sur-les-yeux-des-enfants\\\/#breadcrumb\",\"itemListElement\":[{\"@type\":\"ListItem\",\"position\":1,\"name\":\"Startseite\",\"item\":\"https:\\\/\\\/optik.roman-wagner.de\\\/fr\\\/centres-pour-une-bonne-vision\\\/\"},{\"@type\":\"ListItem\",\"position\":2,\"name\":\"Nous veillons sur les yeux des enfants\"}]},{\"@type\":\"WebSite\",\"@id\":\"https:\\\/\\\/optik.roman-wagner.de\\\/fr\\\/#website\",\"url\":\"https:\\\/\\\/optik.roman-wagner.de\\\/fr\\\/\",\"name\":\"Der Augenoptiker Roman Wagner\",\"description\":\"Zentren f\u00fcr gutes Sehen\",\"publisher\":{\"@id\":\"https:\\\/\\\/optik.roman-wagner.de\\\/fr\\\/#organization\"},\"potentialAction\":[{\"@type\":\"SearchAction\",\"target\":{\"@type\":\"EntryPoint\",\"urlTemplate\":\"https:\\\/\\\/optik.roman-wagner.de\\\/fr\\\/?s={search_term_string}\"},\"query-input\":{\"@type\":\"PropertyValueSpecification\",\"valueRequired\":true,\"valueName\":\"search_term_string\"}}],\"inLanguage\":\"fr-FR\"},{\"@type\":\"Organization\",\"@id\":\"https:\\\/\\\/optik.roman-wagner.de\\\/fr\\\/#organization\",\"name\":\"Der Augenoptiker Roman Wagner\",\"url\":\"https:\\\/\\\/optik.roman-wagner.de\\\/fr\\\/\",\"logo\":{\"@type\":\"ImageObject\",\"inLanguage\":\"fr-FR\",\"@id\":\"https:\\\/\\\/optik.roman-wagner.de\\\/fr\\\/#\\\/schema\\\/logo\\\/image\\\/\",\"url\":\"https:\\\/\\\/optik.roman-wagner.de\\\/wp-content\\\/uploads\\\/2019\\\/11\\\/Logo-RW-quadrat.jpg\",\"contentUrl\":\"https:\\\/\\\/optik.roman-wagner.de\\\/wp-content\\\/uploads\\\/2019\\\/11\\\/Logo-RW-quadrat.jpg\",\"width\":488,\"height\":479,\"caption\":\"Der Augenoptiker Roman Wagner\"},\"image\":{\"@id\":\"https:\\\/\\\/optik.roman-wagner.de\\\/fr\\\/#\\\/schema\\\/logo\\\/image\\\/\"},\"sameAs\":[\"https:\\\/\\\/www.facebook.com\\\/romanwagner.optiker\",\"https:\\\/\\\/www.instagram.com\\\/romanwagner.optiker\\\/\",\"https:\\\/\\\/www.youtube.com\\\/channel\\\/UCIHnCII9jl34mZG08gXgG6A\"]},{\"@type\":\"Person\",\"@id\":\"https:\\\/\\\/optik.roman-wagner.de\\\/fr\\\/#\\\/schema\\\/person\\\/4a52051c9505d1f3da58c234985c6c2f\",\"name\":\"RomanWagner\",\"image\":{\"@type\":\"ImageObject\",\"inLanguage\":\"fr-FR\",\"@id\":\"https:\\\/\\\/secure.gravatar.com\\\/avatar\\\/e6c57eb4a35b8245e2d2f86a3e023a8642987475df645a50407f34b4addef3fb?s=96&d=mm&r=g\",\"url\":\"https:\\\/\\\/secure.gravatar.com\\\/avatar\\\/e6c57eb4a35b8245e2d2f86a3e023a8642987475df645a50407f34b4addef3fb?s=96&d=mm&r=g\",\"contentUrl\":\"https:\\\/\\\/secure.gravatar.com\\\/avatar\\\/e6c57eb4a35b8245e2d2f86a3e023a8642987475df645a50407f34b4addef3fb?s=96&d=mm&r=g\",\"caption\":\"RomanWagner\"},\"url\":\"https:\\\/\\\/optik.roman-wagner.de\\\/fr\\\/author\\\/romanwagner\\\/\"}]}<\/script>\n<!-- \/ Yoast SEO plugin. -->","yoast_head_json":{"title":"Nous veillons sur les yeux des enfants","description":"Pr\u00e9venir l'augmentation de la myopie chez les enfants \u2013 passer ne serait-ce qu'une heure \u00e0 l'ext\u00e9rieur aide \u00e9norm\u00e9ment les enfants.","robots":{"index":"index","follow":"follow","max-snippet":"max-snippet:-1","max-image-preview":"max-image-preview:large","max-video-preview":"max-video-preview:-1"},"canonical":"https:\/\/optik.roman-wagner.de\/fr\/2024\/12\/nous-veillons-sur-les-yeux-des-enfants\/","og_locale":"fr_FR","og_type":"article","og_title":"Nous veillons sur les yeux des enfants","og_description":"Pr\u00e9venir l'augmentation de la myopie chez les enfants \u2013 passer ne serait-ce qu'une heure \u00e0 l'ext\u00e9rieur aide \u00e9norm\u00e9ment les enfants.","og_url":"https:\/\/optik.roman-wagner.de\/fr\/2024\/12\/nous-veillons-sur-les-yeux-des-enfants\/","og_site_name":"Roman Wagner","article_publisher":"https:\/\/www.facebook.com\/romanwagner.optiker","article_published_time":"2024-12-03T15:38:34+00:00","article_modified_time":"2026-04-30T13:24:20+00:00","og_image":[{"width":1200,"height":799,"url":"https:\/\/optik.roman-wagner.de\/wp-content\/uploads\/2024\/12\/Kinder-gehen-zusammen_im_Freien.jpg","type":"image\/jpeg"}],"author":"RomanWagner","twitter_card":"summary_large_image","twitter_misc":{"\u00c9crit par":"RomanWagner","Dur\u00e9e de lecture estim\u00e9e":"3 minutes"},"schema":{"@context":"https:\/\/schema.org","@graph":[{"@type":"Article","@id":"https:\/\/optik.roman-wagner.de\/fr\/2024\/12\/nous-veillons-sur-les-yeux-des-enfants\/#article","isPartOf":{"@id":"https:\/\/optik.roman-wagner.de\/fr\/2024\/12\/nous-veillons-sur-les-yeux-des-enfants\/"},"author":{"name":"RomanWagner","@id":"https:\/\/optik.roman-wagner.de\/fr\/#\/schema\/person\/4a52051c9505d1f3da58c234985c6c2f"},"headline":"Nous veillons sur les yeux des enfants","datePublished":"2024-12-03T15:38:34+00:00","dateModified":"2026-04-30T13:24:20+00:00","mainEntityOfPage":{"@id":"https:\/\/optik.roman-wagner.de\/fr\/2024\/12\/nous-veillons-sur-les-yeux-des-enfants\/"},"wordCount":662,"publisher":{"@id":"https:\/\/optik.roman-wagner.de\/fr\/#organization"},"image":{"@id":"https:\/\/optik.roman-wagner.de\/fr\/2024\/12\/nous-veillons-sur-les-yeux-des-enfants\/#primaryimage"},"thumbnailUrl":"https:\/\/optik.roman-wagner.de\/wp-content\/uploads\/2024\/12\/Kinder-gehen-zusammen_im_Freien.jpg","articleSection":{"1":"Sant\u00e9 des enfants"},"inLanguage":"fr-FR"},{"@type":"WebPage","@id":"https:\/\/optik.roman-wagner.de\/fr\/2024\/12\/nous-veillons-sur-les-yeux-des-enfants\/","url":"https:\/\/optik.roman-wagner.de\/fr\/2024\/12\/nous-veillons-sur-les-yeux-des-enfants\/","name":"Nous veillons sur les yeux des enfants","isPartOf":{"@id":"https:\/\/optik.roman-wagner.de\/fr\/#website"},"primaryImageOfPage":{"@id":"https:\/\/optik.roman-wagner.de\/fr\/2024\/12\/nous-veillons-sur-les-yeux-des-enfants\/#primaryimage"},"image":{"@id":"https:\/\/optik.roman-wagner.de\/fr\/2024\/12\/nous-veillons-sur-les-yeux-des-enfants\/#primaryimage"},"thumbnailUrl":"https:\/\/optik.roman-wagner.de\/wp-content\/uploads\/2024\/12\/Kinder-gehen-zusammen_im_Freien.jpg","datePublished":"2024-12-03T15:38:34+00:00","dateModified":"2026-04-30T13:24:20+00:00","description":"Pr\u00e9venir l'augmentation de la myopie chez les enfants \u2013 passer ne serait-ce qu'une heure \u00e0 l'ext\u00e9rieur aide \u00e9norm\u00e9ment les enfants.","breadcrumb":{"@id":"https:\/\/optik.roman-wagner.de\/fr\/2024\/12\/nous-veillons-sur-les-yeux-des-enfants\/#breadcrumb"},"inLanguage":"fr-FR","potentialAction":[{"@type":"ReadAction","target":["https:\/\/optik.roman-wagner.de\/fr\/2024\/12\/nous-veillons-sur-les-yeux-des-enfants\/"]}]},{"@type":"ImageObject","inLanguage":"fr-FR","@id":"https:\/\/optik.roman-wagner.de\/fr\/2024\/12\/nous-veillons-sur-les-yeux-des-enfants\/#primaryimage","url":"https:\/\/optik.roman-wagner.de\/wp-content\/uploads\/2024\/12\/Kinder-gehen-zusammen_im_Freien.jpg","contentUrl":"https:\/\/optik.roman-wagner.de\/wp-content\/uploads\/2024\/12\/Kinder-gehen-zusammen_im_Freien.jpg","width":1200,"height":799},{"@type":"BreadcrumbList","@id":"https:\/\/optik.roman-wagner.de\/fr\/2024\/12\/nous-veillons-sur-les-yeux-des-enfants\/#breadcrumb","itemListElement":[{"@type":"ListItem","position":1,"name":"Startseite","item":"https:\/\/optik.roman-wagner.de\/fr\/centres-pour-une-bonne-vision\/"},{"@type":"ListItem","position":2,"name":"Nous veillons sur les yeux des enfants"}]},{"@type":"WebSite","@id":"https:\/\/optik.roman-wagner.de\/fr\/#website","url":"https:\/\/optik.roman-wagner.de\/fr\/","name":"Der Augenoptiker Roman Wagner","description":"Zentren f\u00fcr gutes Sehen","publisher":{"@id":"https:\/\/optik.roman-wagner.de\/fr\/#organization"},"potentialAction":[{"@type":"SearchAction","target":{"@type":"EntryPoint","urlTemplate":"https:\/\/optik.roman-wagner.de\/fr\/?s={search_term_string}"},"query-input":{"@type":"PropertyValueSpecification","valueRequired":true,"valueName":"search_term_string"}}],"inLanguage":"fr-FR"},{"@type":"Organization","@id":"https:\/\/optik.roman-wagner.de\/fr\/#organization","name":"Der Augenoptiker Roman Wagner","url":"https:\/\/optik.roman-wagner.de\/fr\/","logo":{"@type":"ImageObject","inLanguage":"fr-FR","@id":"https:\/\/optik.roman-wagner.de\/fr\/#\/schema\/logo\/image\/","url":"https:\/\/optik.roman-wagner.de\/wp-content\/uploads\/2019\/11\/Logo-RW-quadrat.jpg","contentUrl":"https:\/\/optik.roman-wagner.de\/wp-content\/uploads\/2019\/11\/Logo-RW-quadrat.jpg","width":488,"height":479,"caption":"Der Augenoptiker Roman Wagner"},"image":{"@id":"https:\/\/optik.roman-wagner.de\/fr\/#\/schema\/logo\/image\/"},"sameAs":["https:\/\/www.facebook.com\/romanwagner.optiker","https:\/\/www.instagram.com\/romanwagner.optiker\/","https:\/\/www.youtube.com\/channel\/UCIHnCII9jl34mZG08gXgG6A"]},{"@type":"Person","@id":"https:\/\/optik.roman-wagner.de\/fr\/#\/schema\/person\/4a52051c9505d1f3da58c234985c6c2f","name":"RomanWagner","image":{"@type":"ImageObject","inLanguage":"fr-FR","@id":"https:\/\/secure.gravatar.com\/avatar\/e6c57eb4a35b8245e2d2f86a3e023a8642987475df645a50407f34b4addef3fb?s=96&d=mm&r=g","url":"https:\/\/secure.gravatar.com\/avatar\/e6c57eb4a35b8245e2d2f86a3e023a8642987475df645a50407f34b4addef3fb?s=96&d=mm&r=g","contentUrl":"https:\/\/secure.gravatar.com\/avatar\/e6c57eb4a35b8245e2d2f86a3e023a8642987475df645a50407f34b4addef3fb?s=96&d=mm&r=g","caption":"RomanWagner"},"url":"https:\/\/optik.roman-wagner.de\/fr\/author\/romanwagner\/"}]}},"_links":{"self":[{"href":"https:\/\/optik.roman-wagner.de\/fr\/wp-json\/wp\/v2\/posts\/7024","targetHints":{"allow":["GET"]}}],"collection":[{"href":"https:\/\/optik.roman-wagner.de\/fr\/wp-json\/wp\/v2\/posts"}],"about":[{"href":"https:\/\/optik.roman-wagner.de\/fr\/wp-json\/wp\/v2\/types\/post"}],"author":[{"embeddable":true,"href":"https:\/\/optik.roman-wagner.de\/fr\/wp-json\/wp\/v2\/users\/1"}],"replies":[{"embeddable":true,"href":"https:\/\/optik.roman-wagner.de\/fr\/wp-json\/wp\/v2\/comments?post=7024"}],"version-history":[{"count":1,"href":"https:\/\/optik.roman-wagner.de\/fr\/wp-json\/wp\/v2\/posts\/7024\/revisions"}],"predecessor-version":[{"id":7027,"href":"https:\/\/optik.roman-wagner.de\/fr\/wp-json\/wp\/v2\/posts\/7024\/revisions\/7027"}],"wp:featuredmedia":[{"embeddable":true,"href":"https:\/\/optik.roman-wagner.de\/fr\/wp-json\/wp\/v2\/media\/7026"}],"wp:attachment":[{"href":"https:\/\/optik.roman-wagner.de\/fr\/wp-json\/wp\/v2\/media?parent=7024"}],"wp:term":[{"taxonomy":"category","embeddable":true,"href":"https:\/\/optik.roman-wagner.de\/fr\/wp-json\/wp\/v2\/categories?post=7024"},{"taxonomy":"post_tag","embeddable":true,"href":"https:\/\/optik.roman-wagner.de\/fr\/wp-json\/wp\/v2\/tags?post=7024"}],"curies":[{"name":"wp","href":"https:\/\/api.w.org\/{rel}","templated":true}]}}