{"id":7018,"date":"2024-09-28T11:46:26","date_gmt":"2024-09-28T09:46:26","guid":{"rendered":"https:\/\/optik.roman-wagner.de\/2024\/09\/des-impressions-passionnantes-du-salon-silmo-2024-a-paris\/"},"modified":"2026-04-30T15:24:20","modified_gmt":"2026-04-30T13:24:20","slug":"des-impressions-passionnantes-du-salon-silmo-2024-a-paris","status":"publish","type":"post","link":"https:\/\/optik.roman-wagner.de\/fr\/2024\/09\/des-impressions-passionnantes-du-salon-silmo-2024-a-paris\/","title":{"rendered":"Des impressions passionnantes du salon SILMO 2024 \u00e0 Paris !"},"content":{"rendered":"\n[et_pb_section fb_built=\u00a0\u00bb1&Prime; _builder_version=\u00a0\u00bb4.25.1&Prime; custom_margin=\u00a0\u00bb75px||||false|false\u00a0\u00bb custom_margin_tablet=\u00a0\u00bb75px||||false|false\u00a0\u00bb custom_margin_phone=\u00a0\u00bb75px||||false|false\u00a0\u00bb custom_margin_last_edited=\u00a0\u00bbon|desktop\u00a0\u00bb custom_padding=\u00a0\u00bb0px||0px||false|false\u00a0\u00bb da_disable_devices=\u00a0\u00bboff|off|off\u00a0\u00bb global_colors_info=\u00a0\u00bb{}\u00a0\u00bb da_is_popup=\u00a0\u00bboff\u00a0\u00bb da_exit_intent=\u00a0\u00bboff\u00a0\u00bb da_has_close=\u00a0\u00bbon\u00a0\u00bb da_alt_close=\u00a0\u00bboff\u00a0\u00bb da_dark_close=\u00a0\u00bboff\u00a0\u00bb da_not_modal=\u00a0\u00bbon\u00a0\u00bb da_is_singular=\u00a0\u00bboff\u00a0\u00bb da_with_loader=\u00a0\u00bboff\u00a0\u00bb da_has_shadow=\u00a0\u00bbon\u00a0\u00bb][et_pb_row column_structure=\u00a0\u00bb1_2,1_2&Prime; _builder_version=\u00a0\u00bb4.25.1&Prime; custom_margin=\u00a0\u00bb120px||||false|false\u00a0\u00bb global_colors_info=\u00a0\u00bb{}\u00a0\u00bb][et_pb_column type=\u00a0\u00bb1_2&Prime; _builder_version=\u00a0\u00bb4.16&Prime; global_colors_info=\u00a0\u00bb{}\u00a0\u00bb][et_pb_text _builder_version=\u00a0\u00bb4.27.2&Prime; global_colors_info=\u00a0\u00bb{}\u00a0\u00bb]<h1><strong>Des impressions passionnantes du salon SILMO 2024 \u00e0 Paris !<\/strong><\/h1>\n<p><strong>Notre quatri\u00e8me visite de salon professionnel cette ann\u00e9e<\/strong><\/p>\n<p>Le salon international de l\u2019optique SILMO \u00e0 Paris nous a une nouvelle fois enthousiasm\u00e9s par ses innombrables inspirations et id\u00e9es. <\/p>\n<p>De la technologie de mesure assist\u00e9e par IA pour l\u2019ajustement pr\u00e9cis de vos verres aux montures \u00e9l\u00e9gantes fabriqu\u00e9es de mani\u00e8re durable \u00e0 partir de divers mat\u00e9riaux recycl\u00e9s ou recyclables et de produits naturels. Vous trouverez bient\u00f4t les derni\u00e8res tendances et innovations du secteur de l\u2019optique dans nos centres pour une bonne vision. <\/p>\n<p>Bien entendu, le r\u00e9seautage avec d\u2019autres experts et des discussions techniques passionnantes avec des designers et d\u00e9veloppeurs internationaux \u00e9taient \u00e9galement au rendez-vous. <\/p>\n<p>Nous sommes revenus avec beaucoup de nouvelles impressions et d\u2019id\u00e9es. Soyez au rendez-vous ! <\/p>[\/et_pb_text][et_pb_button button_url=\u00a0\u00bbhttps:\/\/optik.roman-wagner.de\/online-termin\/\u00a0\u00bb button_text=\u00a0\u00bbPrendre rendez-vous maintenant\u00a0\u00bb _builder_version=\u00a0\u00bb4.18.0&Prime; _module_preset=\u00a0\u00bbdefault\u00a0\u00bb global_colors_info=\u00a0\u00bb{}\u00a0\u00bb][\/et_pb_button][et_pb_button button_url=\u00a0\u00bbhttps:\/\/optik.roman-wagner.de\/aktuelle-brillenmode\/\u00a0\u00bb button_text=\u00a0\u00bbVers la mode actuelle des lunettes\u00a0\u00bb _builder_version=\u00a0\u00bb4.27.2&Prime; _module_preset=\u00a0\u00bbdefault\u00a0\u00bb global_colors_info=\u00a0\u00bb{}\u00a0\u00bb][\/et_pb_button][\/et_pb_column][et_pb_column type=\u00a0\u00bb1_2&Prime; _builder_version=\u00a0\u00bb4.16&Prime; global_colors_info=\u00a0\u00bb{}\u00a0\u00bb][et_pb_video src=\u00a0\u00bbhttps:\/\/optik.roman-wagner.de\/wp-content\/uploads\/2024\/10\/Fachmessebesuch-in-Paris-2024-WEB.mp4&Prime; src_webm=\u00a0\u00bbhttps:\/\/optik.roman-wagner.de\/wp-content\/uploads\/2024\/10\/Fachmessebesuch-in-Paris-2024-WEB.mp4&Prime; _builder_version=\u00a0\u00bb4.27.2&Prime; _module_preset=\u00a0\u00bbdefault\u00a0\u00bb hover_enabled=\u00a0\u00bb0&Prime; global_colors_info=\u00a0\u00bb{}\u00a0\u00bb title_text=\u00a0\u00bbFachmessebesuch in Paris 2024&#8211;WEB\u00a0\u00bb sticky_enabled=\u00a0\u00bb0&Prime;][\/et_pb_video][\/et_pb_column][\/et_pb_row][\/et_pb_section]\n","protected":false},"excerpt":{"rendered":"<p>Le salon international de l\u2019optique SILMO \u00e0 Paris nous a une nouvelle fois enthousiasm\u00e9s par ses innombrables inspirations et id\u00e9es.<\/p>\n<p>De la technologie de mesure assist\u00e9e par IA pour l\u2019ajustement pr\u00e9cis de vos verres aux montures \u00e9l\u00e9gantes fabriqu\u00e9es de mani\u00e8re durable \u00e0 partir de divers mat\u00e9riaux recycl\u00e9s ou recyclables et de produits naturels. Vous trouverez bient\u00f4t les derni\u00e8res tendances et innovations du secteur de l\u2019optique dans nos centres pour une bonne vision. <\/p>\n","protected":false},"author":1,"featured_media":7019,"comment_status":"closed","ping_status":"open","sticky":false,"template":"","format":"standard","meta":{"_et_pb_use_builder":"on","_et_pb_old_content":"","_et_gb_content_width":"","iawp_total_views":0,"footnotes":""},"categories":[140],"tags":[229,152,228,230],"class_list":["post-7018","post","type-post","status-publish","format-standard","has-post-thumbnail","hentry","category-non-classe","tag-paris","tag-roman-wagner","tag-silmo","tag-tendances"],"yoast_head":"<!-- This site is optimized with the Yoast SEO plugin v27.4 - https:\/\/yoast.com\/product\/yoast-seo-wordpress\/ -->\n<title>Des impressions passionnantes du salon SILMO 2024 \u00e0 Paris ! - Roman Wagner<\/title>\n<meta name=\"description\" content=\"Visite du SILMO 2024 \u00e0 Paris : derni\u00e8res tendances et innovations en optique, lunettes intelligentes, designs durables et impressions passionnantes !\" \/>\n<meta name=\"robots\" content=\"index, follow, max-snippet:-1, max-image-preview:large, max-video-preview:-1\" \/>\n<link rel=\"canonical\" href=\"https:\/\/optik.roman-wagner.de\/fr\/2024\/09\/des-impressions-passionnantes-du-salon-silmo-2024-a-paris\/\" \/>\n<meta property=\"og:locale\" content=\"fr_FR\" \/>\n<meta property=\"og:type\" content=\"article\" \/>\n<meta property=\"og:title\" content=\"Des impressions passionnantes du salon SILMO 2024 \u00e0 Paris ! - Roman Wagner\" \/>\n<meta property=\"og:description\" content=\"Visite du SILMO 2024 \u00e0 Paris : derni\u00e8res tendances et innovations en optique, lunettes intelligentes, designs durables et impressions passionnantes !\" \/>\n<meta property=\"og:url\" content=\"https:\/\/optik.roman-wagner.de\/fr\/2024\/09\/des-impressions-passionnantes-du-salon-silmo-2024-a-paris\/\" \/>\n<meta property=\"og:site_name\" content=\"Roman Wagner\" \/>\n<meta property=\"article:publisher\" content=\"https:\/\/www.facebook.com\/romanwagner.optiker\" \/>\n<meta property=\"article:published_time\" content=\"2024-09-28T09:46:26+00:00\" \/>\n<meta property=\"article:modified_time\" content=\"2026-04-30T13:24:20+00:00\" \/>\n<meta property=\"og:image\" content=\"https:\/\/optik.roman-wagner.de\/wp-content\/uploads\/2024\/09\/Silmo-2024-News-Roman-Wagner.jpg\" \/>\n\t<meta property=\"og:image:width\" content=\"800\" \/>\n\t<meta property=\"og:image:height\" content=\"600\" \/>\n\t<meta property=\"og:image:type\" content=\"image\/jpeg\" \/>\n<meta name=\"author\" content=\"RomanWagner\" \/>\n<meta name=\"twitter:card\" content=\"summary_large_image\" \/>\n<meta name=\"twitter:label1\" content=\"\u00c9crit par\" \/>\n\t<meta name=\"twitter:data1\" content=\"RomanWagner\" \/>\n\t<meta name=\"twitter:label2\" content=\"Dur\u00e9e de lecture estim\u00e9e\" \/>\n\t<meta name=\"twitter:data2\" content=\"2 minutes\" \/>\n<script type=\"application\/ld+json\" class=\"yoast-schema-graph\">{\"@context\":\"https:\\\/\\\/schema.org\",\"@graph\":[{\"@type\":\"Article\",\"@id\":\"https:\\\/\\\/optik.roman-wagner.de\\\/fr\\\/2024\\\/09\\\/des-impressions-passionnantes-du-salon-silmo-2024-a-paris\\\/#article\",\"isPartOf\":{\"@id\":\"https:\\\/\\\/optik.roman-wagner.de\\\/fr\\\/2024\\\/09\\\/des-impressions-passionnantes-du-salon-silmo-2024-a-paris\\\/\"},\"author\":{\"name\":\"RomanWagner\",\"@id\":\"https:\\\/\\\/optik.roman-wagner.de\\\/fr\\\/#\\\/schema\\\/person\\\/4a52051c9505d1f3da58c234985c6c2f\"},\"headline\":\"Des impressions passionnantes du salon SILMO 2024 \u00e0 Paris !\",\"datePublished\":\"2024-09-28T09:46:26+00:00\",\"dateModified\":\"2026-04-30T13:24:20+00:00\",\"mainEntityOfPage\":{\"@id\":\"https:\\\/\\\/optik.roman-wagner.de\\\/fr\\\/2024\\\/09\\\/des-impressions-passionnantes-du-salon-silmo-2024-a-paris\\\/\"},\"wordCount\":385,\"publisher\":{\"@id\":\"https:\\\/\\\/optik.roman-wagner.de\\\/fr\\\/#organization\"},\"image\":{\"@id\":\"https:\\\/\\\/optik.roman-wagner.de\\\/fr\\\/2024\\\/09\\\/des-impressions-passionnantes-du-salon-silmo-2024-a-paris\\\/#primaryimage\"},\"thumbnailUrl\":\"https:\\\/\\\/optik.roman-wagner.de\\\/wp-content\\\/uploads\\\/2024\\\/09\\\/Silmo-2024-News-Roman-Wagner.jpg\",\"keywords\":[\"Paris\",\"Roman Wagner\",\"Silmo\",\"Tendances\"],\"inLanguage\":\"fr-FR\"},{\"@type\":\"WebPage\",\"@id\":\"https:\\\/\\\/optik.roman-wagner.de\\\/fr\\\/2024\\\/09\\\/des-impressions-passionnantes-du-salon-silmo-2024-a-paris\\\/\",\"url\":\"https:\\\/\\\/optik.roman-wagner.de\\\/fr\\\/2024\\\/09\\\/des-impressions-passionnantes-du-salon-silmo-2024-a-paris\\\/\",\"name\":\"Des impressions passionnantes du salon SILMO 2024 \u00e0 Paris ! - Roman Wagner\",\"isPartOf\":{\"@id\":\"https:\\\/\\\/optik.roman-wagner.de\\\/fr\\\/#website\"},\"primaryImageOfPage\":{\"@id\":\"https:\\\/\\\/optik.roman-wagner.de\\\/fr\\\/2024\\\/09\\\/des-impressions-passionnantes-du-salon-silmo-2024-a-paris\\\/#primaryimage\"},\"image\":{\"@id\":\"https:\\\/\\\/optik.roman-wagner.de\\\/fr\\\/2024\\\/09\\\/des-impressions-passionnantes-du-salon-silmo-2024-a-paris\\\/#primaryimage\"},\"thumbnailUrl\":\"https:\\\/\\\/optik.roman-wagner.de\\\/wp-content\\\/uploads\\\/2024\\\/09\\\/Silmo-2024-News-Roman-Wagner.jpg\",\"datePublished\":\"2024-09-28T09:46:26+00:00\",\"dateModified\":\"2026-04-30T13:24:20+00:00\",\"description\":\"Visite du SILMO 2024 \u00e0 Paris : derni\u00e8res tendances et innovations en optique, lunettes intelligentes, designs durables et impressions passionnantes !\",\"breadcrumb\":{\"@id\":\"https:\\\/\\\/optik.roman-wagner.de\\\/fr\\\/2024\\\/09\\\/des-impressions-passionnantes-du-salon-silmo-2024-a-paris\\\/#breadcrumb\"},\"inLanguage\":\"fr-FR\",\"potentialAction\":[{\"@type\":\"ReadAction\",\"target\":[\"https:\\\/\\\/optik.roman-wagner.de\\\/fr\\\/2024\\\/09\\\/des-impressions-passionnantes-du-salon-silmo-2024-a-paris\\\/\"]}]},{\"@type\":\"ImageObject\",\"inLanguage\":\"fr-FR\",\"@id\":\"https:\\\/\\\/optik.roman-wagner.de\\\/fr\\\/2024\\\/09\\\/des-impressions-passionnantes-du-salon-silmo-2024-a-paris\\\/#primaryimage\",\"url\":\"https:\\\/\\\/optik.roman-wagner.de\\\/wp-content\\\/uploads\\\/2024\\\/09\\\/Silmo-2024-News-Roman-Wagner.jpg\",\"contentUrl\":\"https:\\\/\\\/optik.roman-wagner.de\\\/wp-content\\\/uploads\\\/2024\\\/09\\\/Silmo-2024-News-Roman-Wagner.jpg\",\"width\":800,\"height\":600},{\"@type\":\"BreadcrumbList\",\"@id\":\"https:\\\/\\\/optik.roman-wagner.de\\\/fr\\\/2024\\\/09\\\/des-impressions-passionnantes-du-salon-silmo-2024-a-paris\\\/#breadcrumb\",\"itemListElement\":[{\"@type\":\"ListItem\",\"position\":1,\"name\":\"Startseite\",\"item\":\"https:\\\/\\\/optik.roman-wagner.de\\\/fr\\\/centres-pour-une-bonne-vision\\\/\"},{\"@type\":\"ListItem\",\"position\":2,\"name\":\"Des impressions passionnantes du salon SILMO 2024 \u00e0 Paris !\"}]},{\"@type\":\"WebSite\",\"@id\":\"https:\\\/\\\/optik.roman-wagner.de\\\/fr\\\/#website\",\"url\":\"https:\\\/\\\/optik.roman-wagner.de\\\/fr\\\/\",\"name\":\"Der Augenoptiker Roman Wagner\",\"description\":\"Zentren f\u00fcr gutes Sehen\",\"publisher\":{\"@id\":\"https:\\\/\\\/optik.roman-wagner.de\\\/fr\\\/#organization\"},\"potentialAction\":[{\"@type\":\"SearchAction\",\"target\":{\"@type\":\"EntryPoint\",\"urlTemplate\":\"https:\\\/\\\/optik.roman-wagner.de\\\/fr\\\/?s={search_term_string}\"},\"query-input\":{\"@type\":\"PropertyValueSpecification\",\"valueRequired\":true,\"valueName\":\"search_term_string\"}}],\"inLanguage\":\"fr-FR\"},{\"@type\":\"Organization\",\"@id\":\"https:\\\/\\\/optik.roman-wagner.de\\\/fr\\\/#organization\",\"name\":\"Der Augenoptiker Roman Wagner\",\"url\":\"https:\\\/\\\/optik.roman-wagner.de\\\/fr\\\/\",\"logo\":{\"@type\":\"ImageObject\",\"inLanguage\":\"fr-FR\",\"@id\":\"https:\\\/\\\/optik.roman-wagner.de\\\/fr\\\/#\\\/schema\\\/logo\\\/image\\\/\",\"url\":\"https:\\\/\\\/optik.roman-wagner.de\\\/wp-content\\\/uploads\\\/2019\\\/11\\\/Logo-RW-quadrat.jpg\",\"contentUrl\":\"https:\\\/\\\/optik.roman-wagner.de\\\/wp-content\\\/uploads\\\/2019\\\/11\\\/Logo-RW-quadrat.jpg\",\"width\":488,\"height\":479,\"caption\":\"Der Augenoptiker Roman Wagner\"},\"image\":{\"@id\":\"https:\\\/\\\/optik.roman-wagner.de\\\/fr\\\/#\\\/schema\\\/logo\\\/image\\\/\"},\"sameAs\":[\"https:\\\/\\\/www.facebook.com\\\/romanwagner.optiker\",\"https:\\\/\\\/www.instagram.com\\\/romanwagner.optiker\\\/\",\"https:\\\/\\\/www.youtube.com\\\/channel\\\/UCIHnCII9jl34mZG08gXgG6A\"]},{\"@type\":\"Person\",\"@id\":\"https:\\\/\\\/optik.roman-wagner.de\\\/fr\\\/#\\\/schema\\\/person\\\/4a52051c9505d1f3da58c234985c6c2f\",\"name\":\"RomanWagner\",\"image\":{\"@type\":\"ImageObject\",\"inLanguage\":\"fr-FR\",\"@id\":\"https:\\\/\\\/secure.gravatar.com\\\/avatar\\\/e6c57eb4a35b8245e2d2f86a3e023a8642987475df645a50407f34b4addef3fb?s=96&d=mm&r=g\",\"url\":\"https:\\\/\\\/secure.gravatar.com\\\/avatar\\\/e6c57eb4a35b8245e2d2f86a3e023a8642987475df645a50407f34b4addef3fb?s=96&d=mm&r=g\",\"contentUrl\":\"https:\\\/\\\/secure.gravatar.com\\\/avatar\\\/e6c57eb4a35b8245e2d2f86a3e023a8642987475df645a50407f34b4addef3fb?s=96&d=mm&r=g\",\"caption\":\"RomanWagner\"},\"url\":\"https:\\\/\\\/optik.roman-wagner.de\\\/fr\\\/author\\\/romanwagner\\\/\"}]}<\/script>\n<!-- \/ Yoast SEO plugin. -->","yoast_head_json":{"title":"Des impressions passionnantes du salon SILMO 2024 \u00e0 Paris ! - Roman Wagner","description":"Visite du SILMO 2024 \u00e0 Paris : derni\u00e8res tendances et innovations en optique, lunettes intelligentes, designs durables et impressions passionnantes !","robots":{"index":"index","follow":"follow","max-snippet":"max-snippet:-1","max-image-preview":"max-image-preview:large","max-video-preview":"max-video-preview:-1"},"canonical":"https:\/\/optik.roman-wagner.de\/fr\/2024\/09\/des-impressions-passionnantes-du-salon-silmo-2024-a-paris\/","og_locale":"fr_FR","og_type":"article","og_title":"Des impressions passionnantes du salon SILMO 2024 \u00e0 Paris ! - Roman Wagner","og_description":"Visite du SILMO 2024 \u00e0 Paris : derni\u00e8res tendances et innovations en optique, lunettes intelligentes, designs durables et impressions passionnantes !","og_url":"https:\/\/optik.roman-wagner.de\/fr\/2024\/09\/des-impressions-passionnantes-du-salon-silmo-2024-a-paris\/","og_site_name":"Roman Wagner","article_publisher":"https:\/\/www.facebook.com\/romanwagner.optiker","article_published_time":"2024-09-28T09:46:26+00:00","article_modified_time":"2026-04-30T13:24:20+00:00","og_image":[{"width":800,"height":600,"url":"https:\/\/optik.roman-wagner.de\/wp-content\/uploads\/2024\/09\/Silmo-2024-News-Roman-Wagner.jpg","type":"image\/jpeg"}],"author":"RomanWagner","twitter_card":"summary_large_image","twitter_misc":{"\u00c9crit par":"RomanWagner","Dur\u00e9e de lecture estim\u00e9e":"2 minutes"},"schema":{"@context":"https:\/\/schema.org","@graph":[{"@type":"Article","@id":"https:\/\/optik.roman-wagner.de\/fr\/2024\/09\/des-impressions-passionnantes-du-salon-silmo-2024-a-paris\/#article","isPartOf":{"@id":"https:\/\/optik.roman-wagner.de\/fr\/2024\/09\/des-impressions-passionnantes-du-salon-silmo-2024-a-paris\/"},"author":{"name":"RomanWagner","@id":"https:\/\/optik.roman-wagner.de\/fr\/#\/schema\/person\/4a52051c9505d1f3da58c234985c6c2f"},"headline":"Des impressions passionnantes du salon SILMO 2024 \u00e0 Paris !","datePublished":"2024-09-28T09:46:26+00:00","dateModified":"2026-04-30T13:24:20+00:00","mainEntityOfPage":{"@id":"https:\/\/optik.roman-wagner.de\/fr\/2024\/09\/des-impressions-passionnantes-du-salon-silmo-2024-a-paris\/"},"wordCount":385,"publisher":{"@id":"https:\/\/optik.roman-wagner.de\/fr\/#organization"},"image":{"@id":"https:\/\/optik.roman-wagner.de\/fr\/2024\/09\/des-impressions-passionnantes-du-salon-silmo-2024-a-paris\/#primaryimage"},"thumbnailUrl":"https:\/\/optik.roman-wagner.de\/wp-content\/uploads\/2024\/09\/Silmo-2024-News-Roman-Wagner.jpg","keywords":["Paris","Roman Wagner","Silmo","Tendances"],"inLanguage":"fr-FR"},{"@type":"WebPage","@id":"https:\/\/optik.roman-wagner.de\/fr\/2024\/09\/des-impressions-passionnantes-du-salon-silmo-2024-a-paris\/","url":"https:\/\/optik.roman-wagner.de\/fr\/2024\/09\/des-impressions-passionnantes-du-salon-silmo-2024-a-paris\/","name":"Des impressions passionnantes du salon SILMO 2024 \u00e0 Paris ! - Roman Wagner","isPartOf":{"@id":"https:\/\/optik.roman-wagner.de\/fr\/#website"},"primaryImageOfPage":{"@id":"https:\/\/optik.roman-wagner.de\/fr\/2024\/09\/des-impressions-passionnantes-du-salon-silmo-2024-a-paris\/#primaryimage"},"image":{"@id":"https:\/\/optik.roman-wagner.de\/fr\/2024\/09\/des-impressions-passionnantes-du-salon-silmo-2024-a-paris\/#primaryimage"},"thumbnailUrl":"https:\/\/optik.roman-wagner.de\/wp-content\/uploads\/2024\/09\/Silmo-2024-News-Roman-Wagner.jpg","datePublished":"2024-09-28T09:46:26+00:00","dateModified":"2026-04-30T13:24:20+00:00","description":"Visite du SILMO 2024 \u00e0 Paris : derni\u00e8res tendances et innovations en optique, lunettes intelligentes, designs durables et impressions passionnantes !","breadcrumb":{"@id":"https:\/\/optik.roman-wagner.de\/fr\/2024\/09\/des-impressions-passionnantes-du-salon-silmo-2024-a-paris\/#breadcrumb"},"inLanguage":"fr-FR","potentialAction":[{"@type":"ReadAction","target":["https:\/\/optik.roman-wagner.de\/fr\/2024\/09\/des-impressions-passionnantes-du-salon-silmo-2024-a-paris\/"]}]},{"@type":"ImageObject","inLanguage":"fr-FR","@id":"https:\/\/optik.roman-wagner.de\/fr\/2024\/09\/des-impressions-passionnantes-du-salon-silmo-2024-a-paris\/#primaryimage","url":"https:\/\/optik.roman-wagner.de\/wp-content\/uploads\/2024\/09\/Silmo-2024-News-Roman-Wagner.jpg","contentUrl":"https:\/\/optik.roman-wagner.de\/wp-content\/uploads\/2024\/09\/Silmo-2024-News-Roman-Wagner.jpg","width":800,"height":600},{"@type":"BreadcrumbList","@id":"https:\/\/optik.roman-wagner.de\/fr\/2024\/09\/des-impressions-passionnantes-du-salon-silmo-2024-a-paris\/#breadcrumb","itemListElement":[{"@type":"ListItem","position":1,"name":"Startseite","item":"https:\/\/optik.roman-wagner.de\/fr\/centres-pour-une-bonne-vision\/"},{"@type":"ListItem","position":2,"name":"Des impressions passionnantes du salon SILMO 2024 \u00e0 Paris !"}]},{"@type":"WebSite","@id":"https:\/\/optik.roman-wagner.de\/fr\/#website","url":"https:\/\/optik.roman-wagner.de\/fr\/","name":"Der Augenoptiker Roman Wagner","description":"Zentren f\u00fcr gutes Sehen","publisher":{"@id":"https:\/\/optik.roman-wagner.de\/fr\/#organization"},"potentialAction":[{"@type":"SearchAction","target":{"@type":"EntryPoint","urlTemplate":"https:\/\/optik.roman-wagner.de\/fr\/?s={search_term_string}"},"query-input":{"@type":"PropertyValueSpecification","valueRequired":true,"valueName":"search_term_string"}}],"inLanguage":"fr-FR"},{"@type":"Organization","@id":"https:\/\/optik.roman-wagner.de\/fr\/#organization","name":"Der Augenoptiker Roman Wagner","url":"https:\/\/optik.roman-wagner.de\/fr\/","logo":{"@type":"ImageObject","inLanguage":"fr-FR","@id":"https:\/\/optik.roman-wagner.de\/fr\/#\/schema\/logo\/image\/","url":"https:\/\/optik.roman-wagner.de\/wp-content\/uploads\/2019\/11\/Logo-RW-quadrat.jpg","contentUrl":"https:\/\/optik.roman-wagner.de\/wp-content\/uploads\/2019\/11\/Logo-RW-quadrat.jpg","width":488,"height":479,"caption":"Der Augenoptiker Roman Wagner"},"image":{"@id":"https:\/\/optik.roman-wagner.de\/fr\/#\/schema\/logo\/image\/"},"sameAs":["https:\/\/www.facebook.com\/romanwagner.optiker","https:\/\/www.instagram.com\/romanwagner.optiker\/","https:\/\/www.youtube.com\/channel\/UCIHnCII9jl34mZG08gXgG6A"]},{"@type":"Person","@id":"https:\/\/optik.roman-wagner.de\/fr\/#\/schema\/person\/4a52051c9505d1f3da58c234985c6c2f","name":"RomanWagner","image":{"@type":"ImageObject","inLanguage":"fr-FR","@id":"https:\/\/secure.gravatar.com\/avatar\/e6c57eb4a35b8245e2d2f86a3e023a8642987475df645a50407f34b4addef3fb?s=96&d=mm&r=g","url":"https:\/\/secure.gravatar.com\/avatar\/e6c57eb4a35b8245e2d2f86a3e023a8642987475df645a50407f34b4addef3fb?s=96&d=mm&r=g","contentUrl":"https:\/\/secure.gravatar.com\/avatar\/e6c57eb4a35b8245e2d2f86a3e023a8642987475df645a50407f34b4addef3fb?s=96&d=mm&r=g","caption":"RomanWagner"},"url":"https:\/\/optik.roman-wagner.de\/fr\/author\/romanwagner\/"}]}},"_links":{"self":[{"href":"https:\/\/optik.roman-wagner.de\/fr\/wp-json\/wp\/v2\/posts\/7018","targetHints":{"allow":["GET"]}}],"collection":[{"href":"https:\/\/optik.roman-wagner.de\/fr\/wp-json\/wp\/v2\/posts"}],"about":[{"href":"https:\/\/optik.roman-wagner.de\/fr\/wp-json\/wp\/v2\/types\/post"}],"author":[{"embeddable":true,"href":"https:\/\/optik.roman-wagner.de\/fr\/wp-json\/wp\/v2\/users\/1"}],"replies":[{"embeddable":true,"href":"https:\/\/optik.roman-wagner.de\/fr\/wp-json\/wp\/v2\/comments?post=7018"}],"version-history":[{"count":1,"href":"https:\/\/optik.roman-wagner.de\/fr\/wp-json\/wp\/v2\/posts\/7018\/revisions"}],"predecessor-version":[{"id":7020,"href":"https:\/\/optik.roman-wagner.de\/fr\/wp-json\/wp\/v2\/posts\/7018\/revisions\/7020"}],"wp:featuredmedia":[{"embeddable":true,"href":"https:\/\/optik.roman-wagner.de\/fr\/wp-json\/wp\/v2\/media\/7019"}],"wp:attachment":[{"href":"https:\/\/optik.roman-wagner.de\/fr\/wp-json\/wp\/v2\/media?parent=7018"}],"wp:term":[{"taxonomy":"category","embeddable":true,"href":"https:\/\/optik.roman-wagner.de\/fr\/wp-json\/wp\/v2\/categories?post=7018"},{"taxonomy":"post_tag","embeddable":true,"href":"https:\/\/optik.roman-wagner.de\/fr\/wp-json\/wp\/v2\/tags?post=7018"}],"curies":[{"name":"wp","href":"https:\/\/api.w.org\/{rel}","templated":true}]}}