{"id":6939,"date":"2023-04-17T08:38:19","date_gmt":"2023-04-17T06:38:19","guid":{"rendered":"https:\/\/optik.roman-wagner.de\/2023\/04\/accident-du-travail-et-lunettes-endommagees-que-faire\/"},"modified":"2026-04-30T15:22:59","modified_gmt":"2026-04-30T13:22:59","slug":"accident-du-travail-et-lunettes-endommagees-que-faire","status":"publish","type":"post","link":"https:\/\/optik.roman-wagner.de\/fr\/2023\/04\/accident-du-travail-et-lunettes-endommagees-que-faire\/","title":{"rendered":"Accident du travail et lunettes endommag\u00e9es : que faire ?"},"content":{"rendered":"\n[et_pb_section fb_built=\u00a0\u00bb1&Prime; _builder_version=\u00a0\u00bb4.25.1&Prime; custom_margin=\u00a0\u00bb130px||||false|false\u00a0\u00bb custom_padding=\u00a0\u00bb0px||8px||false|false\u00a0\u00bb hover_enabled=\u00a0\u00bb0&Prime; global_colors_info=\u00a0\u00bb{}\u00a0\u00bb custom_margin_last_edited=\u00a0\u00bbon|phone\u00a0\u00bb sticky_enabled=\u00a0\u00bb0&Prime; custom_margin_phone=\u00a0\u00bb70px||||false|false\u00a0\u00bb da_is_popup=\u00a0\u00bboff\u00a0\u00bb da_exit_intent=\u00a0\u00bboff\u00a0\u00bb da_has_close=\u00a0\u00bbon\u00a0\u00bb da_alt_close=\u00a0\u00bboff\u00a0\u00bb da_dark_close=\u00a0\u00bboff\u00a0\u00bb da_not_modal=\u00a0\u00bbon\u00a0\u00bb da_is_singular=\u00a0\u00bboff\u00a0\u00bb da_with_loader=\u00a0\u00bboff\u00a0\u00bb da_has_shadow=\u00a0\u00bbon\u00a0\u00bb da_disable_devices=\u00a0\u00bboff|off|off\u00a0\u00bb custom_margin_tablet=\u00a0\u00bb130px||||false|false\u00a0\u00bb][et_pb_row _builder_version=\u00a0\u00bb4.16&Prime; background_size=\u00a0\u00bbinitial\u00a0\u00bb background_position=\u00a0\u00bbtop_left\u00a0\u00bb background_repeat=\u00a0\u00bbrepeat\u00a0\u00bb custom_padding=\u00a0\u00bb27px||69px|||\u00a0\u00bb global_colors_info=\u00a0\u00bb{}\u00a0\u00bb column_structure=\u00a0\u00bb1_2,1_2&Prime;][et_pb_column type=\u00a0\u00bb1_2&Prime; _builder_version=\u00a0\u00bb4.16&Prime; custom_padding=\u00a0\u00bb|||\u00a0\u00bb global_colors_info=\u00a0\u00bb{}\u00a0\u00bb custom_padding__hover=\u00a0\u00bb|||\u00a0\u00bb][et_pb_cta title=\u00a0\u00bbAccident du travail et lunettes endommag\u00e9es ! Que faire ? \u00a0\u00bb button_url=\u00a0\u00bbhttps:\/\/optik.roman-wagner.de\/standorte\/\u00a0\u00bb button_text=\u00a0\u00bbPrendre rendez-vous maintenant\u00a0\u00bb _builder_version=\u00a0\u00bb4.25.1&Prime; header_level=\u00a0\u00bbh1&Prime; use_background_color=\u00a0\u00bboff\u00a0\u00bb text_orientation=\u00a0\u00bbleft\u00a0\u00bb background_layout=\u00a0\u00bblight\u00a0\u00bb min_height=\u00a0\u00bb500px\u00a0\u00bb custom_margin=\u00a0\u00bb4px|||||\u00a0\u00bb hover_enabled=\u00a0\u00bb0&Prime; global_colors_info=\u00a0\u00bb{}\u00a0\u00bb header_font=\u00a0\u00bb|600|||||||\u00a0\u00bb sticky_enabled=\u00a0\u00bb0&Prime;]<p style=\"font-weight: 400;\">Un instant d&rsquo;inattention, et vous tr\u00e9buchez, glissez ou un carton tombe sur vos lunettes dans l&rsquo;entrep\u00f4t. Les accidents du travail arrivent rapidement. <\/p>\n<p style=\"font-weight: 400;\">Si vos lunettes tombent et se cassent, c&rsquo;est naturellement contrariant.<\/p>\n<p style=\"font-weight: 400;\">La bonne nouvelle : m\u00eame si vous restez indemne, l&rsquo;assurance accidents du travail prend en charge la r\u00e9paration ou le remplacement.<\/p>\n<p style=\"font-weight: 400;\"><strong>Comment proc\u00e9der ?<\/strong><\/p>\n<ul>\n<li>Vous devez prouver que les lunettes \u00e9taient \u00ab port\u00e9es conform\u00e9ment \u00e0 leur usage \u00bb au moment de l&rsquo;accident et que le dommage est li\u00e9 \u00e0 l&rsquo;accident. Prenez des photos, nommez \u00e9ventuellement des t\u00e9moins. <\/li>\n<li>Informez votre employeur.<\/li>\n<li>\u00c9tablissez une d\u00e9claration d&rsquo;accident et envoyez-la \u00e0 l&rsquo;assurance accidents du travail.<\/li>\n<\/ul>\n<p style=\"font-weight: 400;\"><strong>Que pouvons-nous faire pour vous ?<\/strong><\/p>\n<ul>\n<li>Nous \u00e9tablissons volontiers les devis n\u00e9cessaires pour la r\u00e9paration ou le remplacement. L&rsquo;envoi par e-mail est possible. <\/li>\n<li>L&rsquo;assurance accidents du travail peut exiger les anciennes factures. Avons-nous fabriqu\u00e9 les lunettes endommag\u00e9es ? Les factures sont enregistr\u00e9es dans notre syst\u00e8me et peuvent \u00eatre mises \u00e0 disposition.  <span> <\/span><\/li>\n<li>Nous pouvons \u00e9galement vous d\u00e9livrer une attestation indiquant que les nouvelles lunettes constituent un remplacement \u00e9quivalent aux anciennes.<\/li>\n<\/ul>\n<p style=\"font-weight: 400;\">Veuillez noter : ces indications sont fournies sans garantie juridique<\/p>[\/et_pb_cta][\/et_pb_column][et_pb_column type=\u00a0\u00bb1_2&Prime; _builder_version=\u00a0\u00bb4.16&Prime; custom_padding=\u00a0\u00bb|||\u00a0\u00bb global_colors_info=\u00a0\u00bb{}\u00a0\u00bb custom_padding__hover=\u00a0\u00bb|||\u00a0\u00bb][et_pb_image src=\u00a0\u00bbhttps:\/\/optik.roman-wagner.de\/wp-content\/uploads\/2023\/04\/Arbeitsunfall-Brille_AdobeStock_183517917.jpg\u00a0\u00bb title_text=\u00a0\u00bblunettes cass\u00e9es sur l&#039;asphalte\u00a0\u00bb force_fullwidth=\u00a0\u00bbon\u00a0\u00bb _builder_version=\u00a0\u00bb4.25.1&Prime; hover_enabled=\u00a0\u00bb0&Prime; global_colors_info=\u00a0\u00bb{}\u00a0\u00bb box_shadow_style=\u00a0\u00bbpreset2&Prime; sticky_enabled=\u00a0\u00bb0&Prime;][\/et_pb_image][et_pb_text _builder_version=\u00a0\u00bb4.20.2&Prime; _module_preset=\u00a0\u00bbdefault\u00a0\u00bb global_colors_info=\u00a0\u00bb{}\u00a0\u00bb]<p style=\"text-align: right;\">\n<p style=\"text-align: right;\">\n<p style=\"text-align: right;\">\n<p style=\"text-align: right;\">\n<p style=\"text-align: right;\">Photo : Lunettes endommag\u00e9es \u24b8 dimasobko &#8211; stock.adobe.com<\/p>[\/et_pb_text][\/et_pb_column][\/et_pb_row][\/et_pb_section]\n","protected":false},"excerpt":{"rendered":"<p>Les accidents du travail arrivent rapidement. Que faire lorsque des aides visuelles comme les lunettes sont endommag\u00e9es lors d&rsquo;un accident du travail ? Comment faire r\u00e9gler le dommage par l&rsquo;assurance accidents du travail (BG) ?   <\/p>\n","protected":false},"author":1,"featured_media":6940,"comment_status":"closed","ping_status":"open","sticky":false,"template":"","format":"standard","meta":{"_et_pb_use_builder":"on","_et_pb_old_content":"","_et_gb_content_width":"","iawp_total_views":0,"footnotes":""},"categories":[198,140],"tags":[],"class_list":["post-6939","post","type-post","status-publish","format-standard","has-post-thumbnail","hentry","category-conseils-fiscaux","category-non-classe"],"yoast_head":"<!-- This site is optimized with the Yoast SEO plugin v27.4 - https:\/\/yoast.com\/product\/yoast-seo-wordpress\/ -->\n<title>Accident du travail et lunettes endommag\u00e9es : que faire ?<\/title>\n<meta name=\"description\" content=\"Les accidents du travail arrivent rapidement. Que faire ? Comment faire r\u00e9gler le dommage par l&#039;assurance accidents du travail (BG) ?\" \/>\n<meta name=\"robots\" content=\"index, follow, max-snippet:-1, max-image-preview:large, max-video-preview:-1\" \/>\n<link rel=\"canonical\" href=\"https:\/\/optik.roman-wagner.de\/fr\/2023\/04\/accident-du-travail-et-lunettes-endommagees-que-faire\/\" \/>\n<meta property=\"og:locale\" content=\"fr_FR\" \/>\n<meta property=\"og:type\" content=\"article\" \/>\n<meta property=\"og:title\" content=\"Accident du travail et lunettes endommag\u00e9es : que faire ?\" \/>\n<meta property=\"og:description\" content=\"Les accidents du travail arrivent rapidement. Que faire ? Comment faire r\u00e9gler le dommage par l&#039;assurance accidents du travail (BG) ?\" \/>\n<meta property=\"og:url\" content=\"https:\/\/optik.roman-wagner.de\/fr\/2023\/04\/accident-du-travail-et-lunettes-endommagees-que-faire\/\" \/>\n<meta property=\"og:site_name\" content=\"Roman Wagner\" \/>\n<meta property=\"article:publisher\" content=\"https:\/\/www.facebook.com\/romanwagner.optiker\" \/>\n<meta property=\"article:published_time\" content=\"2023-04-17T06:38:19+00:00\" \/>\n<meta property=\"article:modified_time\" content=\"2026-04-30T13:22:59+00:00\" \/>\n<meta property=\"og:image\" content=\"https:\/\/optik.roman-wagner.de\/wp-content\/uploads\/2023\/04\/Arbeitsunfall-Brille_AdobeStock_183517917.jpg\" \/>\n\t<meta property=\"og:image:width\" content=\"1920\" \/>\n\t<meta property=\"og:image:height\" content=\"1279\" \/>\n\t<meta property=\"og:image:type\" content=\"image\/jpeg\" \/>\n<meta name=\"author\" content=\"RomanWagner\" \/>\n<meta name=\"twitter:card\" content=\"summary_large_image\" \/>\n<meta name=\"twitter:label1\" content=\"\u00c9crit par\" \/>\n\t<meta name=\"twitter:data1\" content=\"RomanWagner\" \/>\n\t<meta name=\"twitter:label2\" content=\"Dur\u00e9e de lecture estim\u00e9e\" \/>\n\t<meta name=\"twitter:data2\" content=\"2 minutes\" \/>\n<script type=\"application\/ld+json\" class=\"yoast-schema-graph\">{\"@context\":\"https:\\\/\\\/schema.org\",\"@graph\":[{\"@type\":\"Article\",\"@id\":\"https:\\\/\\\/optik.roman-wagner.de\\\/fr\\\/2023\\\/04\\\/accident-du-travail-et-lunettes-endommagees-que-faire\\\/#article\",\"isPartOf\":{\"@id\":\"https:\\\/\\\/optik.roman-wagner.de\\\/fr\\\/2023\\\/04\\\/accident-du-travail-et-lunettes-endommagees-que-faire\\\/\"},\"author\":{\"name\":\"RomanWagner\",\"@id\":\"https:\\\/\\\/optik.roman-wagner.de\\\/fr\\\/#\\\/schema\\\/person\\\/4a52051c9505d1f3da58c234985c6c2f\"},\"headline\":\"Accident du travail et lunettes endommag\u00e9es : que faire ?\",\"datePublished\":\"2023-04-17T06:38:19+00:00\",\"dateModified\":\"2026-04-30T13:22:59+00:00\",\"mainEntityOfPage\":{\"@id\":\"https:\\\/\\\/optik.roman-wagner.de\\\/fr\\\/2023\\\/04\\\/accident-du-travail-et-lunettes-endommagees-que-faire\\\/\"},\"wordCount\":475,\"publisher\":{\"@id\":\"https:\\\/\\\/optik.roman-wagner.de\\\/fr\\\/#organization\"},\"image\":{\"@id\":\"https:\\\/\\\/optik.roman-wagner.de\\\/fr\\\/2023\\\/04\\\/accident-du-travail-et-lunettes-endommagees-que-faire\\\/#primaryimage\"},\"thumbnailUrl\":\"https:\\\/\\\/optik.roman-wagner.de\\\/wp-content\\\/uploads\\\/2023\\\/04\\\/Arbeitsunfall-Brille_AdobeStock_183517917.jpg\",\"articleSection\":[\"Conseils fiscaux\"],\"inLanguage\":\"fr-FR\"},{\"@type\":\"WebPage\",\"@id\":\"https:\\\/\\\/optik.roman-wagner.de\\\/fr\\\/2023\\\/04\\\/accident-du-travail-et-lunettes-endommagees-que-faire\\\/\",\"url\":\"https:\\\/\\\/optik.roman-wagner.de\\\/fr\\\/2023\\\/04\\\/accident-du-travail-et-lunettes-endommagees-que-faire\\\/\",\"name\":\"Accident du travail et lunettes endommag\u00e9es : que faire ?\",\"isPartOf\":{\"@id\":\"https:\\\/\\\/optik.roman-wagner.de\\\/fr\\\/#website\"},\"primaryImageOfPage\":{\"@id\":\"https:\\\/\\\/optik.roman-wagner.de\\\/fr\\\/2023\\\/04\\\/accident-du-travail-et-lunettes-endommagees-que-faire\\\/#primaryimage\"},\"image\":{\"@id\":\"https:\\\/\\\/optik.roman-wagner.de\\\/fr\\\/2023\\\/04\\\/accident-du-travail-et-lunettes-endommagees-que-faire\\\/#primaryimage\"},\"thumbnailUrl\":\"https:\\\/\\\/optik.roman-wagner.de\\\/wp-content\\\/uploads\\\/2023\\\/04\\\/Arbeitsunfall-Brille_AdobeStock_183517917.jpg\",\"datePublished\":\"2023-04-17T06:38:19+00:00\",\"dateModified\":\"2026-04-30T13:22:59+00:00\",\"description\":\"Les accidents du travail arrivent rapidement. Que faire ? Comment faire r\u00e9gler le dommage par l'assurance accidents du travail (BG) ?\",\"breadcrumb\":{\"@id\":\"https:\\\/\\\/optik.roman-wagner.de\\\/fr\\\/2023\\\/04\\\/accident-du-travail-et-lunettes-endommagees-que-faire\\\/#breadcrumb\"},\"inLanguage\":\"fr-FR\",\"potentialAction\":[{\"@type\":\"ReadAction\",\"target\":[\"https:\\\/\\\/optik.roman-wagner.de\\\/fr\\\/2023\\\/04\\\/accident-du-travail-et-lunettes-endommagees-que-faire\\\/\"]}]},{\"@type\":\"ImageObject\",\"inLanguage\":\"fr-FR\",\"@id\":\"https:\\\/\\\/optik.roman-wagner.de\\\/fr\\\/2023\\\/04\\\/accident-du-travail-et-lunettes-endommagees-que-faire\\\/#primaryimage\",\"url\":\"https:\\\/\\\/optik.roman-wagner.de\\\/wp-content\\\/uploads\\\/2023\\\/04\\\/Arbeitsunfall-Brille_AdobeStock_183517917.jpg\",\"contentUrl\":\"https:\\\/\\\/optik.roman-wagner.de\\\/wp-content\\\/uploads\\\/2023\\\/04\\\/Arbeitsunfall-Brille_AdobeStock_183517917.jpg\",\"width\":1920,\"height\":1279,\"caption\":\"lunettes cass\u00e9es sur l'asphalte. concept d'accident de rue. mauvaise vue\"},{\"@type\":\"BreadcrumbList\",\"@id\":\"https:\\\/\\\/optik.roman-wagner.de\\\/fr\\\/2023\\\/04\\\/accident-du-travail-et-lunettes-endommagees-que-faire\\\/#breadcrumb\",\"itemListElement\":[{\"@type\":\"ListItem\",\"position\":1,\"name\":\"Startseite\",\"item\":\"https:\\\/\\\/optik.roman-wagner.de\\\/fr\\\/centres-pour-une-bonne-vision\\\/\"},{\"@type\":\"ListItem\",\"position\":2,\"name\":\"Accident du travail et lunettes endommag\u00e9es : que faire ?\"}]},{\"@type\":\"WebSite\",\"@id\":\"https:\\\/\\\/optik.roman-wagner.de\\\/fr\\\/#website\",\"url\":\"https:\\\/\\\/optik.roman-wagner.de\\\/fr\\\/\",\"name\":\"Der Augenoptiker Roman Wagner\",\"description\":\"Zentren f\u00fcr gutes Sehen\",\"publisher\":{\"@id\":\"https:\\\/\\\/optik.roman-wagner.de\\\/fr\\\/#organization\"},\"potentialAction\":[{\"@type\":\"SearchAction\",\"target\":{\"@type\":\"EntryPoint\",\"urlTemplate\":\"https:\\\/\\\/optik.roman-wagner.de\\\/fr\\\/?s={search_term_string}\"},\"query-input\":{\"@type\":\"PropertyValueSpecification\",\"valueRequired\":true,\"valueName\":\"search_term_string\"}}],\"inLanguage\":\"fr-FR\"},{\"@type\":\"Organization\",\"@id\":\"https:\\\/\\\/optik.roman-wagner.de\\\/fr\\\/#organization\",\"name\":\"Der Augenoptiker Roman Wagner\",\"url\":\"https:\\\/\\\/optik.roman-wagner.de\\\/fr\\\/\",\"logo\":{\"@type\":\"ImageObject\",\"inLanguage\":\"fr-FR\",\"@id\":\"https:\\\/\\\/optik.roman-wagner.de\\\/fr\\\/#\\\/schema\\\/logo\\\/image\\\/\",\"url\":\"https:\\\/\\\/optik.roman-wagner.de\\\/wp-content\\\/uploads\\\/2019\\\/11\\\/Logo-RW-quadrat.jpg\",\"contentUrl\":\"https:\\\/\\\/optik.roman-wagner.de\\\/wp-content\\\/uploads\\\/2019\\\/11\\\/Logo-RW-quadrat.jpg\",\"width\":488,\"height\":479,\"caption\":\"Der Augenoptiker Roman Wagner\"},\"image\":{\"@id\":\"https:\\\/\\\/optik.roman-wagner.de\\\/fr\\\/#\\\/schema\\\/logo\\\/image\\\/\"},\"sameAs\":[\"https:\\\/\\\/www.facebook.com\\\/romanwagner.optiker\",\"https:\\\/\\\/www.instagram.com\\\/romanwagner.optiker\\\/\",\"https:\\\/\\\/www.youtube.com\\\/channel\\\/UCIHnCII9jl34mZG08gXgG6A\"]},{\"@type\":\"Person\",\"@id\":\"https:\\\/\\\/optik.roman-wagner.de\\\/fr\\\/#\\\/schema\\\/person\\\/4a52051c9505d1f3da58c234985c6c2f\",\"name\":\"RomanWagner\",\"image\":{\"@type\":\"ImageObject\",\"inLanguage\":\"fr-FR\",\"@id\":\"https:\\\/\\\/secure.gravatar.com\\\/avatar\\\/e6c57eb4a35b8245e2d2f86a3e023a8642987475df645a50407f34b4addef3fb?s=96&d=mm&r=g\",\"url\":\"https:\\\/\\\/secure.gravatar.com\\\/avatar\\\/e6c57eb4a35b8245e2d2f86a3e023a8642987475df645a50407f34b4addef3fb?s=96&d=mm&r=g\",\"contentUrl\":\"https:\\\/\\\/secure.gravatar.com\\\/avatar\\\/e6c57eb4a35b8245e2d2f86a3e023a8642987475df645a50407f34b4addef3fb?s=96&d=mm&r=g\",\"caption\":\"RomanWagner\"},\"url\":\"https:\\\/\\\/optik.roman-wagner.de\\\/fr\\\/author\\\/romanwagner\\\/\"}]}<\/script>\n<!-- \/ Yoast SEO plugin. -->","yoast_head_json":{"title":"Accident du travail et lunettes endommag\u00e9es : que faire ?","description":"Les accidents du travail arrivent rapidement. Que faire ? Comment faire r\u00e9gler le dommage par l'assurance accidents du travail (BG) ?","robots":{"index":"index","follow":"follow","max-snippet":"max-snippet:-1","max-image-preview":"max-image-preview:large","max-video-preview":"max-video-preview:-1"},"canonical":"https:\/\/optik.roman-wagner.de\/fr\/2023\/04\/accident-du-travail-et-lunettes-endommagees-que-faire\/","og_locale":"fr_FR","og_type":"article","og_title":"Accident du travail et lunettes endommag\u00e9es : que faire ?","og_description":"Les accidents du travail arrivent rapidement. Que faire ? Comment faire r\u00e9gler le dommage par l'assurance accidents du travail (BG) ?","og_url":"https:\/\/optik.roman-wagner.de\/fr\/2023\/04\/accident-du-travail-et-lunettes-endommagees-que-faire\/","og_site_name":"Roman Wagner","article_publisher":"https:\/\/www.facebook.com\/romanwagner.optiker","article_published_time":"2023-04-17T06:38:19+00:00","article_modified_time":"2026-04-30T13:22:59+00:00","og_image":[{"width":1920,"height":1279,"url":"https:\/\/optik.roman-wagner.de\/wp-content\/uploads\/2023\/04\/Arbeitsunfall-Brille_AdobeStock_183517917.jpg","type":"image\/jpeg"}],"author":"RomanWagner","twitter_card":"summary_large_image","twitter_misc":{"\u00c9crit par":"RomanWagner","Dur\u00e9e de lecture estim\u00e9e":"2 minutes"},"schema":{"@context":"https:\/\/schema.org","@graph":[{"@type":"Article","@id":"https:\/\/optik.roman-wagner.de\/fr\/2023\/04\/accident-du-travail-et-lunettes-endommagees-que-faire\/#article","isPartOf":{"@id":"https:\/\/optik.roman-wagner.de\/fr\/2023\/04\/accident-du-travail-et-lunettes-endommagees-que-faire\/"},"author":{"name":"RomanWagner","@id":"https:\/\/optik.roman-wagner.de\/fr\/#\/schema\/person\/4a52051c9505d1f3da58c234985c6c2f"},"headline":"Accident du travail et lunettes endommag\u00e9es : que faire ?","datePublished":"2023-04-17T06:38:19+00:00","dateModified":"2026-04-30T13:22:59+00:00","mainEntityOfPage":{"@id":"https:\/\/optik.roman-wagner.de\/fr\/2023\/04\/accident-du-travail-et-lunettes-endommagees-que-faire\/"},"wordCount":475,"publisher":{"@id":"https:\/\/optik.roman-wagner.de\/fr\/#organization"},"image":{"@id":"https:\/\/optik.roman-wagner.de\/fr\/2023\/04\/accident-du-travail-et-lunettes-endommagees-que-faire\/#primaryimage"},"thumbnailUrl":"https:\/\/optik.roman-wagner.de\/wp-content\/uploads\/2023\/04\/Arbeitsunfall-Brille_AdobeStock_183517917.jpg","articleSection":["Conseils fiscaux"],"inLanguage":"fr-FR"},{"@type":"WebPage","@id":"https:\/\/optik.roman-wagner.de\/fr\/2023\/04\/accident-du-travail-et-lunettes-endommagees-que-faire\/","url":"https:\/\/optik.roman-wagner.de\/fr\/2023\/04\/accident-du-travail-et-lunettes-endommagees-que-faire\/","name":"Accident du travail et lunettes endommag\u00e9es : que faire ?","isPartOf":{"@id":"https:\/\/optik.roman-wagner.de\/fr\/#website"},"primaryImageOfPage":{"@id":"https:\/\/optik.roman-wagner.de\/fr\/2023\/04\/accident-du-travail-et-lunettes-endommagees-que-faire\/#primaryimage"},"image":{"@id":"https:\/\/optik.roman-wagner.de\/fr\/2023\/04\/accident-du-travail-et-lunettes-endommagees-que-faire\/#primaryimage"},"thumbnailUrl":"https:\/\/optik.roman-wagner.de\/wp-content\/uploads\/2023\/04\/Arbeitsunfall-Brille_AdobeStock_183517917.jpg","datePublished":"2023-04-17T06:38:19+00:00","dateModified":"2026-04-30T13:22:59+00:00","description":"Les accidents du travail arrivent rapidement. Que faire ? Comment faire r\u00e9gler le dommage par l'assurance accidents du travail (BG) ?","breadcrumb":{"@id":"https:\/\/optik.roman-wagner.de\/fr\/2023\/04\/accident-du-travail-et-lunettes-endommagees-que-faire\/#breadcrumb"},"inLanguage":"fr-FR","potentialAction":[{"@type":"ReadAction","target":["https:\/\/optik.roman-wagner.de\/fr\/2023\/04\/accident-du-travail-et-lunettes-endommagees-que-faire\/"]}]},{"@type":"ImageObject","inLanguage":"fr-FR","@id":"https:\/\/optik.roman-wagner.de\/fr\/2023\/04\/accident-du-travail-et-lunettes-endommagees-que-faire\/#primaryimage","url":"https:\/\/optik.roman-wagner.de\/wp-content\/uploads\/2023\/04\/Arbeitsunfall-Brille_AdobeStock_183517917.jpg","contentUrl":"https:\/\/optik.roman-wagner.de\/wp-content\/uploads\/2023\/04\/Arbeitsunfall-Brille_AdobeStock_183517917.jpg","width":1920,"height":1279,"caption":"lunettes cass\u00e9es sur l'asphalte. concept d'accident de rue. mauvaise vue"},{"@type":"BreadcrumbList","@id":"https:\/\/optik.roman-wagner.de\/fr\/2023\/04\/accident-du-travail-et-lunettes-endommagees-que-faire\/#breadcrumb","itemListElement":[{"@type":"ListItem","position":1,"name":"Startseite","item":"https:\/\/optik.roman-wagner.de\/fr\/centres-pour-une-bonne-vision\/"},{"@type":"ListItem","position":2,"name":"Accident du travail et lunettes endommag\u00e9es : que faire ?"}]},{"@type":"WebSite","@id":"https:\/\/optik.roman-wagner.de\/fr\/#website","url":"https:\/\/optik.roman-wagner.de\/fr\/","name":"Der Augenoptiker Roman Wagner","description":"Zentren f\u00fcr gutes Sehen","publisher":{"@id":"https:\/\/optik.roman-wagner.de\/fr\/#organization"},"potentialAction":[{"@type":"SearchAction","target":{"@type":"EntryPoint","urlTemplate":"https:\/\/optik.roman-wagner.de\/fr\/?s={search_term_string}"},"query-input":{"@type":"PropertyValueSpecification","valueRequired":true,"valueName":"search_term_string"}}],"inLanguage":"fr-FR"},{"@type":"Organization","@id":"https:\/\/optik.roman-wagner.de\/fr\/#organization","name":"Der Augenoptiker Roman Wagner","url":"https:\/\/optik.roman-wagner.de\/fr\/","logo":{"@type":"ImageObject","inLanguage":"fr-FR","@id":"https:\/\/optik.roman-wagner.de\/fr\/#\/schema\/logo\/image\/","url":"https:\/\/optik.roman-wagner.de\/wp-content\/uploads\/2019\/11\/Logo-RW-quadrat.jpg","contentUrl":"https:\/\/optik.roman-wagner.de\/wp-content\/uploads\/2019\/11\/Logo-RW-quadrat.jpg","width":488,"height":479,"caption":"Der Augenoptiker Roman Wagner"},"image":{"@id":"https:\/\/optik.roman-wagner.de\/fr\/#\/schema\/logo\/image\/"},"sameAs":["https:\/\/www.facebook.com\/romanwagner.optiker","https:\/\/www.instagram.com\/romanwagner.optiker\/","https:\/\/www.youtube.com\/channel\/UCIHnCII9jl34mZG08gXgG6A"]},{"@type":"Person","@id":"https:\/\/optik.roman-wagner.de\/fr\/#\/schema\/person\/4a52051c9505d1f3da58c234985c6c2f","name":"RomanWagner","image":{"@type":"ImageObject","inLanguage":"fr-FR","@id":"https:\/\/secure.gravatar.com\/avatar\/e6c57eb4a35b8245e2d2f86a3e023a8642987475df645a50407f34b4addef3fb?s=96&d=mm&r=g","url":"https:\/\/secure.gravatar.com\/avatar\/e6c57eb4a35b8245e2d2f86a3e023a8642987475df645a50407f34b4addef3fb?s=96&d=mm&r=g","contentUrl":"https:\/\/secure.gravatar.com\/avatar\/e6c57eb4a35b8245e2d2f86a3e023a8642987475df645a50407f34b4addef3fb?s=96&d=mm&r=g","caption":"RomanWagner"},"url":"https:\/\/optik.roman-wagner.de\/fr\/author\/romanwagner\/"}]}},"_links":{"self":[{"href":"https:\/\/optik.roman-wagner.de\/fr\/wp-json\/wp\/v2\/posts\/6939","targetHints":{"allow":["GET"]}}],"collection":[{"href":"https:\/\/optik.roman-wagner.de\/fr\/wp-json\/wp\/v2\/posts"}],"about":[{"href":"https:\/\/optik.roman-wagner.de\/fr\/wp-json\/wp\/v2\/types\/post"}],"author":[{"embeddable":true,"href":"https:\/\/optik.roman-wagner.de\/fr\/wp-json\/wp\/v2\/users\/1"}],"replies":[{"embeddable":true,"href":"https:\/\/optik.roman-wagner.de\/fr\/wp-json\/wp\/v2\/comments?post=6939"}],"version-history":[{"count":1,"href":"https:\/\/optik.roman-wagner.de\/fr\/wp-json\/wp\/v2\/posts\/6939\/revisions"}],"predecessor-version":[{"id":6941,"href":"https:\/\/optik.roman-wagner.de\/fr\/wp-json\/wp\/v2\/posts\/6939\/revisions\/6941"}],"wp:featuredmedia":[{"embeddable":true,"href":"https:\/\/optik.roman-wagner.de\/fr\/wp-json\/wp\/v2\/media\/6940"}],"wp:attachment":[{"href":"https:\/\/optik.roman-wagner.de\/fr\/wp-json\/wp\/v2\/media?parent=6939"}],"wp:term":[{"taxonomy":"category","embeddable":true,"href":"https:\/\/optik.roman-wagner.de\/fr\/wp-json\/wp\/v2\/categories?post=6939"},{"taxonomy":"post_tag","embeddable":true,"href":"https:\/\/optik.roman-wagner.de\/fr\/wp-json\/wp\/v2\/tags?post=6939"}],"curies":[{"name":"wp","href":"https:\/\/api.w.org\/{rel}","templated":true}]}}