{"id":6844,"date":"2025-03-27T17:55:39","date_gmt":"2025-03-27T16:55:39","guid":{"rendered":"https:\/\/optik.roman-wagner.de\/2025\/03\/lunettes-de-soleil-2025-tendances-et-conseils-pour-un-choix-optimal\/"},"modified":"2026-04-30T15:22:31","modified_gmt":"2026-04-30T13:22:31","slug":"lunettes-de-soleil-2025-tendances-et-conseils-pour-un-choix-optimal","status":"publish","type":"post","link":"https:\/\/optik.roman-wagner.de\/fr\/2025\/03\/lunettes-de-soleil-2025-tendances-et-conseils-pour-un-choix-optimal\/","title":{"rendered":"Lunettes de soleil 2025 &#8211; Tendances et conseils pour un choix optimal"},"content":{"rendered":"\n[et_pb_section fb_built=\u00a0\u00bb1&Prime; _builder_version=\u00a0\u00bb4.27.2&Prime; custom_margin=\u00a0\u00bb130px||||false|false\u00a0\u00bb custom_margin_tablet=\u00a0\u00bb130px||||false|false\u00a0\u00bb custom_margin_phone=\u00a0\u00bb70px||||false|false\u00a0\u00bb custom_margin_last_edited=\u00a0\u00bbon|desktop\u00a0\u00bb custom_padding=\u00a0\u00bb4px||||false|false\u00a0\u00bb da_disable_devices=\u00a0\u00bboff|off|off\u00a0\u00bb global_colors_info=\u00a0\u00bb{}\u00a0\u00bb da_is_popup=\u00a0\u00bboff\u00a0\u00bb da_exit_intent=\u00a0\u00bboff\u00a0\u00bb da_has_close=\u00a0\u00bbon\u00a0\u00bb da_alt_close=\u00a0\u00bboff\u00a0\u00bb da_dark_close=\u00a0\u00bboff\u00a0\u00bb da_not_modal=\u00a0\u00bbon\u00a0\u00bb da_is_singular=\u00a0\u00bboff\u00a0\u00bb da_with_loader=\u00a0\u00bboff\u00a0\u00bb da_has_shadow=\u00a0\u00bbon\u00a0\u00bb][et_pb_row column_structure=\u00a0\u00bb1_2,1_2&Prime; _builder_version=\u00a0\u00bb4.16&Prime; background_size=\u00a0\u00bbinitial\u00a0\u00bb background_position=\u00a0\u00bbtop_left\u00a0\u00bb background_repeat=\u00a0\u00bbrepeat\u00a0\u00bb custom_padding=\u00a0\u00bb35px|||||\u00a0\u00bb global_colors_info=\u00a0\u00bb{}\u00a0\u00bb][et_pb_column type=\u00a0\u00bb1_2&Prime; _builder_version=\u00a0\u00bb4.16&Prime; custom_padding=\u00a0\u00bb|||\u00a0\u00bb global_colors_info=\u00a0\u00bb{}\u00a0\u00bb custom_padding__hover=\u00a0\u00bb|||\u00a0\u00bb][dsm_text_notation notation_text=\u00a0\u00bbLunettes de soleil 2025 \u2013 Tendances et conseils pour un choix optimal\u00a0\u00bb notation_color=\u00a0\u00bb#0084D7&Prime; notation_width=\u00a0\u00bb4&Prime; _builder_version=\u00a0\u00bb4.27.4&Prime; _module_preset=\u00a0\u00bbdefault\u00a0\u00bb header_font=\u00a0\u00bb|700|||||||\u00a0\u00bb header_text_color=\u00a0\u00bb#000000&Prime; notation_font=\u00a0\u00bb|700|||||||\u00a0\u00bb notation_text_color=\u00a0\u00bb#000000&Prime; text_orientation=\u00a0\u00bbleft\u00a0\u00bb width=\u00a0\u00bb100%\u00a0\u00bb custom_margin=\u00a0\u00bb||3px||false|false\u00a0\u00bb custom_padding=\u00a0\u00bb||||false|false\u00a0\u00bb header_font_size_tablet=\u00a0\u00bb\u00a0\u00bb header_font_size_phone=\u00a0\u00bb\u00a0\u00bb header_font_size_last_edited=\u00a0\u00bbon|phone\u00a0\u00bb header_line_height_tablet=\u00a0\u00bb\u00a0\u00bb header_line_height_phone=\u00a0\u00bb1.3em\u00a0\u00bb header_line_height_last_edited=\u00a0\u00bbon|phone\u00a0\u00bb locked=\u00a0\u00bboff\u00a0\u00bb global_colors_info=\u00a0\u00bb{}\u00a0\u00bb][\/dsm_text_notation][et_pb_text _builder_version=\u00a0\u00bb4.27.4&Prime; _module_preset=\u00a0\u00bbdefault\u00a0\u00bb custom_margin=\u00a0\u00bb20px||30px||false|false\u00a0\u00bb hover_enabled=\u00a0\u00bb0&Prime; global_colors_info=\u00a0\u00bb{}\u00a0\u00bb sticky_enabled=\u00a0\u00bb0&Prime;]<p>Les lunettes de soleil ne sont pas seulement un accessoire de mode indispensable, mais aussi une protection essentielle pour nos yeux. Elles nous prot\u00e8gent des rayons UV nocifs et am\u00e9liorent notre vision en cas de fort ensoleillement. Mais que devez-vous prendre en compte lors de l&rsquo;achat ? Quels mod\u00e8les seront tendance en 2025 ? Et combien faut-il investir pour des lunettes de soleil de qualit\u00e9 ? Dans cet article, nous r\u00e9pondons \u00e0 ces questions et vous donnons de pr\u00e9cieux conseils pour trouver vos lunettes de soleil parfaites.     <\/p>\n<p>Nous serons ravis de vous conseiller personnellement et de trouver ensemble les lunettes de soleil parfaites pour vous.<\/p>[\/et_pb_text][\/et_pb_column][et_pb_column type=\u00a0\u00bb1_2&Prime; _builder_version=\u00a0\u00bb4.16&Prime; custom_padding=\u00a0\u00bb|||\u00a0\u00bb global_colors_info=\u00a0\u00bb{}\u00a0\u00bb custom_padding__hover=\u00a0\u00bb|||\u00a0\u00bb][et_pb_image src=\u00a0\u00bbhttps:\/\/optik.roman-wagner.de\/wp-content\/uploads\/2025\/02\/Sonnenbrillen-Trends-2025.jpg\u00a0\u00bb title_text=\u00a0\u00bbCapture d&#039;\u00e9cran\u00a0\u00bb _builder_version=\u00a0\u00bb4.27.4&Prime; _module_preset=\u00a0\u00bbdefault\u00a0\u00bb custom_margin=\u00a0\u00bb||5px|||\u00a0\u00bb global_colors_info=\u00a0\u00bb{}\u00a0\u00bb][\/et_pb_image][et_pb_text _builder_version=\u00a0\u00bb4.27.4&Prime; _module_preset=\u00a0\u00bbdefault\u00a0\u00bb custom_margin=\u00a0\u00bb||23px|||\u00a0\u00bb global_colors_info=\u00a0\u00bb{}\u00a0\u00bb]<p style=\"text-align: right;\">Photo : Milos &#8211; stock.adobe.com<\/p>[\/et_pb_text][et_pb_button button_url=\u00a0\u00bbhttps:\/\/optik.roman-wagner.de\/online-termin\/\u00a0\u00bb button_text=\u00a0\u00bbPrendre rendez-vous maintenant\u00a0\u00bb _builder_version=\u00a0\u00bb4.27.2&Prime; _module_preset=\u00a0\u00bbdefault\u00a0\u00bb global_colors_info=\u00a0\u00bb{}\u00a0\u00bb][\/et_pb_button][\/et_pb_column][\/et_pb_row][et_pb_row column_structure=\u00a0\u00bb1_2,1_2&Prime; _builder_version=\u00a0\u00bb4.27.4&Prime; _module_preset=\u00a0\u00bbdefault\u00a0\u00bb global_colors_info=\u00a0\u00bb{}\u00a0\u00bb][et_pb_column type=\u00a0\u00bb1_2&Prime; _builder_version=\u00a0\u00bb4.27.4&Prime; _module_preset=\u00a0\u00bbdefault\u00a0\u00bb global_colors_info=\u00a0\u00bb{}\u00a0\u00bb][et_pb_slider show_arrows=\u00a0\u00bboff\u00a0\u00bb show_pagination=\u00a0\u00bboff\u00a0\u00bb _builder_version=\u00a0\u00bb4.27.4&Prime; _module_preset=\u00a0\u00bbdefault\u00a0\u00bb header_font=\u00a0\u00bb|700|||||||\u00a0\u00bb custom_button=\u00a0\u00bbon\u00a0\u00bb button_border_color=\u00a0\u00bb#FFFFFF\u00a0\u00bb box_shadow_style=\u00a0\u00bbpreset2&Prime; locked=\u00a0\u00bboff\u00a0\u00bb global_colors_info=\u00a0\u00bb{}\u00a0\u00bb][et_pb_slide heading=\u00a0\u00bbOffres actuelles de lunettes de soleil\u00a0\u00bb button_text=\u00a0\u00bbVers le prospectus\u00a0\u00bb button_link=\u00a0\u00bbhttps:\/\/optik.roman-wagner.de\/wp-content\/uploads\/2025\/03\/Sonnenbrillen-Prospekt-2025.pdf\u00a0\u00bb url_new_window=\u00a0\u00bbon\u00a0\u00bb image=\u00a0\u00bbhttps:\/\/optik.roman-wagner.de\/wp-content\/uploads\/2025\/03\/Sonnenbrillen-Titel-2025_WEB.jpg\u00a0\u00bb _builder_version=\u00a0\u00bb4.27.4&Prime; _module_preset=\u00a0\u00bbdefault\u00a0\u00bb link_option_url=\u00a0\u00bbhttps:\/\/optik.roman-wagner.de\/wp-content\/uploads\/2025\/03\/Sonnenbrillen-Prospekt-2025.pdf\u00a0\u00bb link_option_url_new_window=\u00a0\u00bbon\u00a0\u00bb locked=\u00a0\u00bboff\u00a0\u00bb global_colors_info=\u00a0\u00bb{}\u00a0\u00bb sticky_transition=\u00a0\u00bbon\u00a0\u00bb]<p>Profitez de nos offres attractives et assurez-vous vos nouvelles lunettes de soleil pr\u00e9f\u00e9r\u00e9es aux meilleures conditions. <strong>D\u00e9couvrez-les d\u00e8s maintenant dans le prospectus actuel :<\/strong> des lunettes de soleil \u00e9galement enti\u00e8rement \u00e0 votre vue individuelle<\/p>[\/et_pb_slide][\/et_pb_slider][\/et_pb_column][et_pb_column type=\u00a0\u00bb1_2&Prime; _builder_version=\u00a0\u00bb4.27.4&Prime; _module_preset=\u00a0\u00bbdefault\u00a0\u00bb global_colors_info=\u00a0\u00bb{}\u00a0\u00bb][et_pb_text _builder_version=\u00a0\u00bb4.27.4&Prime; _module_preset=\u00a0\u00bbdefault\u00a0\u00bb custom_margin=\u00a0\u00bb||9px|||\u00a0\u00bb global_colors_info=\u00a0\u00bb{}\u00a0\u00bb]<h3>Les tendances lunettes de soleil les plus en vogue en 2025<\/h3>[\/et_pb_text][et_pb_text _builder_version=\u00a0\u00bb4.27.4&Prime; _module_preset=\u00a0\u00bbdefault\u00a0\u00bb hover_enabled=\u00a0\u00bb0&Prime; global_colors_info=\u00a0\u00bb{}\u00a0\u00bb sticky_enabled=\u00a0\u00bb0&Prime;]<p><em><strong>Quelles lunettes de soleil seront tendance en 2025 ?<\/strong><br><\/em>Les porteurs de lunettes soucieux de la mode peuvent se r\u00e9jouir de ces points forts :<\/p>\n<ul>\n<li><strong>Mod\u00e8les oversize :<\/strong> de grandes lunettes de soleil au flair futuriste.<\/li>\n<li><strong>Montures transparentes :<\/strong> minimalistes et \u00e9l\u00e9gantes dans leur pr\u00e9sentation.<\/li>\n<li><strong>Lunettes de soleil durables :<\/strong> fabriqu\u00e9es \u00e0 partir de plastique recycl\u00e9 ou de bois.<\/li>\n<li><strong>Designs r\u00e9tro :<\/strong> les mod\u00e8les \u0153il-de-chat, aviateur et ronds font un retour en force.<\/li>\n<\/ul>\n<p><em> <\/em><\/p>\n<p><em><strong>Lunettes de soleil rondes ou carr\u00e9es \u2013 lesquelles me conviennent ?<\/strong><br><\/em>Les lunettes de soleil rondes flattent particuli\u00e8rement les visages anguleux, tandis que les mod\u00e8les carr\u00e9s s&rsquo;harmonisent bien avec les visages ronds ou ovales.<\/p>[\/et_pb_text][et_pb_text _builder_version=\u00a0\u00bb4.27.4&Prime; _module_preset=\u00a0\u00bbdefault\u00a0\u00bb custom_margin=\u00a0\u00bb||9px|||\u00a0\u00bb global_colors_info=\u00a0\u00bb{}\u00a0\u00bb]<h3>Comment reconna\u00eetre des lunettes de soleil de qualit\u00e9 ?<\/h3>[\/et_pb_text][et_pb_text _builder_version=\u00a0\u00bb4.27.4&Prime; _module_preset=\u00a0\u00bbdefault\u00a0\u00bb custom_margin=\u00a0\u00bb||26px|||\u00a0\u00bb hover_enabled=\u00a0\u00bb0&Prime; global_colors_info=\u00a0\u00bb{}\u00a0\u00bb sticky_enabled=\u00a0\u00bb0&Prime;]<p>Comment reconna\u00eetre la qualit\u00e9 d&rsquo;une paire de lunettes de soleil ? Des lunettes de soleil de premi\u00e8re classe ne doivent pas seulement \u00eatre \u00e0 la mode, mais surtout garantir la protection s\u00fbre de vos yeux. Faites attention aux caract\u00e9ristiques suivantes :  <\/p>\n<p>&nbsp;<\/p>\n<ul>\n<li><strong>Protection UV \u00e0 100 % :<\/strong> assurez-vous que les lunettes sont marqu\u00e9es \u00ab UV-400 \u00bb ; cela garantit une protection compl\u00e8te contre les rayons UVA et UVB.<\/li>\n<li><strong>Verres de haute qualit\u00e9 :<\/strong> les verres en verre ou en polycarbonate offrent une qualit\u00e9 optique sup\u00e9rieure par rapport aux verres en plastique simples. Les verres polaris\u00e9s et antireflets sur la face arri\u00e8re permettent une vision claire et sans reflets. <\/li>\n<li><strong>Monture robuste et l\u00e9g\u00e8re :<\/strong> une monture r\u00e9sistante en ac\u00e9tate ou en titane assure non seulement une longue dur\u00e9e de vie, mais aussi un confort de port agr\u00e9able.<\/li>\n<\/ul>[\/et_pb_text][et_pb_text _builder_version=\u00a0\u00bb4.27.4&Prime; _module_preset=\u00a0\u00bbdefault\u00a0\u00bb custom_margin=\u00a0\u00bb||9px|||\u00a0\u00bb global_colors_info=\u00a0\u00bb{}\u00a0\u00bb]<h3>\u00c0 quoi faut-il faire attention lors de l&rsquo;achat ?<\/h3>[\/et_pb_text][et_pb_text _builder_version=\u00a0\u00bb4.27.4&Prime; _module_preset=\u00a0\u00bbdefault\u00a0\u00bb global_colors_info=\u00a0\u00bb{}\u00a0\u00bb]<p>Lors de l&rsquo;achat de lunettes de soleil, il est important de ne pas se concentrer uniquement sur le design, mais aussi de prendre en compte les aspects suivants :<\/p>\n<p>&nbsp;<\/p>\n<ul>\n<li>\n<div><strong>Verres polaris\u00e9s :<\/strong> ceux-ci r\u00e9duisent l&rsquo;\u00e9blouissement et sont particuli\u00e8rement adapt\u00e9s aux conducteurs et aux amateurs de sports nautiques.<\/div>\n<\/li>\n<li>\n<div><strong>Filtre bleu :<\/strong> il minimise la fatigue oculaire due \u00e0 la lumi\u00e8re bleue et est id\u00e9al pour la protection des yeux en cas de sensibilit\u00e9.<\/div>\n<\/li>\n<li>\n<div><strong>Teinte des verres :<\/strong> les teintes marron et grise sont excellentes pour un usage quotidien, tandis que les teintes jaunes et orange sont optimales pour les activit\u00e9s sportives.<\/div>\n<\/li>\n<\/ul>[\/et_pb_text][\/et_pb_column][\/et_pb_row][et_pb_row column_structure=\u00a0\u00bb1_2,1_2&Prime; _builder_version=\u00a0\u00bb4.27.4&Prime; _module_preset=\u00a0\u00bbdefault\u00a0\u00bb global_colors_info=\u00a0\u00bb{}\u00a0\u00bb][et_pb_column type=\u00a0\u00bb1_2&Prime; _builder_version=\u00a0\u00bb4.27.4&Prime; _module_preset=\u00a0\u00bbdefault\u00a0\u00bb global_colors_info=\u00a0\u00bb{}\u00a0\u00bb][et_pb_text _builder_version=\u00a0\u00bb4.27.4&Prime; _module_preset=\u00a0\u00bbdefault\u00a0\u00bb custom_margin=\u00a0\u00bb||9px|||\u00a0\u00bb global_colors_info=\u00a0\u00bb{}\u00a0\u00bb]<h3>Lunettes de soleil pour tous les besoins<\/h3>[\/et_pb_text][et_pb_text _builder_version=\u00a0\u00bb4.27.4&Prime; _module_preset=\u00a0\u00bbdefault\u00a0\u00bb hover_enabled=\u00a0\u00bb0&Prime; global_colors_info=\u00a0\u00bb{}\u00a0\u00bb sticky_enabled=\u00a0\u00bb0&Prime;]<div><strong><em>Lunettes de soleil pour hommes, femmes et enfants<\/em><\/strong><\/div>\n<div>Qu&rsquo;elles soient classiques-\u00e9l\u00e9gantes, sportives ou extravagantes \u2013 en 2025, vous trouverez des lunettes de soleil pour tous les go\u00fbts. Les femmes pr\u00e9f\u00e8rent souvent les mod\u00e8les de grande taille, tandis que les hommes optent souvent pour des designs anguleux et masculins. Pour les enfants, une protection UV \u00e9lev\u00e9e est particuli\u00e8rement cruciale.  <\/div>\n<div><em> <\/em><\/div>\n<div><strong><em>Lunettes de soleil pour sportifs et conducteurs<\/em><\/strong><\/div>\n<div>Pour les sportifs et les conducteurs, des mod\u00e8les sp\u00e9ciaux sont recommand\u00e9s avec :<\/div>\n<div><\/div>\n<ul>\n<li><strong>Les filtres polarisants<\/strong> r\u00e9duisent les reflets \u00e9blouissants sur les routes et les surfaces aquatiques.<\/li>\n<li><strong>Les verres incassables<\/strong> en polycarbonate offrent une r\u00e9sistance suppl\u00e9mentaire \u00e0 la rupture.<\/li>\n<li><strong>Les formes de verres incurv\u00e9es<\/strong> assurent une protection lat\u00e9rale id\u00e9ale contre la lumi\u00e8re et le vent.<\/li>\n<li><strong>Les branches antid\u00e9rapantes<\/strong> garantissent un maintien s\u00fbr m\u00eame lors de mouvements rapides.<\/li>\n<\/ul>\n<div><\/div>\n<div><strong><em>Lunettes de soleil correctrices ou progressives<\/em><\/strong><\/div>\n<div>Ceux qui ont besoin d&rsquo;une aide visuelle devraient envisager de choisir des lunettes de soleil correctrices. Les lunettes de soleil progressives permettent une vision continue \u00e0 diff\u00e9rentes distances \u2013 parfaites pour le quotidien. <\/div>\n<div><\/div>\n<div><strong><em>Lunettes de soleil pour les maladies oculaires et les op\u00e9rations de la cataracte<\/em><\/strong><\/div>\n<div>Pour les yeux malades ou d\u00e9j\u00e0 endommag\u00e9s, les lunettes de protection contre la lumi\u00e8re et les filtres de bord avec protection lat\u00e9rale\/contre le vent am\u00e9liorent sensiblement le confort visuel. Une meilleure perception des contrastes permet une perception s\u00fbre de l&rsquo;environnement et prot\u00e8ge contre les yeux larmoyants et qui coulent. <\/div>[\/et_pb_text][\/et_pb_column][et_pb_column type=\u00a0\u00bb1_2&Prime; _builder_version=\u00a0\u00bb4.27.4&Prime; _module_preset=\u00a0\u00bbdefault\u00a0\u00bb global_colors_info=\u00a0\u00bb{}\u00a0\u00bb][et_pb_gallery gallery_ids=\u00a0\u00bb6848,6849,6850,6851,6852,6853,6854,6855,6856,6857,6858,6781,6782,6859&Prime; fullwidth=\u00a0\u00bbon\u00a0\u00bb _builder_version=\u00a0\u00bb4.27.4&Prime; _module_preset=\u00a0\u00bbdefault\u00a0\u00bb auto=\u00a0\u00bbon\u00a0\u00bb auto_speed=\u00a0\u00bb4000&Prime; locked=\u00a0\u00bboff\u00a0\u00bb global_colors_info=\u00a0\u00bb{}\u00a0\u00bb][\/et_pb_gallery][\/et_pb_column][\/et_pb_row][et_pb_row column_structure=\u00a0\u00bb1_2,1_2&Prime; _builder_version=\u00a0\u00bb4.27.4&Prime; _module_preset=\u00a0\u00bbdefault\u00a0\u00bb global_colors_info=\u00a0\u00bb{}\u00a0\u00bb][et_pb_column type=\u00a0\u00bb1_2&Prime; _builder_version=\u00a0\u00bb4.27.4&Prime; _module_preset=\u00a0\u00bbdefault\u00a0\u00bb global_colors_info=\u00a0\u00bb{}\u00a0\u00bb][et_pb_text _builder_version=\u00a0\u00bb4.27.4&Prime; _module_preset=\u00a0\u00bbdefault\u00a0\u00bb custom_margin=\u00a0\u00bb||9px|||\u00a0\u00bb global_colors_info=\u00a0\u00bb{}\u00a0\u00bb]<h3>Entretien &amp; Durabilit\u00e9<\/h3>[\/et_pb_text][et_pb_text _builder_version=\u00a0\u00bb4.27.4&Prime; _module_preset=\u00a0\u00bbdefault\u00a0\u00bb hover_enabled=\u00a0\u00bb0&Prime; global_colors_info=\u00a0\u00bb{}\u00a0\u00bb sticky_enabled=\u00a0\u00bb0&Prime;]<div><strong><em>Combien de temps durent de bonnes lunettes de soleil ? <\/em><\/strong><\/div>\n<div>La dur\u00e9e de vie des lunettes de soleil d\u00e9pend fortement de la qualit\u00e9 et de l&rsquo;entretien. Les mod\u00e8les de haute qualit\u00e9 ont g\u00e9n\u00e9ralement une dur\u00e9e de vie plus longue, tandis que les variantes moins ch\u00e8res se rayent et s&rsquo;usent plus rapidement. <\/div>\n<div> <\/div>\n<div><strong><em>Conseils d&rsquo;entretien pour vos lunettes de soleil<\/em><\/strong><\/div>\n<ul>\n<li><span style=\"font-size: 16px;\">Rangez vos lunettes dans leur \u00e9tui pour \u00e9viter les rayures.<\/span><\/li>\n<li>Nettoyez les verres avec un chiffon en microfibres et un nettoyant doux.<\/li>\n<li>\u00c9vitez l&rsquo;exposition directe au soleil et le stockage prolong\u00e9 dans la voiture, car les temp\u00e9ratures \u00e9lev\u00e9es peuvent endommager les verres.<\/li>\n<\/ul>[\/et_pb_text][\/et_pb_column][et_pb_column type=\u00a0\u00bb1_2&Prime; _builder_version=\u00a0\u00bb4.27.4&Prime; _module_preset=\u00a0\u00bbdefault\u00a0\u00bb global_colors_info=\u00a0\u00bb{}\u00a0\u00bb][et_pb_text _builder_version=\u00a0\u00bb4.27.4&Prime; _module_preset=\u00a0\u00bbdefault\u00a0\u00bb custom_margin=\u00a0\u00bb||9px|||\u00a0\u00bb global_colors_info=\u00a0\u00bb{}\u00a0\u00bb]<h3>Conclusion &amp; Recommandation d&rsquo;achat<\/h3>[\/et_pb_text][et_pb_text _builder_version=\u00a0\u00bb4.27.4&Prime; _module_preset=\u00a0\u00bbdefault\u00a0\u00bb hover_enabled=\u00a0\u00bb0&Prime; global_colors_info=\u00a0\u00bb{}\u00a0\u00bb sticky_enabled=\u00a0\u00bb0&Prime;]<p>Les lunettes de soleil ne sont pas seulement une d\u00e9claration de mode, mais sont essentielles pour la protection de vos yeux. Que ce soit pour le sport, la conduite ou la vie quotidienne \u2013 il existe toujours le mod\u00e8le adapt\u00e9 \u00e0 vos besoins. Faites attention aux verres de haute qualit\u00e9, \u00e0 la bonne protection UV et \u00e0 un ajustement confortable.  <\/p>\n<p>Visitez l&rsquo;un des 10 centres pour une bonne vision de l&rsquo;opticien Roman Wagner dans la r\u00e9gion de Tr\u00e8ves-Luxembourg pour un conseil individuel et nous trouverons ensemble vos lunettes de soleil parfaites.<\/p>[\/et_pb_text][et_pb_button button_url=\u00a0\u00bbhttps:\/\/optik.roman-wagner.de\/online-termin\/\u00a0\u00bb button_text=\u00a0\u00bbPrendre rendez-vous maintenant\u00a0\u00bb _builder_version=\u00a0\u00bb4.27.2&Prime; _module_preset=\u00a0\u00bbdefault\u00a0\u00bb global_colors_info=\u00a0\u00bb{}\u00a0\u00bb][\/et_pb_button][\/et_pb_column][\/et_pb_row][\/et_pb_section][et_pb_section fb_built=\u00a0\u00bb1&Prime; _builder_version=\u00a0\u00bb4.27.4&Prime; _module_preset=\u00a0\u00bbdefault\u00a0\u00bb custom_padding=\u00a0\u00bb9px||4px|||\u00a0\u00bb da_disable_devices=\u00a0\u00bboff|off|off\u00a0\u00bb global_colors_info=\u00a0\u00bb{}\u00a0\u00bb da_is_popup=\u00a0\u00bboff\u00a0\u00bb da_exit_intent=\u00a0\u00bboff\u00a0\u00bb da_has_close=\u00a0\u00bbon\u00a0\u00bb da_alt_close=\u00a0\u00bboff\u00a0\u00bb da_dark_close=\u00a0\u00bboff\u00a0\u00bb da_not_modal=\u00a0\u00bbon\u00a0\u00bb da_is_singular=\u00a0\u00bboff\u00a0\u00bb da_with_loader=\u00a0\u00bboff\u00a0\u00bb da_has_shadow=\u00a0\u00bbon\u00a0\u00bb][et_pb_row _builder_version=\u00a0\u00bb4.27.4&Prime; _module_preset=\u00a0\u00bbdefault\u00a0\u00bb global_colors_info=\u00a0\u00bb{}\u00a0\u00bb][et_pb_column type=\u00a0\u00bb4_4&Prime; _builder_version=\u00a0\u00bb4.27.4&Prime; _module_preset=\u00a0\u00bbdefault\u00a0\u00bb global_colors_info=\u00a0\u00bb{}\u00a0\u00bb][et_pb_text _builder_version=\u00a0\u00bb4.27.4&Prime; _module_preset=\u00a0\u00bbdefault\u00a0\u00bb global_colors_info=\u00a0\u00bb{}\u00a0\u00bb]<p>Sources : Nos visites de salons professionnels &#8211; <a href=\"https:\/\/www.mido.com\/en\/\" target=\"_blank\" rel=\"noopener\">MIDO Milan \u2197\ufe0e<\/a> &#8211; <a href=\"https:\/\/www.opti.de\/\" target=\"_blank\" rel=\"noopener\">opti Munich \u2197\ufe0e<\/a> &#8211; <a href=\"https:\/\/www.silmoparis.com\/en\" target=\"_blank\" rel=\"noopener\">SILMO Paris \u2197\ufe0e<\/a> &#8211; <a href=\"https:\/\/east.visionexpo.com\/#\/\" target=\"_blank\" rel=\"noopener\">Vision Expo New York \u2197\ufe0e<\/a><\/p>[\/et_pb_text][\/et_pb_column][\/et_pb_row][\/et_pb_section]\n","protected":false},"excerpt":{"rendered":"<p>Que devez-vous prendre en compte lors de l&rsquo;achat ? Quels mod\u00e8les seront tendance en 2025 ? Comment entretenir vos lunettes de soleil ? Dans cet article, nous r\u00e9pondons \u00e0 ces questions et vous donnons de pr\u00e9cieux conseils.   <\/p>\n","protected":false},"author":1,"featured_media":6847,"comment_status":"closed","ping_status":"open","sticky":false,"template":"","format":"standard","meta":{"_et_pb_use_builder":"on","_et_pb_old_content":"","_et_gb_content_width":"","iawp_total_views":0,"footnotes":""},"categories":[140],"tags":[189,184,196,182,183,192,195,185,187,186,191,194,193,190,188],"class_list":["post-6844","post","type-post","status-publish","format-standard","has-post-thumbnail","hentry","category-non-classe","tag-lunettes-de-soleil","tag-lunettes-de-soleil-2025","tag-lunettes-de-soleil-anti-uv","tag-lunettes-de-soleil-correctrices","tag-lunettes-de-soleil-de-sport","tag-lunettes-de-soleil-oakley","tag-lunettes-de-soleil-polarisees","tag-lunettes-de-soleil-pour-enfants","tag-lunettes-de-soleil-pour-femmes","tag-lunettes-de-soleil-pour-hommes","tag-lunettes-de-soleil-progressives","tag-lunettes-de-soleil-ray-ban","tag-marques-de-lunettes-de-soleil","tag-offre-de-lunettes-de-soleil","tag-tendances-lunettes-de-soleil"],"yoast_head":"<!-- This site is optimized with the Yoast SEO plugin v27.4 - https:\/\/yoast.com\/product\/yoast-seo-wordpress\/ -->\n<title>Lunettes de soleil 2025 : Tendances &amp; conseils pour un choix optimal<\/title>\n<meta name=\"description\" content=\"D\u00e9couvrez les tendances les plus en vogue en mati\u00e8re de lunettes de soleil 2025 ! Protection UV parfaite, mod\u00e8les \u00e9l\u00e9gants &amp; marques exclusives telles que Ray-Ban &amp; Oakley.\" \/>\n<meta name=\"robots\" content=\"index, follow, max-snippet:-1, max-image-preview:large, max-video-preview:-1\" \/>\n<link rel=\"canonical\" href=\"https:\/\/optik.roman-wagner.de\/fr\/2025\/03\/lunettes-de-soleil-2025-tendances-et-conseils-pour-un-choix-optimal\/\" \/>\n<meta property=\"og:locale\" content=\"fr_FR\" \/>\n<meta property=\"og:type\" content=\"article\" \/>\n<meta property=\"og:title\" content=\"Lunettes de soleil 2025 : Tendances &amp; conseils pour un choix optimal\" \/>\n<meta property=\"og:description\" content=\"D\u00e9couvrez les tendances les plus en vogue en mati\u00e8re de lunettes de soleil 2025 ! Protection UV parfaite, mod\u00e8les \u00e9l\u00e9gants &amp; marques exclusives telles que Ray-Ban &amp; Oakley.\" \/>\n<meta property=\"og:url\" content=\"https:\/\/optik.roman-wagner.de\/fr\/2025\/03\/lunettes-de-soleil-2025-tendances-et-conseils-pour-un-choix-optimal\/\" \/>\n<meta property=\"og:site_name\" content=\"Roman Wagner\" \/>\n<meta property=\"article:publisher\" content=\"https:\/\/www.facebook.com\/romanwagner.optiker\" \/>\n<meta property=\"article:published_time\" content=\"2025-03-27T16:55:39+00:00\" \/>\n<meta property=\"article:modified_time\" content=\"2026-04-30T13:22:31+00:00\" \/>\n<meta property=\"og:image\" content=\"https:\/\/optik.roman-wagner.de\/wp-content\/uploads\/2025\/02\/Sonnenbrillen-Trends-2025.jpg\" \/>\n\t<meta property=\"og:image:width\" content=\"1080\" \/>\n\t<meta property=\"og:image:height\" content=\"728\" \/>\n\t<meta property=\"og:image:type\" content=\"image\/jpeg\" \/>\n<meta name=\"author\" content=\"RomanWagner\" \/>\n<meta name=\"twitter:card\" content=\"summary_large_image\" \/>\n<meta name=\"twitter:label1\" content=\"\u00c9crit par\" \/>\n\t<meta name=\"twitter:data1\" content=\"RomanWagner\" \/>\n\t<meta name=\"twitter:label2\" content=\"Dur\u00e9e de lecture estim\u00e9e\" \/>\n\t<meta name=\"twitter:data2\" content=\"10 minutes\" \/>\n<script type=\"application\/ld+json\" class=\"yoast-schema-graph\">{\"@context\":\"https:\\\/\\\/schema.org\",\"@graph\":[{\"@type\":\"Article\",\"@id\":\"https:\\\/\\\/optik.roman-wagner.de\\\/fr\\\/2025\\\/03\\\/lunettes-de-soleil-2025-tendances-et-conseils-pour-un-choix-optimal\\\/#article\",\"isPartOf\":{\"@id\":\"https:\\\/\\\/optik.roman-wagner.de\\\/fr\\\/2025\\\/03\\\/lunettes-de-soleil-2025-tendances-et-conseils-pour-un-choix-optimal\\\/\"},\"author\":{\"name\":\"RomanWagner\",\"@id\":\"https:\\\/\\\/optik.roman-wagner.de\\\/fr\\\/#\\\/schema\\\/person\\\/4a52051c9505d1f3da58c234985c6c2f\"},\"headline\":\"Lunettes de soleil 2025 &#8211; Tendances et conseils pour un choix optimal\",\"datePublished\":\"2025-03-27T16:55:39+00:00\",\"dateModified\":\"2026-04-30T13:22:31+00:00\",\"mainEntityOfPage\":{\"@id\":\"https:\\\/\\\/optik.roman-wagner.de\\\/fr\\\/2025\\\/03\\\/lunettes-de-soleil-2025-tendances-et-conseils-pour-un-choix-optimal\\\/\"},\"wordCount\":1980,\"publisher\":{\"@id\":\"https:\\\/\\\/optik.roman-wagner.de\\\/fr\\\/#organization\"},\"image\":{\"@id\":\"https:\\\/\\\/optik.roman-wagner.de\\\/fr\\\/2025\\\/03\\\/lunettes-de-soleil-2025-tendances-et-conseils-pour-un-choix-optimal\\\/#primaryimage\"},\"thumbnailUrl\":\"https:\\\/\\\/optik.roman-wagner.de\\\/wp-content\\\/uploads\\\/2025\\\/02\\\/Sonnenbrillen-Trends-2025.jpg\",\"keywords\":[\"Lunettes de soleil\",\"Lunettes de soleil 2025\",\"Lunettes de soleil anti-UV\",\"Lunettes de soleil correctrices\",\"Lunettes de soleil de sport\",\"Lunettes de soleil Oakley\",\"Lunettes de soleil polaris\u00e9es\",\"Lunettes de soleil pour enfants\",\"Lunettes de soleil pour femmes\",\"Lunettes de soleil pour hommes\",\"Lunettes de soleil progressives\",\"Lunettes de soleil Ray-Ban\",\"Marques de lunettes de soleil\",\"Offre de lunettes de soleil\",\"Tendances lunettes de soleil\"],\"inLanguage\":\"fr-FR\"},{\"@type\":\"WebPage\",\"@id\":\"https:\\\/\\\/optik.roman-wagner.de\\\/fr\\\/2025\\\/03\\\/lunettes-de-soleil-2025-tendances-et-conseils-pour-un-choix-optimal\\\/\",\"url\":\"https:\\\/\\\/optik.roman-wagner.de\\\/fr\\\/2025\\\/03\\\/lunettes-de-soleil-2025-tendances-et-conseils-pour-un-choix-optimal\\\/\",\"name\":\"Lunettes de soleil 2025 : Tendances & conseils pour un choix optimal\",\"isPartOf\":{\"@id\":\"https:\\\/\\\/optik.roman-wagner.de\\\/fr\\\/#website\"},\"primaryImageOfPage\":{\"@id\":\"https:\\\/\\\/optik.roman-wagner.de\\\/fr\\\/2025\\\/03\\\/lunettes-de-soleil-2025-tendances-et-conseils-pour-un-choix-optimal\\\/#primaryimage\"},\"image\":{\"@id\":\"https:\\\/\\\/optik.roman-wagner.de\\\/fr\\\/2025\\\/03\\\/lunettes-de-soleil-2025-tendances-et-conseils-pour-un-choix-optimal\\\/#primaryimage\"},\"thumbnailUrl\":\"https:\\\/\\\/optik.roman-wagner.de\\\/wp-content\\\/uploads\\\/2025\\\/02\\\/Sonnenbrillen-Trends-2025.jpg\",\"datePublished\":\"2025-03-27T16:55:39+00:00\",\"dateModified\":\"2026-04-30T13:22:31+00:00\",\"description\":\"D\u00e9couvrez les tendances les plus en vogue en mati\u00e8re de lunettes de soleil 2025 ! Protection UV parfaite, mod\u00e8les \u00e9l\u00e9gants & marques exclusives telles que Ray-Ban & Oakley.\",\"breadcrumb\":{\"@id\":\"https:\\\/\\\/optik.roman-wagner.de\\\/fr\\\/2025\\\/03\\\/lunettes-de-soleil-2025-tendances-et-conseils-pour-un-choix-optimal\\\/#breadcrumb\"},\"inLanguage\":\"fr-FR\",\"potentialAction\":[{\"@type\":\"ReadAction\",\"target\":[\"https:\\\/\\\/optik.roman-wagner.de\\\/fr\\\/2025\\\/03\\\/lunettes-de-soleil-2025-tendances-et-conseils-pour-un-choix-optimal\\\/\"]}]},{\"@type\":\"ImageObject\",\"inLanguage\":\"fr-FR\",\"@id\":\"https:\\\/\\\/optik.roman-wagner.de\\\/fr\\\/2025\\\/03\\\/lunettes-de-soleil-2025-tendances-et-conseils-pour-un-choix-optimal\\\/#primaryimage\",\"url\":\"https:\\\/\\\/optik.roman-wagner.de\\\/wp-content\\\/uploads\\\/2025\\\/02\\\/Sonnenbrillen-Trends-2025.jpg\",\"contentUrl\":\"https:\\\/\\\/optik.roman-wagner.de\\\/wp-content\\\/uploads\\\/2025\\\/02\\\/Sonnenbrillen-Trends-2025.jpg\",\"width\":1080,\"height\":728,\"caption\":\"Capture d'\u00e9cran\"},{\"@type\":\"BreadcrumbList\",\"@id\":\"https:\\\/\\\/optik.roman-wagner.de\\\/fr\\\/2025\\\/03\\\/lunettes-de-soleil-2025-tendances-et-conseils-pour-un-choix-optimal\\\/#breadcrumb\",\"itemListElement\":[{\"@type\":\"ListItem\",\"position\":1,\"name\":\"Startseite\",\"item\":\"https:\\\/\\\/optik.roman-wagner.de\\\/fr\\\/centres-pour-une-bonne-vision\\\/\"},{\"@type\":\"ListItem\",\"position\":2,\"name\":\"Lunettes de soleil 2025 &#8211; Tendances et conseils pour un choix optimal\"}]},{\"@type\":\"WebSite\",\"@id\":\"https:\\\/\\\/optik.roman-wagner.de\\\/fr\\\/#website\",\"url\":\"https:\\\/\\\/optik.roman-wagner.de\\\/fr\\\/\",\"name\":\"Der Augenoptiker Roman Wagner\",\"description\":\"Zentren f\u00fcr gutes Sehen\",\"publisher\":{\"@id\":\"https:\\\/\\\/optik.roman-wagner.de\\\/fr\\\/#organization\"},\"potentialAction\":[{\"@type\":\"SearchAction\",\"target\":{\"@type\":\"EntryPoint\",\"urlTemplate\":\"https:\\\/\\\/optik.roman-wagner.de\\\/fr\\\/?s={search_term_string}\"},\"query-input\":{\"@type\":\"PropertyValueSpecification\",\"valueRequired\":true,\"valueName\":\"search_term_string\"}}],\"inLanguage\":\"fr-FR\"},{\"@type\":\"Organization\",\"@id\":\"https:\\\/\\\/optik.roman-wagner.de\\\/fr\\\/#organization\",\"name\":\"Der Augenoptiker Roman Wagner\",\"url\":\"https:\\\/\\\/optik.roman-wagner.de\\\/fr\\\/\",\"logo\":{\"@type\":\"ImageObject\",\"inLanguage\":\"fr-FR\",\"@id\":\"https:\\\/\\\/optik.roman-wagner.de\\\/fr\\\/#\\\/schema\\\/logo\\\/image\\\/\",\"url\":\"https:\\\/\\\/optik.roman-wagner.de\\\/wp-content\\\/uploads\\\/2019\\\/11\\\/Logo-RW-quadrat.jpg\",\"contentUrl\":\"https:\\\/\\\/optik.roman-wagner.de\\\/wp-content\\\/uploads\\\/2019\\\/11\\\/Logo-RW-quadrat.jpg\",\"width\":488,\"height\":479,\"caption\":\"Der Augenoptiker Roman Wagner\"},\"image\":{\"@id\":\"https:\\\/\\\/optik.roman-wagner.de\\\/fr\\\/#\\\/schema\\\/logo\\\/image\\\/\"},\"sameAs\":[\"https:\\\/\\\/www.facebook.com\\\/romanwagner.optiker\",\"https:\\\/\\\/www.instagram.com\\\/romanwagner.optiker\\\/\",\"https:\\\/\\\/www.youtube.com\\\/channel\\\/UCIHnCII9jl34mZG08gXgG6A\"]},{\"@type\":\"Person\",\"@id\":\"https:\\\/\\\/optik.roman-wagner.de\\\/fr\\\/#\\\/schema\\\/person\\\/4a52051c9505d1f3da58c234985c6c2f\",\"name\":\"RomanWagner\",\"image\":{\"@type\":\"ImageObject\",\"inLanguage\":\"fr-FR\",\"@id\":\"https:\\\/\\\/secure.gravatar.com\\\/avatar\\\/e6c57eb4a35b8245e2d2f86a3e023a8642987475df645a50407f34b4addef3fb?s=96&d=mm&r=g\",\"url\":\"https:\\\/\\\/secure.gravatar.com\\\/avatar\\\/e6c57eb4a35b8245e2d2f86a3e023a8642987475df645a50407f34b4addef3fb?s=96&d=mm&r=g\",\"contentUrl\":\"https:\\\/\\\/secure.gravatar.com\\\/avatar\\\/e6c57eb4a35b8245e2d2f86a3e023a8642987475df645a50407f34b4addef3fb?s=96&d=mm&r=g\",\"caption\":\"RomanWagner\"},\"url\":\"https:\\\/\\\/optik.roman-wagner.de\\\/fr\\\/author\\\/romanwagner\\\/\"}]}<\/script>\n<!-- \/ Yoast SEO plugin. -->","yoast_head_json":{"title":"Lunettes de soleil 2025 : Tendances & conseils pour un choix optimal","description":"D\u00e9couvrez les tendances les plus en vogue en mati\u00e8re de lunettes de soleil 2025 ! Protection UV parfaite, mod\u00e8les \u00e9l\u00e9gants & marques exclusives telles que Ray-Ban & Oakley.","robots":{"index":"index","follow":"follow","max-snippet":"max-snippet:-1","max-image-preview":"max-image-preview:large","max-video-preview":"max-video-preview:-1"},"canonical":"https:\/\/optik.roman-wagner.de\/fr\/2025\/03\/lunettes-de-soleil-2025-tendances-et-conseils-pour-un-choix-optimal\/","og_locale":"fr_FR","og_type":"article","og_title":"Lunettes de soleil 2025 : Tendances & conseils pour un choix optimal","og_description":"D\u00e9couvrez les tendances les plus en vogue en mati\u00e8re de lunettes de soleil 2025 ! Protection UV parfaite, mod\u00e8les \u00e9l\u00e9gants & marques exclusives telles que Ray-Ban & Oakley.","og_url":"https:\/\/optik.roman-wagner.de\/fr\/2025\/03\/lunettes-de-soleil-2025-tendances-et-conseils-pour-un-choix-optimal\/","og_site_name":"Roman Wagner","article_publisher":"https:\/\/www.facebook.com\/romanwagner.optiker","article_published_time":"2025-03-27T16:55:39+00:00","article_modified_time":"2026-04-30T13:22:31+00:00","og_image":[{"width":1080,"height":728,"url":"https:\/\/optik.roman-wagner.de\/wp-content\/uploads\/2025\/02\/Sonnenbrillen-Trends-2025.jpg","type":"image\/jpeg"}],"author":"RomanWagner","twitter_card":"summary_large_image","twitter_misc":{"\u00c9crit par":"RomanWagner","Dur\u00e9e de lecture estim\u00e9e":"10 minutes"},"schema":{"@context":"https:\/\/schema.org","@graph":[{"@type":"Article","@id":"https:\/\/optik.roman-wagner.de\/fr\/2025\/03\/lunettes-de-soleil-2025-tendances-et-conseils-pour-un-choix-optimal\/#article","isPartOf":{"@id":"https:\/\/optik.roman-wagner.de\/fr\/2025\/03\/lunettes-de-soleil-2025-tendances-et-conseils-pour-un-choix-optimal\/"},"author":{"name":"RomanWagner","@id":"https:\/\/optik.roman-wagner.de\/fr\/#\/schema\/person\/4a52051c9505d1f3da58c234985c6c2f"},"headline":"Lunettes de soleil 2025 &#8211; Tendances et conseils pour un choix optimal","datePublished":"2025-03-27T16:55:39+00:00","dateModified":"2026-04-30T13:22:31+00:00","mainEntityOfPage":{"@id":"https:\/\/optik.roman-wagner.de\/fr\/2025\/03\/lunettes-de-soleil-2025-tendances-et-conseils-pour-un-choix-optimal\/"},"wordCount":1980,"publisher":{"@id":"https:\/\/optik.roman-wagner.de\/fr\/#organization"},"image":{"@id":"https:\/\/optik.roman-wagner.de\/fr\/2025\/03\/lunettes-de-soleil-2025-tendances-et-conseils-pour-un-choix-optimal\/#primaryimage"},"thumbnailUrl":"https:\/\/optik.roman-wagner.de\/wp-content\/uploads\/2025\/02\/Sonnenbrillen-Trends-2025.jpg","keywords":["Lunettes de soleil","Lunettes de soleil 2025","Lunettes de soleil anti-UV","Lunettes de soleil correctrices","Lunettes de soleil de sport","Lunettes de soleil Oakley","Lunettes de soleil polaris\u00e9es","Lunettes de soleil pour enfants","Lunettes de soleil pour femmes","Lunettes de soleil pour hommes","Lunettes de soleil progressives","Lunettes de soleil Ray-Ban","Marques de lunettes de soleil","Offre de lunettes de soleil","Tendances lunettes de soleil"],"inLanguage":"fr-FR"},{"@type":"WebPage","@id":"https:\/\/optik.roman-wagner.de\/fr\/2025\/03\/lunettes-de-soleil-2025-tendances-et-conseils-pour-un-choix-optimal\/","url":"https:\/\/optik.roman-wagner.de\/fr\/2025\/03\/lunettes-de-soleil-2025-tendances-et-conseils-pour-un-choix-optimal\/","name":"Lunettes de soleil 2025 : Tendances & conseils pour un choix optimal","isPartOf":{"@id":"https:\/\/optik.roman-wagner.de\/fr\/#website"},"primaryImageOfPage":{"@id":"https:\/\/optik.roman-wagner.de\/fr\/2025\/03\/lunettes-de-soleil-2025-tendances-et-conseils-pour-un-choix-optimal\/#primaryimage"},"image":{"@id":"https:\/\/optik.roman-wagner.de\/fr\/2025\/03\/lunettes-de-soleil-2025-tendances-et-conseils-pour-un-choix-optimal\/#primaryimage"},"thumbnailUrl":"https:\/\/optik.roman-wagner.de\/wp-content\/uploads\/2025\/02\/Sonnenbrillen-Trends-2025.jpg","datePublished":"2025-03-27T16:55:39+00:00","dateModified":"2026-04-30T13:22:31+00:00","description":"D\u00e9couvrez les tendances les plus en vogue en mati\u00e8re de lunettes de soleil 2025 ! Protection UV parfaite, mod\u00e8les \u00e9l\u00e9gants & marques exclusives telles que Ray-Ban & Oakley.","breadcrumb":{"@id":"https:\/\/optik.roman-wagner.de\/fr\/2025\/03\/lunettes-de-soleil-2025-tendances-et-conseils-pour-un-choix-optimal\/#breadcrumb"},"inLanguage":"fr-FR","potentialAction":[{"@type":"ReadAction","target":["https:\/\/optik.roman-wagner.de\/fr\/2025\/03\/lunettes-de-soleil-2025-tendances-et-conseils-pour-un-choix-optimal\/"]}]},{"@type":"ImageObject","inLanguage":"fr-FR","@id":"https:\/\/optik.roman-wagner.de\/fr\/2025\/03\/lunettes-de-soleil-2025-tendances-et-conseils-pour-un-choix-optimal\/#primaryimage","url":"https:\/\/optik.roman-wagner.de\/wp-content\/uploads\/2025\/02\/Sonnenbrillen-Trends-2025.jpg","contentUrl":"https:\/\/optik.roman-wagner.de\/wp-content\/uploads\/2025\/02\/Sonnenbrillen-Trends-2025.jpg","width":1080,"height":728,"caption":"Capture d'\u00e9cran"},{"@type":"BreadcrumbList","@id":"https:\/\/optik.roman-wagner.de\/fr\/2025\/03\/lunettes-de-soleil-2025-tendances-et-conseils-pour-un-choix-optimal\/#breadcrumb","itemListElement":[{"@type":"ListItem","position":1,"name":"Startseite","item":"https:\/\/optik.roman-wagner.de\/fr\/centres-pour-une-bonne-vision\/"},{"@type":"ListItem","position":2,"name":"Lunettes de soleil 2025 &#8211; Tendances et conseils pour un choix optimal"}]},{"@type":"WebSite","@id":"https:\/\/optik.roman-wagner.de\/fr\/#website","url":"https:\/\/optik.roman-wagner.de\/fr\/","name":"Der Augenoptiker Roman Wagner","description":"Zentren f\u00fcr gutes Sehen","publisher":{"@id":"https:\/\/optik.roman-wagner.de\/fr\/#organization"},"potentialAction":[{"@type":"SearchAction","target":{"@type":"EntryPoint","urlTemplate":"https:\/\/optik.roman-wagner.de\/fr\/?s={search_term_string}"},"query-input":{"@type":"PropertyValueSpecification","valueRequired":true,"valueName":"search_term_string"}}],"inLanguage":"fr-FR"},{"@type":"Organization","@id":"https:\/\/optik.roman-wagner.de\/fr\/#organization","name":"Der Augenoptiker Roman Wagner","url":"https:\/\/optik.roman-wagner.de\/fr\/","logo":{"@type":"ImageObject","inLanguage":"fr-FR","@id":"https:\/\/optik.roman-wagner.de\/fr\/#\/schema\/logo\/image\/","url":"https:\/\/optik.roman-wagner.de\/wp-content\/uploads\/2019\/11\/Logo-RW-quadrat.jpg","contentUrl":"https:\/\/optik.roman-wagner.de\/wp-content\/uploads\/2019\/11\/Logo-RW-quadrat.jpg","width":488,"height":479,"caption":"Der Augenoptiker Roman Wagner"},"image":{"@id":"https:\/\/optik.roman-wagner.de\/fr\/#\/schema\/logo\/image\/"},"sameAs":["https:\/\/www.facebook.com\/romanwagner.optiker","https:\/\/www.instagram.com\/romanwagner.optiker\/","https:\/\/www.youtube.com\/channel\/UCIHnCII9jl34mZG08gXgG6A"]},{"@type":"Person","@id":"https:\/\/optik.roman-wagner.de\/fr\/#\/schema\/person\/4a52051c9505d1f3da58c234985c6c2f","name":"RomanWagner","image":{"@type":"ImageObject","inLanguage":"fr-FR","@id":"https:\/\/secure.gravatar.com\/avatar\/e6c57eb4a35b8245e2d2f86a3e023a8642987475df645a50407f34b4addef3fb?s=96&d=mm&r=g","url":"https:\/\/secure.gravatar.com\/avatar\/e6c57eb4a35b8245e2d2f86a3e023a8642987475df645a50407f34b4addef3fb?s=96&d=mm&r=g","contentUrl":"https:\/\/secure.gravatar.com\/avatar\/e6c57eb4a35b8245e2d2f86a3e023a8642987475df645a50407f34b4addef3fb?s=96&d=mm&r=g","caption":"RomanWagner"},"url":"https:\/\/optik.roman-wagner.de\/fr\/author\/romanwagner\/"}]}},"_links":{"self":[{"href":"https:\/\/optik.roman-wagner.de\/fr\/wp-json\/wp\/v2\/posts\/6844","targetHints":{"allow":["GET"]}}],"collection":[{"href":"https:\/\/optik.roman-wagner.de\/fr\/wp-json\/wp\/v2\/posts"}],"about":[{"href":"https:\/\/optik.roman-wagner.de\/fr\/wp-json\/wp\/v2\/types\/post"}],"author":[{"embeddable":true,"href":"https:\/\/optik.roman-wagner.de\/fr\/wp-json\/wp\/v2\/users\/1"}],"replies":[{"embeddable":true,"href":"https:\/\/optik.roman-wagner.de\/fr\/wp-json\/wp\/v2\/comments?post=6844"}],"version-history":[{"count":2,"href":"https:\/\/optik.roman-wagner.de\/fr\/wp-json\/wp\/v2\/posts\/6844\/revisions"}],"predecessor-version":[{"id":6862,"href":"https:\/\/optik.roman-wagner.de\/fr\/wp-json\/wp\/v2\/posts\/6844\/revisions\/6862"}],"wp:featuredmedia":[{"embeddable":true,"href":"https:\/\/optik.roman-wagner.de\/fr\/wp-json\/wp\/v2\/media\/6847"}],"wp:attachment":[{"href":"https:\/\/optik.roman-wagner.de\/fr\/wp-json\/wp\/v2\/media?parent=6844"}],"wp:term":[{"taxonomy":"category","embeddable":true,"href":"https:\/\/optik.roman-wagner.de\/fr\/wp-json\/wp\/v2\/categories?post=6844"},{"taxonomy":"post_tag","embeddable":true,"href":"https:\/\/optik.roman-wagner.de\/fr\/wp-json\/wp\/v2\/tags?post=6844"}],"curies":[{"name":"wp","href":"https:\/\/api.w.org\/{rel}","templated":true}]}}