{"id":6823,"date":"2025-07-25T10:13:21","date_gmt":"2025-07-25T08:13:21","guid":{"rendered":"https:\/\/optik.roman-wagner.de\/2025\/07\/nuance-audio-des-lunettes-pour-mieux-entendre\/"},"modified":"2026-04-30T15:21:57","modified_gmt":"2026-04-30T13:21:57","slug":"nuance-audio-des-lunettes-pour-mieux-entendre","status":"publish","type":"post","link":"https:\/\/optik.roman-wagner.de\/fr\/2025\/07\/nuance-audio-des-lunettes-pour-mieux-entendre\/","title":{"rendered":"Nuance Audio : des lunettes pour mieux entendre."},"content":{"rendered":"\n[et_pb_section fb_built=\u00a0\u00bb1&Prime; _builder_version=\u00a0\u00bb4.27.2&Prime; custom_margin=\u00a0\u00bb130px||||false|false\u00a0\u00bb custom_margin_tablet=\u00a0\u00bb130px||||false|false\u00a0\u00bb custom_margin_phone=\u00a0\u00bb70px||||false|false\u00a0\u00bb custom_margin_last_edited=\u00a0\u00bbon|desktop\u00a0\u00bb custom_padding=\u00a0\u00bb4px||||false|false\u00a0\u00bb da_disable_devices=\u00a0\u00bboff|off|off\u00a0\u00bb global_colors_info=\u00a0\u00bb{}\u00a0\u00bb da_is_popup=\u00a0\u00bboff\u00a0\u00bb da_exit_intent=\u00a0\u00bboff\u00a0\u00bb da_has_close=\u00a0\u00bbon\u00a0\u00bb da_alt_close=\u00a0\u00bboff\u00a0\u00bb da_dark_close=\u00a0\u00bboff\u00a0\u00bb da_not_modal=\u00a0\u00bbon\u00a0\u00bb da_is_singular=\u00a0\u00bboff\u00a0\u00bb da_with_loader=\u00a0\u00bboff\u00a0\u00bb da_has_shadow=\u00a0\u00bbon\u00a0\u00bb][et_pb_row _builder_version=\u00a0\u00bb4.27.4&Prime; _module_preset=\u00a0\u00bbdefault\u00a0\u00bb custom_padding=\u00a0\u00bb0px||||false|false\u00a0\u00bb global_colors_info=\u00a0\u00bb{}\u00a0\u00bb][et_pb_column type=\u00a0\u00bb4_4&Prime; _builder_version=\u00a0\u00bb4.27.4&Prime; _module_preset=\u00a0\u00bbdefault\u00a0\u00bb global_colors_info=\u00a0\u00bb{}\u00a0\u00bb][et_pb_video src=\u00a0\u00bbhttps:\/\/optik.roman-wagner.de\/wp-content\/uploads\/2025\/07\/NUANCE-Audio-Video_16x9.mp4&Prime; src_webm=\u00a0\u00bbhttps:\/\/optik.roman-wagner.de\/wp-content\/uploads\/2025\/07\/NUANCE-Audio-Video_16x9.mp4&Prime; image_src=\u00a0\u00bbhttps:\/\/optik.roman-wagner.de\/wp-content\/uploads\/2025\/07\/Nuance-Audi-Video-Cover.jpg\u00a0\u00bb play_icon_color=\u00a0\u00bb#04557D\u00a0\u00bb use_icon_font_size=\u00a0\u00bbon\u00a0\u00bb icon_font_size=\u00a0\u00bb98px\u00a0\u00bb _builder_version=\u00a0\u00bb4.27.4&Prime; _module_preset=\u00a0\u00bbdefault\u00a0\u00bb global_colors_info=\u00a0\u00bb{}\u00a0\u00bb][\/et_pb_video][dsm_text_notation notation_text=\u00a0\u00bbNuance Audio : des lunettes pour mieux entendre.\u00a0\u00bb notation_color=\u00a0\u00bb#0084D7&Prime; notation_width=\u00a0\u00bb4&Prime; _builder_version=\u00a0\u00bb4.27.4&Prime; _module_preset=\u00a0\u00bbdefault\u00a0\u00bb header_font=\u00a0\u00bb|700|||||||\u00a0\u00bb header_text_color=\u00a0\u00bb#000000&Prime; notation_font=\u00a0\u00bb|700|||||||\u00a0\u00bb notation_text_color=\u00a0\u00bb#000000&Prime; text_orientation=\u00a0\u00bbleft\u00a0\u00bb width=\u00a0\u00bb100%\u00a0\u00bb custom_margin=\u00a0\u00bb||3px||false|false\u00a0\u00bb custom_padding=\u00a0\u00bb||||false|false\u00a0\u00bb hover_enabled=\u00a0\u00bb0&Prime; header_font_size_tablet=\u00a0\u00bb\u00a0\u00bb header_font_size_phone=\u00a0\u00bb\u00a0\u00bb header_font_size_last_edited=\u00a0\u00bbon|phone\u00a0\u00bb header_line_height_tablet=\u00a0\u00bb\u00a0\u00bb header_line_height_phone=\u00a0\u00bb1.3em\u00a0\u00bb header_line_height_last_edited=\u00a0\u00bbon|phone\u00a0\u00bb locked=\u00a0\u00bboff\u00a0\u00bb global_colors_info=\u00a0\u00bb{}\u00a0\u00bb sticky_enabled=\u00a0\u00bb0&Prime;][\/dsm_text_notation][\/et_pb_column][\/et_pb_row][et_pb_row column_structure=\u00a0\u00bb1_2,1_2&Prime; _builder_version=\u00a0\u00bb4.16&Prime; background_size=\u00a0\u00bbinitial\u00a0\u00bb background_position=\u00a0\u00bbtop_left\u00a0\u00bb background_repeat=\u00a0\u00bbrepeat\u00a0\u00bb custom_padding=\u00a0\u00bb35px|||||\u00a0\u00bb global_colors_info=\u00a0\u00bb{}\u00a0\u00bb][et_pb_column type=\u00a0\u00bb1_2&Prime; _builder_version=\u00a0\u00bb4.16&Prime; custom_padding=\u00a0\u00bb|||\u00a0\u00bb global_colors_info=\u00a0\u00bb{}\u00a0\u00bb custom_padding__hover=\u00a0\u00bb|||\u00a0\u00bb][et_pb_text _builder_version=\u00a0\u00bb4.27.4&Prime; _module_preset=\u00a0\u00bbdefault\u00a0\u00bb custom_margin=\u00a0\u00bb0px||30px||false|false\u00a0\u00bb global_colors_info=\u00a0\u00bb{}\u00a0\u00bb]<p>Bien entendre est tout aussi important que bien voir \u2013 ce n\u2019est qu\u2019en cas de baisse de l\u2019audition que beaucoup prennent conscience de son importance.<br>Pourtant, beaucoup h\u00e9sitent \u00e0 utiliser un syst\u00e8me auditif tant qu\u2019ils peuvent l\u2019\u00e9viter. Avec les <strong>lunettes auditives Nuance Audio<\/strong>, une solution intelligente a \u00e9t\u00e9 cr\u00e9\u00e9e. <strong>Une aide visuelle et auditive en un seul produit.<\/strong> <\/p>\n<p>Dans certains centres pour bien voir et entendre de Roman Wagner, nous vous montrons le fonctionnement de Nuance Audio et vous offrons la possibilit\u00e9 <strong>de tester<\/strong> les lunettes auditives sans engagement.<\/p>[\/et_pb_text][et_pb_button button_url=\u00a0\u00bbhttps:\/\/optik.roman-wagner.de\/online-termin\/\u00a0\u00bb button_text=\u00a0\u00bbPrendre rendez-vous maintenant\u00a0\u00bb _builder_version=\u00a0\u00bb4.27.4&Prime; _module_preset=\u00a0\u00bbdefault\u00a0\u00bb global_colors_info=\u00a0\u00bb{}\u00a0\u00bb][\/et_pb_button][\/et_pb_column][et_pb_column type=\u00a0\u00bb1_2&Prime; _builder_version=\u00a0\u00bb4.16&Prime; custom_padding=\u00a0\u00bb|||\u00a0\u00bb global_colors_info=\u00a0\u00bb{}\u00a0\u00bb custom_padding__hover=\u00a0\u00bb|||\u00a0\u00bb][et_pb_image src=\u00a0\u00bbhttps:\/\/optik.roman-wagner.de\/wp-content\/uploads\/2025\/07\/Nuance-Smarte-Brille-auf-Ladeschale.jpg\u00a0\u00bb alt=\u00a0\u00bbLunettes intelligentes Nuance sur socle de charge\u00a0\u00bb title_text=\u00a0\u00bbLunettes intelligentes Nuance sur socle de charge\u00a0\u00bb force_fullwidth=\u00a0\u00bbon\u00a0\u00bb _builder_version=\u00a0\u00bb4.27.4&Prime; _module_preset=\u00a0\u00bbdefault\u00a0\u00bb custom_margin=\u00a0\u00bb||5px|||\u00a0\u00bb global_colors_info=\u00a0\u00bb{}\u00a0\u00bb][\/et_pb_image][\/et_pb_column][\/et_pb_row][et_pb_row column_structure=\u00a0\u00bb1_2,1_2&Prime; _builder_version=\u00a0\u00bb4.27.4&Prime; _module_preset=\u00a0\u00bbdefault\u00a0\u00bb global_colors_info=\u00a0\u00bb{}\u00a0\u00bb][et_pb_column type=\u00a0\u00bb1_2&Prime; _builder_version=\u00a0\u00bb4.27.4&Prime; _module_preset=\u00a0\u00bbdefault\u00a0\u00bb global_colors_info=\u00a0\u00bb{}\u00a0\u00bb][et_pb_image src=\u00a0\u00bbhttps:\/\/optik.roman-wagner.de\/wp-content\/uploads\/2025\/07\/Mit-Nuance-Audio-Brille-ein-Paar-im-Restaurant.jpg\u00a0\u00bb alt=\u00a0\u00bbUn couple au restaurant avec des lunettes Nuance Audio\u00a0\u00bb title_text=\u00a0\u00bbUn couple au restaurant avec des lunettes Nuance Audio\u00a0\u00bb _builder_version=\u00a0\u00bb4.27.4&Prime; _module_preset=\u00a0\u00bbdefault\u00a0\u00bb global_colors_info=\u00a0\u00bb{}\u00a0\u00bb][\/et_pb_image][\/et_pb_column][et_pb_column type=\u00a0\u00bb1_2&Prime; _builder_version=\u00a0\u00bb4.27.4&Prime; _module_preset=\u00a0\u00bbdefault\u00a0\u00bb global_colors_info=\u00a0\u00bb{}\u00a0\u00bb][et_pb_text _builder_version=\u00a0\u00bb4.27.4&Prime; _module_preset=\u00a0\u00bbdefault\u00a0\u00bb custom_margin=\u00a0\u00bb||15px|||\u00a0\u00bb global_colors_info=\u00a0\u00bb{}\u00a0\u00bb]<h4><strong>Deux sens \u2013 un seul syst\u00e8me<\/strong><\/h4>[\/et_pb_text][et_pb_text _builder_version=\u00a0\u00bb4.27.4&Prime; _module_preset=\u00a0\u00bbdefault\u00a0\u00bb global_colors_info=\u00a0\u00bb{}\u00a0\u00bb]<p>Les lunettes auditives Nuance Audio combinent un design \u00e9l\u00e9gant avec une technologie auditive moderne \u2013 sans aucun appareil auditif visible. Des microphones discrets et des haut-parleurs \u00e0 oreille libre sont int\u00e9gr\u00e9s \u00e0 la monture, am\u00e9liorant de mani\u00e8re cibl\u00e9e la compr\u00e9hension de la parole et minimisant les bruits de fond. <\/p>[\/et_pb_text][et_pb_text _builder_version=\u00a0\u00bb4.27.4&Prime; _module_preset=\u00a0\u00bbdefault\u00a0\u00bb custom_margin=\u00a0\u00bb||13px|||\u00a0\u00bb global_colors_info=\u00a0\u00bb{}\u00a0\u00bb]<h4><strong>Manipulation simple \u2013 grand confort de port<\/strong><\/h4>[\/et_pb_text][et_pb_text _builder_version=\u00a0\u00bb4.27.4&Prime; _module_preset=\u00a0\u00bbdefault\u00a0\u00bb global_colors_info=\u00a0\u00bb{}\u00a0\u00bb]Les utilisateurs b\u00e9n\u00e9ficient d\u2019un soutien auditif tr\u00e8s discret \u2013 aucun appareil derri\u00e8re ou dans l\u2019oreille. Cela facilite la manipulation et augmente le confort de port, particuli\u00e8rement pour les porteurs de lunettes.\nLa qualit\u00e9 auditive peut \u00eatre calibr\u00e9e individuellement et ajust\u00e9e via une application. [\/et_pb_text][et_pb_text _builder_version=\u00a0\u00bb4.27.4&Prime; _module_preset=\u00a0\u00bbdefault\u00a0\u00bb custom_margin=\u00a0\u00bb||11px|||\u00a0\u00bb global_colors_info=\u00a0\u00bb{}\u00a0\u00bb]<h4><strong>Flexible et \u00e9l\u00e9gant<\/strong><\/h4>[\/et_pb_text][et_pb_text _builder_version=\u00a0\u00bb4.27.4&Prime; _module_preset=\u00a0\u00bbdefault\u00a0\u00bb global_colors_info=\u00a0\u00bb{}\u00a0\u00bb]<p>Les lunettes auditives sont disponibles en deux montures \u00e9l\u00e9gantes et deux coloris chacune. Les verres sont \u00e9quip\u00e9s de s\u00e9rie de verres Transitions\u00ae Plano photochromiques, mais peuvent \u00eatre facilement adapt\u00e9s avec des verres correcteurs \u00e0 la vue souhait\u00e9e. <\/p>[\/et_pb_text][\/et_pb_column][\/et_pb_row][et_pb_row _builder_version=\u00a0\u00bb4.27.4&Prime; _module_preset=\u00a0\u00bbdefault\u00a0\u00bb global_colors_info=\u00a0\u00bb{}\u00a0\u00bb][et_pb_column type=\u00a0\u00bb4_4&Prime; _builder_version=\u00a0\u00bb4.27.4&Prime; _module_preset=\u00a0\u00bbdefault\u00a0\u00bb global_colors_info=\u00a0\u00bb{}\u00a0\u00bb][et_pb_text _builder_version=\u00a0\u00bb4.27.4&Prime; _module_preset=\u00a0\u00bbdefault\u00a0\u00bb hover_enabled=\u00a0\u00bb0&Prime; global_colors_info=\u00a0\u00bb{}\u00a0\u00bb sticky_enabled=\u00a0\u00bb0&Prime;]<h4><strong>Nuance Audio &#8211; tester maintenant sans engagement<\/strong><\/h4>\n<p>Laissez-vous conseiller et d\u00e9couvrez \u00e0 quel point bien entendre peut \u00eatre confortable \u2013 sans compromis sur le design.<\/p>[\/et_pb_text][et_pb_button button_url=\u00a0\u00bbhttps:\/\/optik.roman-wagner.de\/online-termin\/\u00a0\u00bb button_text=\u00a0\u00bbPrendre rendez-vous en ligne maintenant\u00a0\u00bb _builder_version=\u00a0\u00bb4.27.4&Prime; _module_preset=\u00a0\u00bbdefault\u00a0\u00bb global_colors_info=\u00a0\u00bb{}\u00a0\u00bb][\/et_pb_button][et_pb_text _builder_version=\u00a0\u00bb4.27.4&Prime; _module_preset=\u00a0\u00bbdefault\u00a0\u00bb hover_enabled=\u00a0\u00bb0&Prime; global_colors_info=\u00a0\u00bb{}\u00a0\u00bb sticky_enabled=\u00a0\u00bb0&Prime;]<p>Prise de rendez-vous \u00e9galement possible par t\u00e9l\u00e9phone.<\/p>\n<p>\u00c0 Schweich au 06502 &#8211; 91410, \u00e0 Tr\u00e8ves-Tarforst au 0651 &#8211; 5611211, \u00e0 Sarrebourg au 06581 &#8211; 99288, \u00e0 Mertert au 00352 &#8211; 26740644.<\/p>[\/et_pb_text][\/et_pb_column][\/et_pb_row][\/et_pb_section][et_pb_section fb_built=\u00a0\u00bb1&Prime; _builder_version=\u00a0\u00bb4.27.4&Prime; _module_preset=\u00a0\u00bbdefault\u00a0\u00bb background_color=\u00a0\u00bbrgba(216,216,216,0.26)\u00a0\u00bb custom_padding=\u00a0\u00bb19px|||||\u00a0\u00bb da_disable_devices=\u00a0\u00bboff|off|off\u00a0\u00bb global_colors_info=\u00a0\u00bb{}\u00a0\u00bb da_is_popup=\u00a0\u00bboff\u00a0\u00bb da_exit_intent=\u00a0\u00bboff\u00a0\u00bb da_has_close=\u00a0\u00bbon\u00a0\u00bb da_alt_close=\u00a0\u00bboff\u00a0\u00bb da_dark_close=\u00a0\u00bboff\u00a0\u00bb da_not_modal=\u00a0\u00bbon\u00a0\u00bb da_is_singular=\u00a0\u00bboff\u00a0\u00bb da_with_loader=\u00a0\u00bboff\u00a0\u00bb da_has_shadow=\u00a0\u00bbon\u00a0\u00bb][et_pb_row _builder_version=\u00a0\u00bb4.27.4&Prime; _module_preset=\u00a0\u00bbdefault\u00a0\u00bb global_colors_info=\u00a0\u00bb{}\u00a0\u00bb][et_pb_column type=\u00a0\u00bb4_4&Prime; _builder_version=\u00a0\u00bb4.27.4&Prime; _module_preset=\u00a0\u00bbdefault\u00a0\u00bb global_colors_info=\u00a0\u00bb{}\u00a0\u00bb][et_pb_text _builder_version=\u00a0\u00bb4.27.4&Prime; _module_preset=\u00a0\u00bbdefault\u00a0\u00bb global_colors_info=\u00a0\u00bb{}\u00a0\u00bb]<h3><strong>Voici ce que l\u2019opticien Roman Wagner et l\u2019audioproth\u00e9siste Kai Glinke disent de Nuance Audio.<\/strong><\/h3>\n<p>Publication de presse 08\/2025<\/p>[\/et_pb_text][et_pb_image src=\u00a0\u00bbhttps:\/\/optik.roman-wagner.de\/wp-content\/uploads\/2025\/08\/Anzeige-Hoerbrille-2025.jpg\u00a0\u00bb alt=\u00a0\u00bbEntretien avec Roman Wagner et Kai Glinke\u00a0\u00bb title_text=\u00a0\u00bbAnnonce lunettes auditives\u00a0\u00bb show_in_lightbox=\u00a0\u00bbon\u00a0\u00bb _builder_version=\u00a0\u00bb4.27.4&Prime; _module_preset=\u00a0\u00bbdefault\u00a0\u00bb border_width_all=\u00a0\u00bb1px\u00a0\u00bb border_color_all=\u00a0\u00bb#dbdbdb\u00a0\u00bb global_colors_info=\u00a0\u00bb{}\u00a0\u00bb][\/et_pb_image][et_pb_text _builder_version=\u00a0\u00bb4.27.4&Prime; _module_preset=\u00a0\u00bbdefault\u00a0\u00bb global_colors_info=\u00a0\u00bb{}\u00a0\u00bb]<p>Photo et vid\u00e9o : \u24d2 nuance audio<\/p>[\/et_pb_text][\/et_pb_column][\/et_pb_row][\/et_pb_section]\n","protected":false},"excerpt":{"rendered":"<p>Bien entendre est tout aussi important que bien voir \u2013 on ne s\u2019en rend souvent compte que lorsque l\u2019un des deux sens diminue. <\/p>\n<p>Pourtant, beaucoup h\u00e9sitent \u00e0 utiliser un syst\u00e8me auditif tant qu\u2019ils peuvent l\u2019\u00e9viter. Avec les lunettes auditives Nuance Audio, une solution intelligente a \u00e9t\u00e9 cr\u00e9\u00e9e : une aide visuelle et auditive en un seul produit. <\/p>\n","protected":false},"author":1,"featured_media":6828,"comment_status":"closed","ping_status":"open","sticky":false,"template":"","format":"standard","meta":{"_et_pb_use_builder":"on","_et_pb_old_content":"","_et_gb_content_width":"","iawp_total_views":0,"footnotes":""},"categories":[140],"tags":[177,167,171,169,174,170,163,168,166,179,164,176,165,178,162,180,172,173,175,181],"class_list":["post-6823","post","type-post","status-publish","format-standard","has-post-thumbnail","hentry","category-non-classe","tag-acoustique-schweich","tag-aide-auditive-integree-aux-lunettes","tag-aide-auditive-moderne","tag-alternative-appareil-auditif","tag-appareil-auditif-discret","tag-appareil-auditif-invisible","tag-combinaison-vue-et-audition","tag-lunettes-acoustiques","tag-lunettes-auditives","tag-lunettes-auditives-seniors","tag-lunettes-avec-amplificateur-de-son","tag-lunettes-avec-microphone","tag-lunettes-nuance-audio","tag-lunettes-pour-malentendants","tag-monture-de-lunettes-avec-appareil-auditif","tag-monture-de-lunettes-intelligente","tag-optique-schweich","tag-roman-wagner-optique","tag-solution-deficience-auditive","tag-systeme-visuel-et-auditif"],"yoast_head":"<!-- This site is optimized with the Yoast SEO plugin v27.4 - https:\/\/yoast.com\/product\/yoast-seo-wordpress\/ -->\n<title>Nuance Audio : des lunettes pour mieux entendre.<\/title>\n<meta name=\"description\" content=\"Nuance Audio : les lunettes intelligentes avec technologie auditive int\u00e9gr\u00e9e \u2013 \u00e0 tester d\u00e8s maintenant sans engagement.\" \/>\n<meta name=\"robots\" content=\"index, follow, max-snippet:-1, max-image-preview:large, max-video-preview:-1\" \/>\n<link rel=\"canonical\" href=\"https:\/\/optik.roman-wagner.de\/fr\/2025\/07\/nuance-audio-des-lunettes-pour-mieux-entendre\/\" \/>\n<meta property=\"og:locale\" content=\"fr_FR\" \/>\n<meta property=\"og:type\" content=\"article\" \/>\n<meta property=\"og:title\" content=\"Nuance Audio : des lunettes pour mieux entendre.\" \/>\n<meta property=\"og:description\" content=\"Nuance Audio : les lunettes intelligentes avec technologie auditive int\u00e9gr\u00e9e \u2013 \u00e0 tester d\u00e8s maintenant sans engagement.\" \/>\n<meta property=\"og:url\" content=\"https:\/\/optik.roman-wagner.de\/fr\/2025\/07\/nuance-audio-des-lunettes-pour-mieux-entendre\/\" \/>\n<meta property=\"og:site_name\" content=\"Roman Wagner\" \/>\n<meta property=\"article:publisher\" content=\"https:\/\/www.facebook.com\/romanwagner.optiker\" \/>\n<meta property=\"article:published_time\" content=\"2025-07-25T08:13:21+00:00\" \/>\n<meta property=\"article:modified_time\" content=\"2026-04-30T13:21:57+00:00\" \/>\n<meta property=\"og:image\" content=\"https:\/\/optik.roman-wagner.de\/wp-content\/uploads\/2025\/07\/Nuance-Smarte-Brille-auf-Ladeschale.jpg\" \/>\n\t<meta property=\"og:image:width\" content=\"700\" \/>\n\t<meta property=\"og:image:height\" content=\"514\" \/>\n\t<meta property=\"og:image:type\" content=\"image\/jpeg\" \/>\n<meta name=\"author\" content=\"RomanWagner\" \/>\n<meta name=\"twitter:card\" content=\"summary_large_image\" \/>\n<meta name=\"twitter:label1\" content=\"\u00c9crit par\" \/>\n\t<meta name=\"twitter:data1\" content=\"RomanWagner\" \/>\n\t<meta name=\"twitter:label2\" content=\"Dur\u00e9e de lecture estim\u00e9e\" \/>\n\t<meta name=\"twitter:data2\" content=\"6 minutes\" \/>\n<script type=\"application\/ld+json\" class=\"yoast-schema-graph\">{\"@context\":\"https:\\\/\\\/schema.org\",\"@graph\":[{\"@type\":\"Article\",\"@id\":\"https:\\\/\\\/optik.roman-wagner.de\\\/fr\\\/2025\\\/07\\\/nuance-audio-des-lunettes-pour-mieux-entendre\\\/#article\",\"isPartOf\":{\"@id\":\"https:\\\/\\\/optik.roman-wagner.de\\\/fr\\\/2025\\\/07\\\/nuance-audio-des-lunettes-pour-mieux-entendre\\\/\"},\"author\":{\"name\":\"RomanWagner\",\"@id\":\"https:\\\/\\\/optik.roman-wagner.de\\\/fr\\\/#\\\/schema\\\/person\\\/4a52051c9505d1f3da58c234985c6c2f\"},\"headline\":\"Nuance Audio : des lunettes pour mieux entendre.\",\"datePublished\":\"2025-07-25T08:13:21+00:00\",\"dateModified\":\"2026-04-30T13:21:57+00:00\",\"mainEntityOfPage\":{\"@id\":\"https:\\\/\\\/optik.roman-wagner.de\\\/fr\\\/2025\\\/07\\\/nuance-audio-des-lunettes-pour-mieux-entendre\\\/\"},\"wordCount\":1195,\"publisher\":{\"@id\":\"https:\\\/\\\/optik.roman-wagner.de\\\/fr\\\/#organization\"},\"image\":{\"@id\":\"https:\\\/\\\/optik.roman-wagner.de\\\/fr\\\/2025\\\/07\\\/nuance-audio-des-lunettes-pour-mieux-entendre\\\/#primaryimage\"},\"thumbnailUrl\":\"https:\\\/\\\/optik.roman-wagner.de\\\/wp-content\\\/uploads\\\/2025\\\/07\\\/Nuance-Smarte-Brille-auf-Ladeschale.jpg\",\"keywords\":[\"acoustique schweich\",\"aide auditive int\u00e9gr\u00e9e aux lunettes\",\"aide auditive moderne\",\"alternative appareil auditif\",\"appareil auditif discret\",\"appareil auditif invisible\",\"combinaison vue et audition\",\"lunettes acoustiques\",\"lunettes auditives\",\"lunettes auditives seniors\",\"lunettes avec amplificateur de son\",\"lunettes avec microphone\",\"lunettes nuance audio\",\"lunettes pour malentendants\",\"monture de lunettes avec appareil auditif\",\"monture de lunettes intelligente\",\"optique schweich\",\"roman wagner optique\",\"solution d\u00e9ficience auditive\",\"syst\u00e8me visuel et auditif\"],\"inLanguage\":\"fr-FR\"},{\"@type\":\"WebPage\",\"@id\":\"https:\\\/\\\/optik.roman-wagner.de\\\/fr\\\/2025\\\/07\\\/nuance-audio-des-lunettes-pour-mieux-entendre\\\/\",\"url\":\"https:\\\/\\\/optik.roman-wagner.de\\\/fr\\\/2025\\\/07\\\/nuance-audio-des-lunettes-pour-mieux-entendre\\\/\",\"name\":\"Nuance Audio : des lunettes pour mieux entendre.\",\"isPartOf\":{\"@id\":\"https:\\\/\\\/optik.roman-wagner.de\\\/fr\\\/#website\"},\"primaryImageOfPage\":{\"@id\":\"https:\\\/\\\/optik.roman-wagner.de\\\/fr\\\/2025\\\/07\\\/nuance-audio-des-lunettes-pour-mieux-entendre\\\/#primaryimage\"},\"image\":{\"@id\":\"https:\\\/\\\/optik.roman-wagner.de\\\/fr\\\/2025\\\/07\\\/nuance-audio-des-lunettes-pour-mieux-entendre\\\/#primaryimage\"},\"thumbnailUrl\":\"https:\\\/\\\/optik.roman-wagner.de\\\/wp-content\\\/uploads\\\/2025\\\/07\\\/Nuance-Smarte-Brille-auf-Ladeschale.jpg\",\"datePublished\":\"2025-07-25T08:13:21+00:00\",\"dateModified\":\"2026-04-30T13:21:57+00:00\",\"description\":\"Nuance Audio : les lunettes intelligentes avec technologie auditive int\u00e9gr\u00e9e \u2013 \u00e0 tester d\u00e8s maintenant sans engagement.\",\"breadcrumb\":{\"@id\":\"https:\\\/\\\/optik.roman-wagner.de\\\/fr\\\/2025\\\/07\\\/nuance-audio-des-lunettes-pour-mieux-entendre\\\/#breadcrumb\"},\"inLanguage\":\"fr-FR\",\"potentialAction\":[{\"@type\":\"ReadAction\",\"target\":[\"https:\\\/\\\/optik.roman-wagner.de\\\/fr\\\/2025\\\/07\\\/nuance-audio-des-lunettes-pour-mieux-entendre\\\/\"]}]},{\"@type\":\"ImageObject\",\"inLanguage\":\"fr-FR\",\"@id\":\"https:\\\/\\\/optik.roman-wagner.de\\\/fr\\\/2025\\\/07\\\/nuance-audio-des-lunettes-pour-mieux-entendre\\\/#primaryimage\",\"url\":\"https:\\\/\\\/optik.roman-wagner.de\\\/wp-content\\\/uploads\\\/2025\\\/07\\\/Nuance-Smarte-Brille-auf-Ladeschale.jpg\",\"contentUrl\":\"https:\\\/\\\/optik.roman-wagner.de\\\/wp-content\\\/uploads\\\/2025\\\/07\\\/Nuance-Smarte-Brille-auf-Ladeschale.jpg\",\"width\":700,\"height\":514,\"caption\":\"Lunettes intelligentes Nuance sur socle de charge\"},{\"@type\":\"BreadcrumbList\",\"@id\":\"https:\\\/\\\/optik.roman-wagner.de\\\/fr\\\/2025\\\/07\\\/nuance-audio-des-lunettes-pour-mieux-entendre\\\/#breadcrumb\",\"itemListElement\":[{\"@type\":\"ListItem\",\"position\":1,\"name\":\"Startseite\",\"item\":\"https:\\\/\\\/optik.roman-wagner.de\\\/fr\\\/centres-pour-une-bonne-vision\\\/\"},{\"@type\":\"ListItem\",\"position\":2,\"name\":\"Nuance Audio : des lunettes pour mieux entendre.\"}]},{\"@type\":\"WebSite\",\"@id\":\"https:\\\/\\\/optik.roman-wagner.de\\\/fr\\\/#website\",\"url\":\"https:\\\/\\\/optik.roman-wagner.de\\\/fr\\\/\",\"name\":\"Der Augenoptiker Roman Wagner\",\"description\":\"Zentren f\u00fcr gutes Sehen\",\"publisher\":{\"@id\":\"https:\\\/\\\/optik.roman-wagner.de\\\/fr\\\/#organization\"},\"potentialAction\":[{\"@type\":\"SearchAction\",\"target\":{\"@type\":\"EntryPoint\",\"urlTemplate\":\"https:\\\/\\\/optik.roman-wagner.de\\\/fr\\\/?s={search_term_string}\"},\"query-input\":{\"@type\":\"PropertyValueSpecification\",\"valueRequired\":true,\"valueName\":\"search_term_string\"}}],\"inLanguage\":\"fr-FR\"},{\"@type\":\"Organization\",\"@id\":\"https:\\\/\\\/optik.roman-wagner.de\\\/fr\\\/#organization\",\"name\":\"Der Augenoptiker Roman Wagner\",\"url\":\"https:\\\/\\\/optik.roman-wagner.de\\\/fr\\\/\",\"logo\":{\"@type\":\"ImageObject\",\"inLanguage\":\"fr-FR\",\"@id\":\"https:\\\/\\\/optik.roman-wagner.de\\\/fr\\\/#\\\/schema\\\/logo\\\/image\\\/\",\"url\":\"https:\\\/\\\/optik.roman-wagner.de\\\/wp-content\\\/uploads\\\/2019\\\/11\\\/Logo-RW-quadrat.jpg\",\"contentUrl\":\"https:\\\/\\\/optik.roman-wagner.de\\\/wp-content\\\/uploads\\\/2019\\\/11\\\/Logo-RW-quadrat.jpg\",\"width\":488,\"height\":479,\"caption\":\"Der Augenoptiker Roman Wagner\"},\"image\":{\"@id\":\"https:\\\/\\\/optik.roman-wagner.de\\\/fr\\\/#\\\/schema\\\/logo\\\/image\\\/\"},\"sameAs\":[\"https:\\\/\\\/www.facebook.com\\\/romanwagner.optiker\",\"https:\\\/\\\/www.instagram.com\\\/romanwagner.optiker\\\/\",\"https:\\\/\\\/www.youtube.com\\\/channel\\\/UCIHnCII9jl34mZG08gXgG6A\"]},{\"@type\":\"Person\",\"@id\":\"https:\\\/\\\/optik.roman-wagner.de\\\/fr\\\/#\\\/schema\\\/person\\\/4a52051c9505d1f3da58c234985c6c2f\",\"name\":\"RomanWagner\",\"image\":{\"@type\":\"ImageObject\",\"inLanguage\":\"fr-FR\",\"@id\":\"https:\\\/\\\/secure.gravatar.com\\\/avatar\\\/e6c57eb4a35b8245e2d2f86a3e023a8642987475df645a50407f34b4addef3fb?s=96&d=mm&r=g\",\"url\":\"https:\\\/\\\/secure.gravatar.com\\\/avatar\\\/e6c57eb4a35b8245e2d2f86a3e023a8642987475df645a50407f34b4addef3fb?s=96&d=mm&r=g\",\"contentUrl\":\"https:\\\/\\\/secure.gravatar.com\\\/avatar\\\/e6c57eb4a35b8245e2d2f86a3e023a8642987475df645a50407f34b4addef3fb?s=96&d=mm&r=g\",\"caption\":\"RomanWagner\"},\"url\":\"https:\\\/\\\/optik.roman-wagner.de\\\/fr\\\/author\\\/romanwagner\\\/\"}]}<\/script>\n<!-- \/ Yoast SEO plugin. -->","yoast_head_json":{"title":"Nuance Audio : des lunettes pour mieux entendre.","description":"Nuance Audio : les lunettes intelligentes avec technologie auditive int\u00e9gr\u00e9e \u2013 \u00e0 tester d\u00e8s maintenant sans engagement.","robots":{"index":"index","follow":"follow","max-snippet":"max-snippet:-1","max-image-preview":"max-image-preview:large","max-video-preview":"max-video-preview:-1"},"canonical":"https:\/\/optik.roman-wagner.de\/fr\/2025\/07\/nuance-audio-des-lunettes-pour-mieux-entendre\/","og_locale":"fr_FR","og_type":"article","og_title":"Nuance Audio : des lunettes pour mieux entendre.","og_description":"Nuance Audio : les lunettes intelligentes avec technologie auditive int\u00e9gr\u00e9e \u2013 \u00e0 tester d\u00e8s maintenant sans engagement.","og_url":"https:\/\/optik.roman-wagner.de\/fr\/2025\/07\/nuance-audio-des-lunettes-pour-mieux-entendre\/","og_site_name":"Roman Wagner","article_publisher":"https:\/\/www.facebook.com\/romanwagner.optiker","article_published_time":"2025-07-25T08:13:21+00:00","article_modified_time":"2026-04-30T13:21:57+00:00","og_image":[{"width":700,"height":514,"url":"https:\/\/optik.roman-wagner.de\/wp-content\/uploads\/2025\/07\/Nuance-Smarte-Brille-auf-Ladeschale.jpg","type":"image\/jpeg"}],"author":"RomanWagner","twitter_card":"summary_large_image","twitter_misc":{"\u00c9crit par":"RomanWagner","Dur\u00e9e de lecture estim\u00e9e":"6 minutes"},"schema":{"@context":"https:\/\/schema.org","@graph":[{"@type":"Article","@id":"https:\/\/optik.roman-wagner.de\/fr\/2025\/07\/nuance-audio-des-lunettes-pour-mieux-entendre\/#article","isPartOf":{"@id":"https:\/\/optik.roman-wagner.de\/fr\/2025\/07\/nuance-audio-des-lunettes-pour-mieux-entendre\/"},"author":{"name":"RomanWagner","@id":"https:\/\/optik.roman-wagner.de\/fr\/#\/schema\/person\/4a52051c9505d1f3da58c234985c6c2f"},"headline":"Nuance Audio : des lunettes pour mieux entendre.","datePublished":"2025-07-25T08:13:21+00:00","dateModified":"2026-04-30T13:21:57+00:00","mainEntityOfPage":{"@id":"https:\/\/optik.roman-wagner.de\/fr\/2025\/07\/nuance-audio-des-lunettes-pour-mieux-entendre\/"},"wordCount":1195,"publisher":{"@id":"https:\/\/optik.roman-wagner.de\/fr\/#organization"},"image":{"@id":"https:\/\/optik.roman-wagner.de\/fr\/2025\/07\/nuance-audio-des-lunettes-pour-mieux-entendre\/#primaryimage"},"thumbnailUrl":"https:\/\/optik.roman-wagner.de\/wp-content\/uploads\/2025\/07\/Nuance-Smarte-Brille-auf-Ladeschale.jpg","keywords":["acoustique schweich","aide auditive int\u00e9gr\u00e9e aux lunettes","aide auditive moderne","alternative appareil auditif","appareil auditif discret","appareil auditif invisible","combinaison vue et audition","lunettes acoustiques","lunettes auditives","lunettes auditives seniors","lunettes avec amplificateur de son","lunettes avec microphone","lunettes nuance audio","lunettes pour malentendants","monture de lunettes avec appareil auditif","monture de lunettes intelligente","optique schweich","roman wagner optique","solution d\u00e9ficience auditive","syst\u00e8me visuel et auditif"],"inLanguage":"fr-FR"},{"@type":"WebPage","@id":"https:\/\/optik.roman-wagner.de\/fr\/2025\/07\/nuance-audio-des-lunettes-pour-mieux-entendre\/","url":"https:\/\/optik.roman-wagner.de\/fr\/2025\/07\/nuance-audio-des-lunettes-pour-mieux-entendre\/","name":"Nuance Audio : des lunettes pour mieux entendre.","isPartOf":{"@id":"https:\/\/optik.roman-wagner.de\/fr\/#website"},"primaryImageOfPage":{"@id":"https:\/\/optik.roman-wagner.de\/fr\/2025\/07\/nuance-audio-des-lunettes-pour-mieux-entendre\/#primaryimage"},"image":{"@id":"https:\/\/optik.roman-wagner.de\/fr\/2025\/07\/nuance-audio-des-lunettes-pour-mieux-entendre\/#primaryimage"},"thumbnailUrl":"https:\/\/optik.roman-wagner.de\/wp-content\/uploads\/2025\/07\/Nuance-Smarte-Brille-auf-Ladeschale.jpg","datePublished":"2025-07-25T08:13:21+00:00","dateModified":"2026-04-30T13:21:57+00:00","description":"Nuance Audio : les lunettes intelligentes avec technologie auditive int\u00e9gr\u00e9e \u2013 \u00e0 tester d\u00e8s maintenant sans engagement.","breadcrumb":{"@id":"https:\/\/optik.roman-wagner.de\/fr\/2025\/07\/nuance-audio-des-lunettes-pour-mieux-entendre\/#breadcrumb"},"inLanguage":"fr-FR","potentialAction":[{"@type":"ReadAction","target":["https:\/\/optik.roman-wagner.de\/fr\/2025\/07\/nuance-audio-des-lunettes-pour-mieux-entendre\/"]}]},{"@type":"ImageObject","inLanguage":"fr-FR","@id":"https:\/\/optik.roman-wagner.de\/fr\/2025\/07\/nuance-audio-des-lunettes-pour-mieux-entendre\/#primaryimage","url":"https:\/\/optik.roman-wagner.de\/wp-content\/uploads\/2025\/07\/Nuance-Smarte-Brille-auf-Ladeschale.jpg","contentUrl":"https:\/\/optik.roman-wagner.de\/wp-content\/uploads\/2025\/07\/Nuance-Smarte-Brille-auf-Ladeschale.jpg","width":700,"height":514,"caption":"Lunettes intelligentes Nuance sur socle de charge"},{"@type":"BreadcrumbList","@id":"https:\/\/optik.roman-wagner.de\/fr\/2025\/07\/nuance-audio-des-lunettes-pour-mieux-entendre\/#breadcrumb","itemListElement":[{"@type":"ListItem","position":1,"name":"Startseite","item":"https:\/\/optik.roman-wagner.de\/fr\/centres-pour-une-bonne-vision\/"},{"@type":"ListItem","position":2,"name":"Nuance Audio : des lunettes pour mieux entendre."}]},{"@type":"WebSite","@id":"https:\/\/optik.roman-wagner.de\/fr\/#website","url":"https:\/\/optik.roman-wagner.de\/fr\/","name":"Der Augenoptiker Roman Wagner","description":"Zentren f\u00fcr gutes Sehen","publisher":{"@id":"https:\/\/optik.roman-wagner.de\/fr\/#organization"},"potentialAction":[{"@type":"SearchAction","target":{"@type":"EntryPoint","urlTemplate":"https:\/\/optik.roman-wagner.de\/fr\/?s={search_term_string}"},"query-input":{"@type":"PropertyValueSpecification","valueRequired":true,"valueName":"search_term_string"}}],"inLanguage":"fr-FR"},{"@type":"Organization","@id":"https:\/\/optik.roman-wagner.de\/fr\/#organization","name":"Der Augenoptiker Roman Wagner","url":"https:\/\/optik.roman-wagner.de\/fr\/","logo":{"@type":"ImageObject","inLanguage":"fr-FR","@id":"https:\/\/optik.roman-wagner.de\/fr\/#\/schema\/logo\/image\/","url":"https:\/\/optik.roman-wagner.de\/wp-content\/uploads\/2019\/11\/Logo-RW-quadrat.jpg","contentUrl":"https:\/\/optik.roman-wagner.de\/wp-content\/uploads\/2019\/11\/Logo-RW-quadrat.jpg","width":488,"height":479,"caption":"Der Augenoptiker Roman Wagner"},"image":{"@id":"https:\/\/optik.roman-wagner.de\/fr\/#\/schema\/logo\/image\/"},"sameAs":["https:\/\/www.facebook.com\/romanwagner.optiker","https:\/\/www.instagram.com\/romanwagner.optiker\/","https:\/\/www.youtube.com\/channel\/UCIHnCII9jl34mZG08gXgG6A"]},{"@type":"Person","@id":"https:\/\/optik.roman-wagner.de\/fr\/#\/schema\/person\/4a52051c9505d1f3da58c234985c6c2f","name":"RomanWagner","image":{"@type":"ImageObject","inLanguage":"fr-FR","@id":"https:\/\/secure.gravatar.com\/avatar\/e6c57eb4a35b8245e2d2f86a3e023a8642987475df645a50407f34b4addef3fb?s=96&d=mm&r=g","url":"https:\/\/secure.gravatar.com\/avatar\/e6c57eb4a35b8245e2d2f86a3e023a8642987475df645a50407f34b4addef3fb?s=96&d=mm&r=g","contentUrl":"https:\/\/secure.gravatar.com\/avatar\/e6c57eb4a35b8245e2d2f86a3e023a8642987475df645a50407f34b4addef3fb?s=96&d=mm&r=g","caption":"RomanWagner"},"url":"https:\/\/optik.roman-wagner.de\/fr\/author\/romanwagner\/"}]}},"_links":{"self":[{"href":"https:\/\/optik.roman-wagner.de\/fr\/wp-json\/wp\/v2\/posts\/6823","targetHints":{"allow":["GET"]}}],"collection":[{"href":"https:\/\/optik.roman-wagner.de\/fr\/wp-json\/wp\/v2\/posts"}],"about":[{"href":"https:\/\/optik.roman-wagner.de\/fr\/wp-json\/wp\/v2\/types\/post"}],"author":[{"embeddable":true,"href":"https:\/\/optik.roman-wagner.de\/fr\/wp-json\/wp\/v2\/users\/1"}],"replies":[{"embeddable":true,"href":"https:\/\/optik.roman-wagner.de\/fr\/wp-json\/wp\/v2\/comments?post=6823"}],"version-history":[{"count":1,"href":"https:\/\/optik.roman-wagner.de\/fr\/wp-json\/wp\/v2\/posts\/6823\/revisions"}],"predecessor-version":[{"id":6832,"href":"https:\/\/optik.roman-wagner.de\/fr\/wp-json\/wp\/v2\/posts\/6823\/revisions\/6832"}],"wp:featuredmedia":[{"embeddable":true,"href":"https:\/\/optik.roman-wagner.de\/fr\/wp-json\/wp\/v2\/media\/6828"}],"wp:attachment":[{"href":"https:\/\/optik.roman-wagner.de\/fr\/wp-json\/wp\/v2\/media?parent=6823"}],"wp:term":[{"taxonomy":"category","embeddable":true,"href":"https:\/\/optik.roman-wagner.de\/fr\/wp-json\/wp\/v2\/categories?post=6823"},{"taxonomy":"post_tag","embeddable":true,"href":"https:\/\/optik.roman-wagner.de\/fr\/wp-json\/wp\/v2\/tags?post=6823"}],"curies":[{"name":"wp","href":"https:\/\/api.w.org\/{rel}","templated":true}]}}