{"id":6818,"date":"2026-02-16T18:26:22","date_gmt":"2026-02-16T17:26:22","guid":{"rendered":"https:\/\/optik.roman-wagner.de\/2026\/02\/mieux-lire-travailler-de-maniere-plus-concentree-comment-lentrainement-des-muscles-oculaires-peut-aider-votre-enfant\/"},"modified":"2026-04-30T15:21:42","modified_gmt":"2026-04-30T13:21:42","slug":"mieux-lire-travailler-de-maniere-plus-concentree-comment-lentrainement-des-muscles-oculaires-peut-aider-votre-enfant","status":"publish","type":"post","link":"https:\/\/optik.roman-wagner.de\/fr\/2026\/02\/mieux-lire-travailler-de-maniere-plus-concentree-comment-lentrainement-des-muscles-oculaires-peut-aider-votre-enfant\/","title":{"rendered":"Mieux lire &amp; travailler de mani\u00e8re plus concentr\u00e9e \u2013 comment l\u2019entra\u00eenement des muscles oculaires peut aider votre enfant"},"content":{"rendered":"<p>[et_pb_section fb_built=\u00a0\u00bb1&Prime; _builder_version=\u00a0\u00bb4.27.2&Prime; custom_margin=\u00a0\u00bb130px||||false|false\u00a0\u00bb custom_margin_tablet=\u00a0\u00bb130px||||false|false\u00a0\u00bb custom_margin_phone=\u00a0\u00bb70px||||false|false\u00a0\u00bb custom_margin_last_edited=\u00a0\u00bbon|desktop\u00a0\u00bb custom_padding=\u00a0\u00bb4px||||false|false\u00a0\u00bb da_disable_devices=\u00a0\u00bboff|off|off\u00a0\u00bb global_colors_info=\u00a0\u00bb{}\u00a0\u00bb da_is_popup=\u00a0\u00bboff\u00a0\u00bb da_exit_intent=\u00a0\u00bboff\u00a0\u00bb da_has_close=\u00a0\u00bbon\u00a0\u00bb da_alt_close=\u00a0\u00bboff\u00a0\u00bb da_dark_close=\u00a0\u00bboff\u00a0\u00bb da_not_modal=\u00a0\u00bbon\u00a0\u00bb da_is_singular=\u00a0\u00bboff\u00a0\u00bb da_with_loader=\u00a0\u00bboff\u00a0\u00bb da_has_shadow=\u00a0\u00bbon\u00a0\u00bb][et_pb_row _builder_version=\u00a0\u00bb4.27.4&Prime; _module_preset=\u00a0\u00bbdefault\u00a0\u00bb global_colors_info=\u00a0\u00bb{}\u00a0\u00bb][et_pb_column type=\u00a0\u00bb4_4&Prime; _builder_version=\u00a0\u00bb4.27.4&Prime; _module_preset=\u00a0\u00bbdefault\u00a0\u00bb global_colors_info=\u00a0\u00bb{}\u00a0\u00bb][dsm_text_notation notation_text=\u00a0\u00bbMieux lire &amp; travailler de mani\u00e8re plus concentr\u00e9e \u2013 comment l\u2019entra\u00eenement des muscles oculaires peut aider votre enfant\u00a0\u00bb notation_color=\u00a0\u00bb#0084D7&Prime; notation_width=\u00a0\u00bb4&Prime; _builder_version=\u00a0\u00bb4.27.4&Prime; _module_preset=\u00a0\u00bbdefault\u00a0\u00bb header_font=\u00a0\u00bb|700|||||||\u00a0\u00bb header_text_color=\u00a0\u00bb#000000&Prime; notation_font=\u00a0\u00bb|700|||||||\u00a0\u00bb notation_text_color=\u00a0\u00bb#000000&Prime; text_orientation=\u00a0\u00bbleft\u00a0\u00bb width=\u00a0\u00bb100%\u00a0\u00bb custom_margin=\u00a0\u00bb||3px||false|false\u00a0\u00bb custom_padding=\u00a0\u00bb||||false|false\u00a0\u00bb header_font_size_tablet=\u00a0\u00bb\u00a0\u00bb header_font_size_phone=\u00a0\u00bb\u00a0\u00bb header_font_size_last_edited=\u00a0\u00bbon|phone\u00a0\u00bb header_line_height_tablet=\u00a0\u00bb\u00a0\u00bb header_line_height_phone=\u00a0\u00bb1.3em\u00a0\u00bb header_line_height_last_edited=\u00a0\u00bbon|phone\u00a0\u00bb locked=\u00a0\u00bboff\u00a0\u00bb global_colors_info=\u00a0\u00bb{}\u00a0\u00bb][\/dsm_text_notation][\/et_pb_column][\/et_pb_row][et_pb_row column_structure=\u00a0\u00bb1_2,1_2&Prime; _builder_version=\u00a0\u00bb4.16&Prime; background_size=\u00a0\u00bbinitial\u00a0\u00bb background_position=\u00a0\u00bbtop_left\u00a0\u00bb background_repeat=\u00a0\u00bbrepeat\u00a0\u00bb custom_padding=\u00a0\u00bb35px||5px|||\u00a0\u00bb global_colors_info=\u00a0\u00bb{}\u00a0\u00bb][et_pb_column type=\u00a0\u00bb1_2&Prime; _builder_version=\u00a0\u00bb4.16&Prime; custom_padding=\u00a0\u00bb|||\u00a0\u00bb global_colors_info=\u00a0\u00bb{}\u00a0\u00bb custom_padding__hover=\u00a0\u00bb|||\u00a0\u00bb][et_pb_image src=\u00a0\u00bbhttps:\/\/optik.roman-wagner.de\/wp-content\/uploads\/2026\/02\/Kinderaugen-muede.jpg\u00a0\u00bb alt=\u00a0\u00bbMod\u00e8le de lunettes JFR\u00a0\u00bb title_text=\u00a0\u00bbYeux d\u2019enfants fatigu\u00e9s\u00a0\u00bb show_bottom_space=\u00a0\u00bboff\u00a0\u00bb force_fullwidth=\u00a0\u00bbon\u00a0\u00bb _builder_version=\u00a0\u00bb4.27.4&Prime; _module_preset=\u00a0\u00bbdefault\u00a0\u00bb custom_margin=\u00a0\u00bb0px||0px||false|false\u00a0\u00bb custom_margin_tablet=\u00a0\u00bb0px||0px||false|false\u00a0\u00bb custom_margin_phone=\u00a0\u00bb0px||0px||false|false\u00a0\u00bb custom_margin_last_edited=\u00a0\u00bbon|desktop\u00a0\u00bb global_colors_info=\u00a0\u00bb{}\u00a0\u00bb][\/et_pb_image][\/et_pb_column][et_pb_column type=\u00a0\u00bb1_2&Prime; _builder_version=\u00a0\u00bb4.16&Prime; custom_padding=\u00a0\u00bb|||\u00a0\u00bb global_colors_info=\u00a0\u00bb{}\u00a0\u00bb custom_padding__hover=\u00a0\u00bb|||\u00a0\u00bb][et_pb_text _builder_version=\u00a0\u00bb4.27.4&Prime; _module_preset=\u00a0\u00bbdefault\u00a0\u00bb custom_margin=\u00a0\u00bb1px||30px||false|false\u00a0\u00bb global_colors_info=\u00a0\u00bb{}\u00a0\u00bb]<\/p>\n<p>De nombreux parents se demandent pourquoi leur enfant, malgr\u00e9 une acuit\u00e9 visuelle normale, se fatigue rapidement en lisant, semble d\u00e9concentr\u00e9 ou se plaint de maux de t\u00eate et de douleurs oculaires. La cause ne r\u00e9side souvent <strong>pas dans l\u2019acuit\u00e9 visuelle<\/strong>, mais dans le fait que les <strong>yeux ne travaillent pas de mani\u00e8re optimale ensemble.<\/strong> <\/p>\n<p>[\/et_pb_text][et_pb_text _builder_version=\u00a0\u00bb4.27.4&Prime; _module_preset=\u00a0\u00bbdefault\u00a0\u00bb custom_margin=\u00a0\u00bb20px||30px||false|false\u00a0\u00bb global_colors_info=\u00a0\u00bb{}\u00a0\u00bb]<\/p>\n<h2>Signes typiques de surcharge visuelle<\/h2>\n<p>[\/et_pb_text][et_pb_text _builder_version=\u00a0\u00bb4.27.4&Prime; _module_preset=\u00a0\u00bbdefault\u00a0\u00bb custom_margin=\u00a0\u00bb20px||30px||false|false\u00a0\u00bb global_colors_info=\u00a0\u00bb{}\u00a0\u00bb]<\/p>\n<p>Pr\u00eatez attention aux indices suivants :<\/p>\n<p>&nbsp;<\/p>\n<ul>\n<li>fatigue rapide lors des devoirs<\/li>\n<li>probl\u00e8mes de concentration lors de la lecture et de l\u2019\u00e9criture<\/li>\n<li>frottement fr\u00e9quent des yeux<\/li>\n<li>maux de t\u00eate apr\u00e8s l\u2019\u00e9cole<\/li>\n<li>lignes qui se d\u00e9calent ou saut de mots<\/li>\n<li>faible motivation pour la lecture malgr\u00e9 une intelligence normale<\/li>\n<\/ul>\n<p>[\/et_pb_text][et_pb_text _builder_version=\u00a0\u00bb4.27.4&Prime; _module_preset=\u00a0\u00bbdefault\u00a0\u00bb global_colors_info=\u00a0\u00bb{}\u00a0\u00bb]<\/p>\n<p>Important : ces sympt\u00f4mes peuvent souvent \u00eatre <strong>interpr\u00e9t\u00e9s \u00e0 tort comme un probl\u00e8me d\u2019apprentissage ou d\u2019attention<\/strong>.<\/p>\n<p>[\/et_pb_text][et_pb_text _builder_version=\u00a0\u00bb4.27.4&Prime; _module_preset=\u00a0\u00bbdefault\u00a0\u00bb custom_margin=\u00a0\u00bb20px||30px||false|false\u00a0\u00bb global_colors_info=\u00a0\u00bb{}\u00a0\u00bb]<\/p>\n<h2>Quelles capacit\u00e9s peuvent \u00eatre am\u00e9lior\u00e9es ?<\/h2>\n<p>[\/et_pb_text][et_pb_text _builder_version=\u00a0\u00bb4.27.4&Prime; _module_preset=\u00a0\u00bbdefault\u00a0\u00bb global_colors_info=\u00a0\u00bb{}\u00a0\u00bb]<\/p>\n<p><strong>Collaboration des deux yeux (convergence)<\/strong><br \/>Particuli\u00e8rement importante lors de la lecture de pr\u00e8s.<\/p>\n<p><strong>Mise au point de pr\u00e8s et de loin (accommodation)<\/strong><br \/>N\u00e9cessaire pour le passage rapide entre le cahier, le livre et le tableau.<\/p>\n<p><strong>Perception visuelle<\/strong><br \/>Soutient la reconnaissance, le traitement et la restitution de ce qui est vu.<\/p>\n<p>[\/et_pb_text][\/et_pb_column][\/et_pb_row][et_pb_row column_structure=\u00a0\u00bb1_2,1_2&Prime; _builder_version=\u00a0\u00bb4.27.4&Prime; _module_preset=\u00a0\u00bbdefault\u00a0\u00bb global_colors_info=\u00a0\u00bb{}\u00a0\u00bb][et_pb_column type=\u00a0\u00bb1_2&Prime; _builder_version=\u00a0\u00bb4.27.4&Prime; _module_preset=\u00a0\u00bbdefault\u00a0\u00bb global_colors_info=\u00a0\u00bb{}\u00a0\u00bb][et_pb_text _builder_version=\u00a0\u00bb4.27.4&Prime; _module_preset=\u00a0\u00bbdefault\u00a0\u00bb custom_margin=\u00a0\u00bb||15px|||\u00a0\u00bb global_colors_info=\u00a0\u00bb{}\u00a0\u00bb]<\/p>\n<h2>Que signifie \u00ab entra\u00eener la musculature oculaire \u00bb ?<\/h2>\n<p>[\/et_pb_text][et_pb_text _builder_version=\u00a0\u00bb4.27.4&Prime; _module_preset=\u00a0\u00bbdefault\u00a0\u00bb custom_margin=\u00a0\u00bb||8px|||\u00a0\u00bb global_colors_info=\u00a0\u00bb{}\u00a0\u00bb]<\/p>\n<p><strong>Important au pr\u00e9alable !<\/strong><br \/><strong>Les muscles oculaires externes eux-m\u00eames ne deviennent pas plus \u00ab costauds \u00bb comme un biceps.<\/strong>  Ce qui est entra\u00een\u00e9, c\u2019est :<\/p>\n<p>&nbsp;<\/p>\n<ul>\n<li>la collaboration des deux yeux (vision binoculaire)<\/li>\n<li>la capacit\u00e9 de mise au point (accommodation)<\/li>\n<li>la coordination entre les yeux et le cerveau<\/li>\n<\/ul>\n<p>[\/et_pb_text][et_pb_text _builder_version=\u00a0\u00bb4.27.4&Prime; _module_preset=\u00a0\u00bbdefault\u00a0\u00bb global_colors_info=\u00a0\u00bb{}\u00a0\u00bb]Chez les enfants en particulier, ce syst\u00e8me visuel est encore en plein d\u00e9veloppement \u2013 un entra\u00eenement cibl\u00e9 peut ici \u00eatre tr\u00e8s efficace.[\/et_pb_text][\/et_pb_column][et_pb_column type=\u00a0\u00bb1_2&Prime; _builder_version=\u00a0\u00bb4.27.4&Prime; _module_preset=\u00a0\u00bbdefault\u00a0\u00bb global_colors_info=\u00a0\u00bb{}\u00a0\u00bb][et_pb_text _builder_version=\u00a0\u00bb4.27.4&Prime; _module_preset=\u00a0\u00bbdefault\u00a0\u00bb custom_margin=\u00a0\u00bb||7px|||\u00a0\u00bb global_colors_info=\u00a0\u00bb{}\u00a0\u00bb]<\/p>\n<h2>\u00c0 quoi ressemble un entra\u00eenement visuel ?<\/h2>\n<p>[\/et_pb_text][et_pb_text _builder_version=\u00a0\u00bb4.27.4&Prime; _module_preset=\u00a0\u00bbdefault\u00a0\u00bb global_colors_info=\u00a0\u00bb{}\u00a0\u00bb]<\/p>\n<p>Un entra\u00eenement visuel individuel se compose de :<\/p>\n<p>&nbsp;<\/p>\n<ul>\n<li>exercices visuels adapt\u00e9s \u00e0 l\u2019\u00e2ge<\/li>\n<li>m\u00e9thodes d\u2019entra\u00eenement ludiques<\/li>\n<li>sessions d\u2019exercices courtes et r\u00e9guli\u00e8res<\/li>\n<li>instructions pour la maison<\/li>\n<\/ul>\n<p>[\/et_pb_text][\/et_pb_column][\/et_pb_row][et_pb_row _builder_version=\u00a0\u00bb4.27.4&Prime; _module_preset=\u00a0\u00bbdefault\u00a0\u00bb custom_padding=\u00a0\u00bb||8px|||\u00a0\u00bb global_colors_info=\u00a0\u00bb{}\u00a0\u00bb][et_pb_column type=\u00a0\u00bb4_4&Prime; _builder_version=\u00a0\u00bb4.27.4&Prime; _module_preset=\u00a0\u00bbdefault\u00a0\u00bb global_colors_info=\u00a0\u00bb{}\u00a0\u00bb][et_pb_divider divider_weight=\u00a0\u00bb3px\u00a0\u00bb _builder_version=\u00a0\u00bb4.27.4&Prime; _module_preset=\u00a0\u00bbdefault\u00a0\u00bb global_colors_info=\u00a0\u00bb{}\u00a0\u00bb][\/et_pb_divider][\/et_pb_column][\/et_pb_row][et_pb_row column_structure=\u00a0\u00bb1_2,1_2&Prime; _builder_version=\u00a0\u00bb4.27.4&Prime; _module_preset=\u00a0\u00bbdefault\u00a0\u00bb global_colors_info=\u00a0\u00bb{}\u00a0\u00bb][et_pb_column type=\u00a0\u00bb1_2&Prime; _builder_version=\u00a0\u00bb4.27.4&Prime; _module_preset=\u00a0\u00bbdefault\u00a0\u00bb global_colors_info=\u00a0\u00bb{}\u00a0\u00bb][et_pb_text _builder_version=\u00a0\u00bb4.27.4&Prime; _module_preset=\u00a0\u00bbdefault\u00a0\u00bb custom_margin=\u00a0\u00bb||13px|||\u00a0\u00bb global_colors_info=\u00a0\u00bb{}\u00a0\u00bb]<\/p>\n<h3><strong>Notre conseil d\u2019expert : l\u2019entra\u00eenement avec la cha\u00eene de perles<\/strong><\/h3>\n<p>[\/et_pb_text][et_pb_text _builder_version=\u00a0\u00bb4.27.4&Prime; _module_preset=\u00a0\u00bbdefault\u00a0\u00bb custom_margin=\u00a0\u00bb||8px|||\u00a0\u00bb global_colors_info=\u00a0\u00bb{}\u00a0\u00bb]<\/p>\n<p>L\u2019<strong>entra\u00eenement avec la cha\u00eene de perles<\/strong> est un dispositif simple comprenant :<\/p>\n<p>&nbsp;<\/p>\n<ul>\n<li>un cordon<\/li>\n<li>plusieurs perles color\u00e9es<\/li>\n<li>et un effet majeur<\/li>\n<\/ul>\n<p>[\/et_pb_text][et_pb_text _builder_version=\u00a0\u00bb4.27.4&Prime; _module_preset=\u00a0\u00bbdefault\u00a0\u00bb custom_margin=\u00a0\u00bb||8px|||\u00a0\u00bb global_colors_info=\u00a0\u00bb{}\u00a0\u00bb]<\/p>\n<p>Lors de l\u2019entra\u00eenement, votre enfant regarde les perles l\u2019une apr\u00e8s l\u2019autre \u2013 de tr\u00e8s loin \u00e0 tr\u00e8s pr\u00e8s. Ce faisant, les yeux apprennent de mani\u00e8re ludique \u00e0 : <\/p>\n<p>&nbsp;<\/p>\n<ul>\n<li>mieux travailler ensemble<\/li>\n<li>s\u2019adapter plus rapidement \u00e0 la vision de pr\u00e8s<\/li>\n<li>rester d\u00e9tendus plus longtemps<\/li>\n<\/ul>\n<p>[\/et_pb_text][et_pb_text _builder_version=\u00a0\u00bb4.27.4&Prime; _module_preset=\u00a0\u00bbdefault\u00a0\u00bb global_colors_info=\u00a0\u00bb{}\u00a0\u00bb]<\/p>\n<p><strong>Seulement quelques minutes par jour<\/strong>, sans aucun stress.<br \/>L\u2019entra\u00eenement est <strong>indolore, non invasif<\/strong> et s\u2019adapte aux capacit\u00e9s de l\u2019enfant.<\/p>\n<p>Vous pouvez fabriquer vous-m\u00eame la <strong>cha\u00eene de perles<\/strong> ou l\u2019acqu\u00e9rir dans les <strong>centres pour une bonne vision (Zentren f\u00fcr Gutes Sehen) de Roman Wagner<\/strong>.<\/p>\n<p>[\/et_pb_text][\/et_pb_column][et_pb_column type=\u00a0\u00bb1_2&Prime; _builder_version=\u00a0\u00bb4.27.4&Prime; _module_preset=\u00a0\u00bbdefault\u00a0\u00bb global_colors_info=\u00a0\u00bb{}\u00a0\u00bb][et_pb_image src=\u00a0\u00bbhttps:\/\/optik.roman-wagner.de\/wp-content\/uploads\/2026\/02\/Kinder-Augenmuskel-trainieren.jpg\u00a0\u00bb alt=\u00a0\u00bbEntra\u00eenement visuel pour enfants\u00a0\u00bb title_text=\u00a0\u00bbEntra\u00eener les muscles oculaires des enfants\u00a0\u00bb force_fullwidth=\u00a0\u00bbon\u00a0\u00bb _builder_version=\u00a0\u00bb4.27.4&Prime; _module_preset=\u00a0\u00bbdefault\u00a0\u00bb global_colors_info=\u00a0\u00bb{}\u00a0\u00bb][\/et_pb_image][\/et_pb_column][\/et_pb_row][et_pb_row _builder_version=\u00a0\u00bb4.27.4&Prime; _module_preset=\u00a0\u00bbdefault\u00a0\u00bb global_colors_info=\u00a0\u00bb{}\u00a0\u00bb][et_pb_column type=\u00a0\u00bb4_4&Prime; _builder_version=\u00a0\u00bb4.27.4&Prime; _module_preset=\u00a0\u00bbdefault\u00a0\u00bb global_colors_info=\u00a0\u00bb{}\u00a0\u00bb][et_pb_cta title=\u00a0\u00bbComment les parents peuvent apporter leur soutien au quotidien\u00a0\u00bb button_url=\u00a0\u00bbhttps:\/\/optik.roman-wagner.de\/online-termin\/\u00a0\u00bb button_text=\u00a0\u00bbPrendre rendez-vous maintenant\u00a0\u00bb _builder_version=\u00a0\u00bb4.27.4&Prime; _module_preset=\u00a0\u00bbdefault\u00a0\u00bb global_colors_info=\u00a0\u00bb{}\u00a0\u00bb]<\/p>\n<p>\u2714 suffisamment d\u2019activit\u00e9 en plein air<br \/>\u2714 pauses visuelles r\u00e9guli\u00e8res lors de travaux de pr\u00e8s<br \/>\u2714 temps d\u2019\u00e9cran limit\u00e9<br \/>\u2714 bon \u00e9clairage lors des devoirs<br \/>\u2714 distance de lecture et d\u2019\u00e9criture correcte<\/p>\n<p><strong>Important \u00e0 savoir<\/strong><br \/>\u2757 L\u2019entra\u00eenement visuel ne remplace pas des lunettes n\u00e9cessaires, mais les compl\u00e8te de mani\u00e8re judicieuse.<br \/>Cette information est destin\u00e9e \u00e0 l\u2019\u00e9ducation et ne remplace pas un examen ophtalmologique ou orthoptique.<\/p>\n<p><strong>Avez-vous des questions ?<\/strong><\/p>\n<p>Contactez-nous dans les centres pour une bonne vision de Roman Wagner ou prenez rendez-vous pour un examen de la vue avec analyse de la fonction visuelle pour votre enfant.<\/p>\n<p>[\/et_pb_cta][\/et_pb_column][\/et_pb_row][\/et_pb_section]<\/p>\n","protected":false},"excerpt":{"rendered":"<p>De nombreux parents se demandent pourquoi leur enfant, malgr\u00e9 une acuit\u00e9 visuelle normale, se fatigue rapidement en lisant, semble d\u00e9concentr\u00e9 ou se plaint de maux de t\u00eate et de douleurs oculaires. La cause ne r\u00e9side souvent pas dans l\u2019acuit\u00e9 visuelle, mais dans le fait que les yeux ne travaillent pas de mani\u00e8re optimale ensemble. <\/p>\n","protected":false},"author":1,"featured_media":6819,"comment_status":"closed","ping_status":"open","sticky":false,"template":"","format":"standard","meta":{"_et_pb_use_builder":"on","_et_pb_old_content":"","_et_gb_content_width":"","iawp_total_views":0,"footnotes":""},"categories":[161],"tags":[],"class_list":["post-6818","post","type-post","status-publish","format-standard","has-post-thumbnail","hentry","category-brouillon"],"yoast_head":"<!-- This site is optimized with the Yoast SEO plugin v27.4 - https:\/\/yoast.com\/product\/yoast-seo-wordpress\/ -->\n<title>Mieux lire &amp; travailler de mani\u00e8re plus concentr\u00e9e \u2013 comment l\u2019entra\u00eenement des muscles oculaires peut aider votre enfant - Roman Wagner<\/title>\n<meta name=\"robots\" content=\"index, follow, max-snippet:-1, max-image-preview:large, max-video-preview:-1\" \/>\n<link rel=\"canonical\" href=\"https:\/\/optik.roman-wagner.de\/fr\/2026\/02\/mieux-lire-travailler-de-maniere-plus-concentree-comment-lentrainement-des-muscles-oculaires-peut-aider-votre-enfant\/\" \/>\n<meta property=\"og:locale\" content=\"fr_FR\" \/>\n<meta property=\"og:type\" content=\"article\" \/>\n<meta property=\"og:title\" content=\"Mieux lire &amp; travailler de mani\u00e8re plus concentr\u00e9e \u2013 comment l\u2019entra\u00eenement des muscles oculaires peut aider votre enfant - Roman Wagner\" \/>\n<meta property=\"og:description\" content=\"De nombreux parents se demandent pourquoi leur enfant, malgr\u00e9 une acuit\u00e9 visuelle normale, se fatigue rapidement en lisant, semble d\u00e9concentr\u00e9 ou se plaint de maux de t\u00eate et de douleurs oculaires. La cause ne r\u00e9side souvent pas dans l\u2019acuit\u00e9 visuelle, mais dans le fait que les yeux ne travaillent pas de mani\u00e8re optimale ensemble.\" \/>\n<meta property=\"og:url\" content=\"https:\/\/optik.roman-wagner.de\/fr\/2026\/02\/mieux-lire-travailler-de-maniere-plus-concentree-comment-lentrainement-des-muscles-oculaires-peut-aider-votre-enfant\/\" \/>\n<meta property=\"og:site_name\" content=\"Roman Wagner\" \/>\n<meta property=\"article:publisher\" content=\"https:\/\/www.facebook.com\/romanwagner.optiker\" \/>\n<meta property=\"article:published_time\" content=\"2026-02-16T17:26:22+00:00\" \/>\n<meta property=\"article:modified_time\" content=\"2026-04-30T13:21:42+00:00\" \/>\n<meta property=\"og:image\" content=\"https:\/\/optik.roman-wagner.de\/wp-content\/uploads\/2026\/02\/Kinder-Augenmuskel-trainieren.jpg\" \/>\n\t<meta property=\"og:image:width\" content=\"1500\" \/>\n\t<meta property=\"og:image:height\" content=\"1000\" \/>\n\t<meta property=\"og:image:type\" content=\"image\/jpeg\" \/>\n<meta name=\"author\" content=\"RomanWagner\" \/>\n<meta name=\"twitter:card\" content=\"summary_large_image\" \/>\n<meta name=\"twitter:label1\" content=\"\u00c9crit par\" \/>\n\t<meta name=\"twitter:data1\" content=\"RomanWagner\" \/>\n\t<meta name=\"twitter:label2\" content=\"Dur\u00e9e de lecture estim\u00e9e\" \/>\n\t<meta name=\"twitter:data2\" content=\"7 minutes\" \/>\n<script type=\"application\/ld+json\" class=\"yoast-schema-graph\">{\"@context\":\"https:\\\/\\\/schema.org\",\"@graph\":[{\"@type\":\"Article\",\"@id\":\"https:\\\/\\\/optik.roman-wagner.de\\\/fr\\\/2026\\\/02\\\/mieux-lire-travailler-de-maniere-plus-concentree-comment-lentrainement-des-muscles-oculaires-peut-aider-votre-enfant\\\/#article\",\"isPartOf\":{\"@id\":\"https:\\\/\\\/optik.roman-wagner.de\\\/fr\\\/2026\\\/02\\\/mieux-lire-travailler-de-maniere-plus-concentree-comment-lentrainement-des-muscles-oculaires-peut-aider-votre-enfant\\\/\"},\"author\":{\"name\":\"RomanWagner\",\"@id\":\"https:\\\/\\\/optik.roman-wagner.de\\\/fr\\\/#\\\/schema\\\/person\\\/4a52051c9505d1f3da58c234985c6c2f\"},\"headline\":\"Mieux lire &amp; travailler de mani\u00e8re plus concentr\u00e9e \u2013 comment l\u2019entra\u00eenement des muscles oculaires peut aider votre enfant\",\"datePublished\":\"2026-02-16T17:26:22+00:00\",\"dateModified\":\"2026-04-30T13:21:42+00:00\",\"mainEntityOfPage\":{\"@id\":\"https:\\\/\\\/optik.roman-wagner.de\\\/fr\\\/2026\\\/02\\\/mieux-lire-travailler-de-maniere-plus-concentree-comment-lentrainement-des-muscles-oculaires-peut-aider-votre-enfant\\\/\"},\"wordCount\":1424,\"publisher\":{\"@id\":\"https:\\\/\\\/optik.roman-wagner.de\\\/fr\\\/#organization\"},\"image\":{\"@id\":\"https:\\\/\\\/optik.roman-wagner.de\\\/fr\\\/2026\\\/02\\\/mieux-lire-travailler-de-maniere-plus-concentree-comment-lentrainement-des-muscles-oculaires-peut-aider-votre-enfant\\\/#primaryimage\"},\"thumbnailUrl\":\"https:\\\/\\\/optik.roman-wagner.de\\\/wp-content\\\/uploads\\\/2026\\\/02\\\/Kinder-Augenmuskel-trainieren.jpg\",\"articleSection\":[\"Brouillon\"],\"inLanguage\":\"fr-FR\"},{\"@type\":\"WebPage\",\"@id\":\"https:\\\/\\\/optik.roman-wagner.de\\\/fr\\\/2026\\\/02\\\/mieux-lire-travailler-de-maniere-plus-concentree-comment-lentrainement-des-muscles-oculaires-peut-aider-votre-enfant\\\/\",\"url\":\"https:\\\/\\\/optik.roman-wagner.de\\\/fr\\\/2026\\\/02\\\/mieux-lire-travailler-de-maniere-plus-concentree-comment-lentrainement-des-muscles-oculaires-peut-aider-votre-enfant\\\/\",\"name\":\"Mieux lire &amp; travailler de mani\u00e8re plus concentr\u00e9e \u2013 comment l\u2019entra\u00eenement des muscles oculaires peut aider votre enfant - Roman Wagner\",\"isPartOf\":{\"@id\":\"https:\\\/\\\/optik.roman-wagner.de\\\/fr\\\/#website\"},\"primaryImageOfPage\":{\"@id\":\"https:\\\/\\\/optik.roman-wagner.de\\\/fr\\\/2026\\\/02\\\/mieux-lire-travailler-de-maniere-plus-concentree-comment-lentrainement-des-muscles-oculaires-peut-aider-votre-enfant\\\/#primaryimage\"},\"image\":{\"@id\":\"https:\\\/\\\/optik.roman-wagner.de\\\/fr\\\/2026\\\/02\\\/mieux-lire-travailler-de-maniere-plus-concentree-comment-lentrainement-des-muscles-oculaires-peut-aider-votre-enfant\\\/#primaryimage\"},\"thumbnailUrl\":\"https:\\\/\\\/optik.roman-wagner.de\\\/wp-content\\\/uploads\\\/2026\\\/02\\\/Kinder-Augenmuskel-trainieren.jpg\",\"datePublished\":\"2026-02-16T17:26:22+00:00\",\"dateModified\":\"2026-04-30T13:21:42+00:00\",\"breadcrumb\":{\"@id\":\"https:\\\/\\\/optik.roman-wagner.de\\\/fr\\\/2026\\\/02\\\/mieux-lire-travailler-de-maniere-plus-concentree-comment-lentrainement-des-muscles-oculaires-peut-aider-votre-enfant\\\/#breadcrumb\"},\"inLanguage\":\"fr-FR\",\"potentialAction\":[{\"@type\":\"ReadAction\",\"target\":[\"https:\\\/\\\/optik.roman-wagner.de\\\/fr\\\/2026\\\/02\\\/mieux-lire-travailler-de-maniere-plus-concentree-comment-lentrainement-des-muscles-oculaires-peut-aider-votre-enfant\\\/\"]}]},{\"@type\":\"ImageObject\",\"inLanguage\":\"fr-FR\",\"@id\":\"https:\\\/\\\/optik.roman-wagner.de\\\/fr\\\/2026\\\/02\\\/mieux-lire-travailler-de-maniere-plus-concentree-comment-lentrainement-des-muscles-oculaires-peut-aider-votre-enfant\\\/#primaryimage\",\"url\":\"https:\\\/\\\/optik.roman-wagner.de\\\/wp-content\\\/uploads\\\/2026\\\/02\\\/Kinder-Augenmuskel-trainieren.jpg\",\"contentUrl\":\"https:\\\/\\\/optik.roman-wagner.de\\\/wp-content\\\/uploads\\\/2026\\\/02\\\/Kinder-Augenmuskel-trainieren.jpg\",\"width\":1500,\"height\":1000,\"caption\":\"Entra\u00eenement visuel pour enfants\"},{\"@type\":\"BreadcrumbList\",\"@id\":\"https:\\\/\\\/optik.roman-wagner.de\\\/fr\\\/2026\\\/02\\\/mieux-lire-travailler-de-maniere-plus-concentree-comment-lentrainement-des-muscles-oculaires-peut-aider-votre-enfant\\\/#breadcrumb\",\"itemListElement\":[{\"@type\":\"ListItem\",\"position\":1,\"name\":\"Startseite\",\"item\":\"https:\\\/\\\/optik.roman-wagner.de\\\/fr\\\/centres-pour-une-bonne-vision\\\/\"},{\"@type\":\"ListItem\",\"position\":2,\"name\":\"Mieux lire &amp; travailler de mani\u00e8re plus concentr\u00e9e \u2013 comment l\u2019entra\u00eenement des muscles oculaires peut aider votre enfant\"}]},{\"@type\":\"WebSite\",\"@id\":\"https:\\\/\\\/optik.roman-wagner.de\\\/fr\\\/#website\",\"url\":\"https:\\\/\\\/optik.roman-wagner.de\\\/fr\\\/\",\"name\":\"Der Augenoptiker Roman Wagner\",\"description\":\"Zentren f\u00fcr gutes Sehen\",\"publisher\":{\"@id\":\"https:\\\/\\\/optik.roman-wagner.de\\\/fr\\\/#organization\"},\"potentialAction\":[{\"@type\":\"SearchAction\",\"target\":{\"@type\":\"EntryPoint\",\"urlTemplate\":\"https:\\\/\\\/optik.roman-wagner.de\\\/fr\\\/?s={search_term_string}\"},\"query-input\":{\"@type\":\"PropertyValueSpecification\",\"valueRequired\":true,\"valueName\":\"search_term_string\"}}],\"inLanguage\":\"fr-FR\"},{\"@type\":\"Organization\",\"@id\":\"https:\\\/\\\/optik.roman-wagner.de\\\/fr\\\/#organization\",\"name\":\"Der Augenoptiker Roman Wagner\",\"url\":\"https:\\\/\\\/optik.roman-wagner.de\\\/fr\\\/\",\"logo\":{\"@type\":\"ImageObject\",\"inLanguage\":\"fr-FR\",\"@id\":\"https:\\\/\\\/optik.roman-wagner.de\\\/fr\\\/#\\\/schema\\\/logo\\\/image\\\/\",\"url\":\"https:\\\/\\\/optik.roman-wagner.de\\\/wp-content\\\/uploads\\\/2019\\\/11\\\/Logo-RW-quadrat.jpg\",\"contentUrl\":\"https:\\\/\\\/optik.roman-wagner.de\\\/wp-content\\\/uploads\\\/2019\\\/11\\\/Logo-RW-quadrat.jpg\",\"width\":488,\"height\":479,\"caption\":\"Der Augenoptiker Roman Wagner\"},\"image\":{\"@id\":\"https:\\\/\\\/optik.roman-wagner.de\\\/fr\\\/#\\\/schema\\\/logo\\\/image\\\/\"},\"sameAs\":[\"https:\\\/\\\/www.facebook.com\\\/romanwagner.optiker\",\"https:\\\/\\\/www.instagram.com\\\/romanwagner.optiker\\\/\",\"https:\\\/\\\/www.youtube.com\\\/channel\\\/UCIHnCII9jl34mZG08gXgG6A\"]},{\"@type\":\"Person\",\"@id\":\"https:\\\/\\\/optik.roman-wagner.de\\\/fr\\\/#\\\/schema\\\/person\\\/4a52051c9505d1f3da58c234985c6c2f\",\"name\":\"RomanWagner\",\"image\":{\"@type\":\"ImageObject\",\"inLanguage\":\"fr-FR\",\"@id\":\"https:\\\/\\\/secure.gravatar.com\\\/avatar\\\/e6c57eb4a35b8245e2d2f86a3e023a8642987475df645a50407f34b4addef3fb?s=96&d=mm&r=g\",\"url\":\"https:\\\/\\\/secure.gravatar.com\\\/avatar\\\/e6c57eb4a35b8245e2d2f86a3e023a8642987475df645a50407f34b4addef3fb?s=96&d=mm&r=g\",\"contentUrl\":\"https:\\\/\\\/secure.gravatar.com\\\/avatar\\\/e6c57eb4a35b8245e2d2f86a3e023a8642987475df645a50407f34b4addef3fb?s=96&d=mm&r=g\",\"caption\":\"RomanWagner\"},\"url\":\"https:\\\/\\\/optik.roman-wagner.de\\\/fr\\\/author\\\/romanwagner\\\/\"}]}<\/script>\n<!-- \/ Yoast SEO plugin. -->","yoast_head_json":{"title":"Mieux lire &amp; travailler de mani\u00e8re plus concentr\u00e9e \u2013 comment l\u2019entra\u00eenement des muscles oculaires peut aider votre enfant - Roman Wagner","robots":{"index":"index","follow":"follow","max-snippet":"max-snippet:-1","max-image-preview":"max-image-preview:large","max-video-preview":"max-video-preview:-1"},"canonical":"https:\/\/optik.roman-wagner.de\/fr\/2026\/02\/mieux-lire-travailler-de-maniere-plus-concentree-comment-lentrainement-des-muscles-oculaires-peut-aider-votre-enfant\/","og_locale":"fr_FR","og_type":"article","og_title":"Mieux lire &amp; travailler de mani\u00e8re plus concentr\u00e9e \u2013 comment l\u2019entra\u00eenement des muscles oculaires peut aider votre enfant - Roman Wagner","og_description":"De nombreux parents se demandent pourquoi leur enfant, malgr\u00e9 une acuit\u00e9 visuelle normale, se fatigue rapidement en lisant, semble d\u00e9concentr\u00e9 ou se plaint de maux de t\u00eate et de douleurs oculaires. La cause ne r\u00e9side souvent pas dans l\u2019acuit\u00e9 visuelle, mais dans le fait que les yeux ne travaillent pas de mani\u00e8re optimale ensemble.","og_url":"https:\/\/optik.roman-wagner.de\/fr\/2026\/02\/mieux-lire-travailler-de-maniere-plus-concentree-comment-lentrainement-des-muscles-oculaires-peut-aider-votre-enfant\/","og_site_name":"Roman Wagner","article_publisher":"https:\/\/www.facebook.com\/romanwagner.optiker","article_published_time":"2026-02-16T17:26:22+00:00","article_modified_time":"2026-04-30T13:21:42+00:00","og_image":[{"width":1500,"height":1000,"url":"https:\/\/optik.roman-wagner.de\/wp-content\/uploads\/2026\/02\/Kinder-Augenmuskel-trainieren.jpg","type":"image\/jpeg"}],"author":"RomanWagner","twitter_card":"summary_large_image","twitter_misc":{"\u00c9crit par":"RomanWagner","Dur\u00e9e de lecture estim\u00e9e":"7 minutes"},"schema":{"@context":"https:\/\/schema.org","@graph":[{"@type":"Article","@id":"https:\/\/optik.roman-wagner.de\/fr\/2026\/02\/mieux-lire-travailler-de-maniere-plus-concentree-comment-lentrainement-des-muscles-oculaires-peut-aider-votre-enfant\/#article","isPartOf":{"@id":"https:\/\/optik.roman-wagner.de\/fr\/2026\/02\/mieux-lire-travailler-de-maniere-plus-concentree-comment-lentrainement-des-muscles-oculaires-peut-aider-votre-enfant\/"},"author":{"name":"RomanWagner","@id":"https:\/\/optik.roman-wagner.de\/fr\/#\/schema\/person\/4a52051c9505d1f3da58c234985c6c2f"},"headline":"Mieux lire &amp; travailler de mani\u00e8re plus concentr\u00e9e \u2013 comment l\u2019entra\u00eenement des muscles oculaires peut aider votre enfant","datePublished":"2026-02-16T17:26:22+00:00","dateModified":"2026-04-30T13:21:42+00:00","mainEntityOfPage":{"@id":"https:\/\/optik.roman-wagner.de\/fr\/2026\/02\/mieux-lire-travailler-de-maniere-plus-concentree-comment-lentrainement-des-muscles-oculaires-peut-aider-votre-enfant\/"},"wordCount":1424,"publisher":{"@id":"https:\/\/optik.roman-wagner.de\/fr\/#organization"},"image":{"@id":"https:\/\/optik.roman-wagner.de\/fr\/2026\/02\/mieux-lire-travailler-de-maniere-plus-concentree-comment-lentrainement-des-muscles-oculaires-peut-aider-votre-enfant\/#primaryimage"},"thumbnailUrl":"https:\/\/optik.roman-wagner.de\/wp-content\/uploads\/2026\/02\/Kinder-Augenmuskel-trainieren.jpg","articleSection":["Brouillon"],"inLanguage":"fr-FR"},{"@type":"WebPage","@id":"https:\/\/optik.roman-wagner.de\/fr\/2026\/02\/mieux-lire-travailler-de-maniere-plus-concentree-comment-lentrainement-des-muscles-oculaires-peut-aider-votre-enfant\/","url":"https:\/\/optik.roman-wagner.de\/fr\/2026\/02\/mieux-lire-travailler-de-maniere-plus-concentree-comment-lentrainement-des-muscles-oculaires-peut-aider-votre-enfant\/","name":"Mieux lire &amp; travailler de mani\u00e8re plus concentr\u00e9e \u2013 comment l\u2019entra\u00eenement des muscles oculaires peut aider votre enfant - Roman Wagner","isPartOf":{"@id":"https:\/\/optik.roman-wagner.de\/fr\/#website"},"primaryImageOfPage":{"@id":"https:\/\/optik.roman-wagner.de\/fr\/2026\/02\/mieux-lire-travailler-de-maniere-plus-concentree-comment-lentrainement-des-muscles-oculaires-peut-aider-votre-enfant\/#primaryimage"},"image":{"@id":"https:\/\/optik.roman-wagner.de\/fr\/2026\/02\/mieux-lire-travailler-de-maniere-plus-concentree-comment-lentrainement-des-muscles-oculaires-peut-aider-votre-enfant\/#primaryimage"},"thumbnailUrl":"https:\/\/optik.roman-wagner.de\/wp-content\/uploads\/2026\/02\/Kinder-Augenmuskel-trainieren.jpg","datePublished":"2026-02-16T17:26:22+00:00","dateModified":"2026-04-30T13:21:42+00:00","breadcrumb":{"@id":"https:\/\/optik.roman-wagner.de\/fr\/2026\/02\/mieux-lire-travailler-de-maniere-plus-concentree-comment-lentrainement-des-muscles-oculaires-peut-aider-votre-enfant\/#breadcrumb"},"inLanguage":"fr-FR","potentialAction":[{"@type":"ReadAction","target":["https:\/\/optik.roman-wagner.de\/fr\/2026\/02\/mieux-lire-travailler-de-maniere-plus-concentree-comment-lentrainement-des-muscles-oculaires-peut-aider-votre-enfant\/"]}]},{"@type":"ImageObject","inLanguage":"fr-FR","@id":"https:\/\/optik.roman-wagner.de\/fr\/2026\/02\/mieux-lire-travailler-de-maniere-plus-concentree-comment-lentrainement-des-muscles-oculaires-peut-aider-votre-enfant\/#primaryimage","url":"https:\/\/optik.roman-wagner.de\/wp-content\/uploads\/2026\/02\/Kinder-Augenmuskel-trainieren.jpg","contentUrl":"https:\/\/optik.roman-wagner.de\/wp-content\/uploads\/2026\/02\/Kinder-Augenmuskel-trainieren.jpg","width":1500,"height":1000,"caption":"Entra\u00eenement visuel pour enfants"},{"@type":"BreadcrumbList","@id":"https:\/\/optik.roman-wagner.de\/fr\/2026\/02\/mieux-lire-travailler-de-maniere-plus-concentree-comment-lentrainement-des-muscles-oculaires-peut-aider-votre-enfant\/#breadcrumb","itemListElement":[{"@type":"ListItem","position":1,"name":"Startseite","item":"https:\/\/optik.roman-wagner.de\/fr\/centres-pour-une-bonne-vision\/"},{"@type":"ListItem","position":2,"name":"Mieux lire &amp; travailler de mani\u00e8re plus concentr\u00e9e \u2013 comment l\u2019entra\u00eenement des muscles oculaires peut aider votre enfant"}]},{"@type":"WebSite","@id":"https:\/\/optik.roman-wagner.de\/fr\/#website","url":"https:\/\/optik.roman-wagner.de\/fr\/","name":"Der Augenoptiker Roman Wagner","description":"Zentren f\u00fcr gutes Sehen","publisher":{"@id":"https:\/\/optik.roman-wagner.de\/fr\/#organization"},"potentialAction":[{"@type":"SearchAction","target":{"@type":"EntryPoint","urlTemplate":"https:\/\/optik.roman-wagner.de\/fr\/?s={search_term_string}"},"query-input":{"@type":"PropertyValueSpecification","valueRequired":true,"valueName":"search_term_string"}}],"inLanguage":"fr-FR"},{"@type":"Organization","@id":"https:\/\/optik.roman-wagner.de\/fr\/#organization","name":"Der Augenoptiker Roman Wagner","url":"https:\/\/optik.roman-wagner.de\/fr\/","logo":{"@type":"ImageObject","inLanguage":"fr-FR","@id":"https:\/\/optik.roman-wagner.de\/fr\/#\/schema\/logo\/image\/","url":"https:\/\/optik.roman-wagner.de\/wp-content\/uploads\/2019\/11\/Logo-RW-quadrat.jpg","contentUrl":"https:\/\/optik.roman-wagner.de\/wp-content\/uploads\/2019\/11\/Logo-RW-quadrat.jpg","width":488,"height":479,"caption":"Der Augenoptiker Roman Wagner"},"image":{"@id":"https:\/\/optik.roman-wagner.de\/fr\/#\/schema\/logo\/image\/"},"sameAs":["https:\/\/www.facebook.com\/romanwagner.optiker","https:\/\/www.instagram.com\/romanwagner.optiker\/","https:\/\/www.youtube.com\/channel\/UCIHnCII9jl34mZG08gXgG6A"]},{"@type":"Person","@id":"https:\/\/optik.roman-wagner.de\/fr\/#\/schema\/person\/4a52051c9505d1f3da58c234985c6c2f","name":"RomanWagner","image":{"@type":"ImageObject","inLanguage":"fr-FR","@id":"https:\/\/secure.gravatar.com\/avatar\/e6c57eb4a35b8245e2d2f86a3e023a8642987475df645a50407f34b4addef3fb?s=96&d=mm&r=g","url":"https:\/\/secure.gravatar.com\/avatar\/e6c57eb4a35b8245e2d2f86a3e023a8642987475df645a50407f34b4addef3fb?s=96&d=mm&r=g","contentUrl":"https:\/\/secure.gravatar.com\/avatar\/e6c57eb4a35b8245e2d2f86a3e023a8642987475df645a50407f34b4addef3fb?s=96&d=mm&r=g","caption":"RomanWagner"},"url":"https:\/\/optik.roman-wagner.de\/fr\/author\/romanwagner\/"}]}},"_links":{"self":[{"href":"https:\/\/optik.roman-wagner.de\/fr\/wp-json\/wp\/v2\/posts\/6818","targetHints":{"allow":["GET"]}}],"collection":[{"href":"https:\/\/optik.roman-wagner.de\/fr\/wp-json\/wp\/v2\/posts"}],"about":[{"href":"https:\/\/optik.roman-wagner.de\/fr\/wp-json\/wp\/v2\/types\/post"}],"author":[{"embeddable":true,"href":"https:\/\/optik.roman-wagner.de\/fr\/wp-json\/wp\/v2\/users\/1"}],"replies":[{"embeddable":true,"href":"https:\/\/optik.roman-wagner.de\/fr\/wp-json\/wp\/v2\/comments?post=6818"}],"version-history":[{"count":2,"href":"https:\/\/optik.roman-wagner.de\/fr\/wp-json\/wp\/v2\/posts\/6818\/revisions"}],"predecessor-version":[{"id":6821,"href":"https:\/\/optik.roman-wagner.de\/fr\/wp-json\/wp\/v2\/posts\/6818\/revisions\/6821"}],"wp:featuredmedia":[{"embeddable":true,"href":"https:\/\/optik.roman-wagner.de\/fr\/wp-json\/wp\/v2\/media\/6819"}],"wp:attachment":[{"href":"https:\/\/optik.roman-wagner.de\/fr\/wp-json\/wp\/v2\/media?parent=6818"}],"wp:term":[{"taxonomy":"category","embeddable":true,"href":"https:\/\/optik.roman-wagner.de\/fr\/wp-json\/wp\/v2\/categories?post=6818"},{"taxonomy":"post_tag","embeddable":true,"href":"https:\/\/optik.roman-wagner.de\/fr\/wp-json\/wp\/v2\/tags?post=6818"}],"curies":[{"name":"wp","href":"https:\/\/api.w.org\/{rel}","templated":true}]}}