{"id":6760,"date":"2026-03-23T10:04:08","date_gmt":"2026-03-23T09:04:08","guid":{"rendered":"https:\/\/optik.roman-wagner.de\/2026\/03\/top-100-opticiens-pour-la-11e-fois-consecutive\/"},"modified":"2026-04-30T15:18:58","modified_gmt":"2026-04-30T13:18:58","slug":"top-100-opticiens-pour-la-11e-fois-consecutive","status":"publish","type":"post","link":"https:\/\/optik.roman-wagner.de\/fr\/2026\/03\/top-100-opticiens-pour-la-11e-fois-consecutive\/","title":{"rendered":"Top 100 Opticiens &#8211; pour la 11e fois cons\u00e9cutive"},"content":{"rendered":"\n[et_pb_section fb_built=\u00a0\u00bb1&Prime; _builder_version=\u00a0\u00bb4.25.1&Prime; custom_margin=\u00a0\u00bb130px||||false|false\u00a0\u00bb custom_margin_tablet=\u00a0\u00bb130px||||false|false\u00a0\u00bb custom_margin_phone=\u00a0\u00bb70px||||false|false\u00a0\u00bb custom_margin_last_edited=\u00a0\u00bbon|phone\u00a0\u00bb custom_padding=\u00a0\u00bb0px||4px||false|false\u00a0\u00bb da_disable_devices=\u00a0\u00bboff|off|off\u00a0\u00bb global_colors_info=\u00a0\u00bb{}\u00a0\u00bb da_is_popup=\u00a0\u00bboff\u00a0\u00bb da_exit_intent=\u00a0\u00bboff\u00a0\u00bb da_has_close=\u00a0\u00bbon\u00a0\u00bb da_alt_close=\u00a0\u00bboff\u00a0\u00bb da_dark_close=\u00a0\u00bboff\u00a0\u00bb da_not_modal=\u00a0\u00bbon\u00a0\u00bb da_is_singular=\u00a0\u00bboff\u00a0\u00bb da_with_loader=\u00a0\u00bboff\u00a0\u00bb da_has_shadow=\u00a0\u00bbon\u00a0\u00bb][et_pb_row _builder_version=\u00a0\u00bb4.16&Prime; custom_padding=\u00a0\u00bb6px||9px|||\u00a0\u00bb global_colors_info=\u00a0\u00bb{}\u00a0\u00bb][et_pb_column type=\u00a0\u00bb4_4&Prime; _builder_version=\u00a0\u00bb4.16&Prime; global_colors_info=\u00a0\u00bb{}\u00a0\u00bb][et_pb_text _builder_version=\u00a0\u00bb4.27.4&Prime; custom_margin=\u00a0\u00bb24px|40px||40px|false|false\u00a0\u00bb custom_padding=\u00a0\u00bb||18px|||\u00a0\u00bb hover_enabled=\u00a0\u00bb0&Prime; global_colors_info=\u00a0\u00bb{}\u00a0\u00bb sticky_enabled=\u00a0\u00bb0&Prime;]<h1 style=\"text-align: center;\"><strong>Top 100 Opticiens &#8211; pour la 11e fois cons\u00e9cutive<\/strong><\/h1>\n<p style=\"text-align: center;\">11e distinction cons\u00e9cutive pour notre magasin d&rsquo;optique \u00e0 Schweich.<\/p>\n<p style=\"text-align: center;\">[\/et_pb_text][\/et_pb_column][\/et_pb_row][\/et_pb_section][et_pb_section fb_built=\u00a0\u00bb1&Prime; _builder_version=\u00a0\u00bb4.16&Prime; custom_padding=\u00a0\u00bb3px||10px|||\u00a0\u00bb da_disable_devices=\u00a0\u00bboff|off|off\u00a0\u00bb global_colors_info=\u00a0\u00bb{}\u00a0\u00bb da_is_popup=\u00a0\u00bboff\u00a0\u00bb da_exit_intent=\u00a0\u00bboff\u00a0\u00bb da_has_close=\u00a0\u00bbon\u00a0\u00bb da_alt_close=\u00a0\u00bboff\u00a0\u00bb da_dark_close=\u00a0\u00bboff\u00a0\u00bb da_not_modal=\u00a0\u00bbon\u00a0\u00bb da_is_singular=\u00a0\u00bboff\u00a0\u00bb da_with_loader=\u00a0\u00bboff\u00a0\u00bb da_has_shadow=\u00a0\u00bbon\u00a0\u00bb][et_pb_row column_structure=\u00a0\u00bb1_2,1_2&Prime; make_equal=\u00a0\u00bbon\u00a0\u00bb _builder_version=\u00a0\u00bb4.23.4&Prime; custom_padding=\u00a0\u00bb4px||11px|||\u00a0\u00bb global_colors_info=\u00a0\u00bb{}\u00a0\u00bb][et_pb_column type=\u00a0\u00bb1_2&Prime; _builder_version=\u00a0\u00bb4.16&Prime; global_colors_info=\u00a0\u00bb{}\u00a0\u00bb][et_pb_image src=\u00a0\u00bbhttps:\/\/optik.roman-wagner.de\/wp-content\/uploads\/2026\/03\/2026_Roman_Wagner_Top100.jpg\u00a0\u00bb alt=\u00a0\u00bbPhoto de groupe distinction Top 100 Opticiens 2026&Prime; title_text=\u00a0\u00bb2026_Roman_Wagner_Top100&Prime; align=\u00a0\u00bbcenter\u00a0\u00bb _builder_version=\u00a0\u00bb4.27.4&Prime; custom_margin=\u00a0\u00bb||27px|||\u00a0\u00bb box_shadow_style=\u00a0\u00bbpreset2&Prime; global_colors_info=\u00a0\u00bb{}\u00a0\u00bb][\/et_pb_image][et_pb_text _builder_version=\u00a0\u00bb4.27.4&Prime; _module_preset=\u00a0\u00bbdefault\u00a0\u00bb hover_enabled=\u00a0\u00bb0&Prime; sticky_enabled=\u00a0\u00bb0&Prime;]<p>Sur la photo de gauche \u00e0 droite : Stefan Wies, Roman Wagner, Wigald Boning et Andreas Konz<\/p>[\/et_pb_text][\/et_pb_column][et_pb_column type=\u00a0\u00bb1_2&Prime; _builder_version=\u00a0\u00bb4.23.4&Prime; global_colors_info=\u00a0\u00bb{}\u00a0\u00bb][et_pb_cta title=\u00a0\u00bbLa distinction\u00a0\u00bb url_new_window=\u00a0\u00bbon\u00a0\u00bb _builder_version=\u00a0\u00bb4.27.4&Prime; header_text_align=\u00a0\u00bbleft\u00a0\u00bb header_text_color=\u00a0\u00bb#000000&Prime; body_text_color=\u00a0\u00bb#686868&Prime; background_color=\u00a0\u00bb#ffffff\u00a0\u00bb custom_button=\u00a0\u00bbon\u00a0\u00bb button_text_color=\u00a0\u00bb#0084d7&Prime; button_alignment=\u00a0\u00bbleft\u00a0\u00bb custom_padding=\u00a0\u00bb0px||||false|false\u00a0\u00bb hover_enabled=\u00a0\u00bb0&Prime; global_colors_info=\u00a0\u00bb{}\u00a0\u00bb sticky_enabled=\u00a0\u00bb0&Prime;]<p style=\"text-align: left;\">D\u00e9but mars 2026, les <strong>TOP 100 Opticiens 2026\/2027<\/strong> ont \u00e9t\u00e9 r\u00e9compens\u00e9s lors d&rsquo;un gala festif \u00e0 D\u00fcsseldorf. En tant que parrain de l&rsquo;\u00e9v\u00e9nement, le c\u00e9l\u00e8bre animateur, auteur et laur\u00e9at des prix Bambi et Grimme, Wigald Boning, a honor\u00e9 personnellement les laur\u00e9ats et leur a remis la distinction. <\/p>\n<p style=\"text-align: left;\">\u00c0 Schweich, \u00ab L&rsquo;opticien Roman Wagner \u00bb fait partie de ce cercle exclusif de la profession. Le propri\u00e9taire Roman Wagner est fier de cette distinction et de cette performance particuli\u00e8res qu&rsquo;il a obtenues avec ses collaborateurs. D&rsquo;autant plus que l&rsquo;entreprise re\u00e7oit ce prix pour la onzi\u00e8me fois cons\u00e9cutive depuis 2006.  <\/p>\n<p style=\"text-align: left;\">La s\u00e9lection des Top 100 Opticiens s&rsquo;effectue selon une proc\u00e9dure de concours ind\u00e9pendante en plusieurs \u00e9tapes. L&rsquo;institut BGW pour l&rsquo;\u00e9tude de march\u00e9 innovante \u00e0 D\u00fcsseldorf est responsable de la mise en \u0153uvre m\u00e9thodologique, soutenu par un jury ind\u00e9pendant issu des domaines de la gestion d&rsquo;entreprise, de l&rsquo;\u00e9tude de march\u00e9 et du marketing. <\/p>\n<p style=\"text-align: left;\">L&rsquo;\u00e9valuation repose sur un questionnaire complet permettant aux entreprises participantes de d\u00e9montrer leur performance, leur orientation entrepreneuriale ainsi que leur orientation client coh\u00e9rente. L&rsquo;auto-\u00e9valuation est compl\u00e9t\u00e9e par des achats tests anonymes, des visites d&rsquo;\u00e9tablissement ainsi que des observations structur\u00e9es sur place. Cette m\u00e9thode permet d&rsquo;\u00e9tablir une comparaison \u00e9quitable, critique et pratique de tous les candidats. La distinction TOP 100 Opticiens est exclusivement attribu\u00e9e aux entreprises qui obtiennent des r\u00e9sultats sup\u00e9rieurs \u00e0 la moyenne dans tous les domaines d&rsquo;\u00e9valuation. Ceux-ci comprennent :    <\/p>\n\n<ul style=\"text-align: left;\">\n\t<li style=\"text-align: left;\">Orientation client et information client<\/li>\n\t<li style=\"text-align: left;\">Orientation collaborateurs<\/li>\n\t<li style=\"text-align: left;\">Orientation march\u00e9 et gestion d&rsquo;entreprise<\/li>\n\t<li style=\"text-align: left;\">Am\u00e9nagement du magasin et qualit\u00e9 de service<\/li>\n<\/ul>\n<p style=\"text-align: left;\">Les \u00e9tablissements distingu\u00e9s convainquent par un haut niveau d&rsquo;attention personnelle, de disponibilit\u00e9 au service et une gestion d&rsquo;entreprise r\u00e9solument orient\u00e9e vers le client.<\/p>\n<p style=\"text-align: left;\">En tant que porteur de lunettes de longue date, Wigald Boning s&rsquo;est montr\u00e9 impressionn\u00e9 par l&rsquo;engagement des \u00e9tablissements distingu\u00e9s. Il a soulign\u00e9 que les TOP 100 Opticiens convainquent de mani\u00e8re remarquable par un service excellent, une approche personnelle et une orientation client v\u00e9cue. <\/p>\n<p style=\"text-align: left;\">Pour le propri\u00e9taire Roman Wagner, cette nouvelle distinction est \u00e0 la fois une reconnaissance et une motivation : \u00ab Notre objectif est de continuer \u00e0 offrir \u00e0 nos clients la plus haute qualit\u00e9 et un service personnalis\u00e9, et de d\u00e9velopper encore davantage cette exigence de qualit\u00e9 \u00e9lev\u00e9e. \u00bb<\/p>\n<p style=\"text-align: left;\">Naturellement, les crit\u00e8res de qualit\u00e9 et de service test\u00e9s sont la norme dans tous les centres pour une bonne vision de Roman Wagner. <\/p>[\/et_pb_cta][\/et_pb_column][\/et_pb_row][\/et_pb_section][et_pb_section fb_built=\u00a0\u00bb1&Prime; _builder_version=\u00a0\u00bb4.0.7&Prime; custom_padding=\u00a0\u00bb5px||6px|||\u00a0\u00bb da_disable_devices=\u00a0\u00bboff|off|off\u00a0\u00bb global_module=\u00a0\u00bb184&Prime; saved_tabs=\u00a0\u00bball\u00a0\u00bb global_colors_info=\u00a0\u00bb{}\u00a0\u00bb da_is_popup=\u00a0\u00bboff\u00a0\u00bb da_exit_intent=\u00a0\u00bboff\u00a0\u00bb da_has_close=\u00a0\u00bbon\u00a0\u00bb da_alt_close=\u00a0\u00bboff\u00a0\u00bb da_dark_close=\u00a0\u00bboff\u00a0\u00bb da_not_modal=\u00a0\u00bbon\u00a0\u00bb da_is_singular=\u00a0\u00bboff\u00a0\u00bb da_with_loader=\u00a0\u00bboff\u00a0\u00bb da_has_shadow=\u00a0\u00bbon\u00a0\u00bb][\/et_pb_section]\n","protected":false},"excerpt":{"rendered":"<p>D\u00e9but mars 2026, les TOP 100 Opticiens 2026\/2027 ont \u00e9t\u00e9 r\u00e9compens\u00e9s lors d&rsquo;un gala festif \u00e0 D\u00fcsseldorf. En tant que parrain de l&rsquo;\u00e9v\u00e9nement, le c\u00e9l\u00e8bre animateur, auteur et laur\u00e9at des prix Bambi et Grimme, Wigald Boning, a honor\u00e9 personnellement les laur\u00e9ats et leur a remis la distinction. <\/p>\n","protected":false},"author":1,"featured_media":6761,"comment_status":"closed","ping_status":"open","sticky":false,"template":"","format":"standard","meta":{"_et_pb_use_builder":"on","_et_pb_old_content":"","_et_gb_content_width":"","iawp_total_views":0,"footnotes":""},"categories":[140],"tags":[154,155,152,153],"class_list":["post-6760","post","type-post","status-publish","format-standard","has-post-thumbnail","hentry","category-non-classe","tag-distinction","tag-opticien","tag-roman-wagner","tag-top-100-opticiens"],"yoast_head":"<!-- This site is optimized with the Yoast SEO plugin v27.4 - https:\/\/yoast.com\/product\/yoast-seo-wordpress\/ -->\n<title>Top 100 Opticiens - pour la 11e fois cons\u00e9cutive - Roman Wagner<\/title>\n<meta name=\"description\" content=\"L&#039;opticien Roman Wagner \u00e0 Schweich a \u00e9t\u00e9 distingu\u00e9 pour la 11e fois cons\u00e9cutive comme Top 100 Opticiens 2026\/2027.\" \/>\n<meta name=\"robots\" content=\"index, follow, max-snippet:-1, max-image-preview:large, max-video-preview:-1\" \/>\n<link rel=\"canonical\" href=\"https:\/\/optik.roman-wagner.de\/fr\/2026\/03\/top-100-opticiens-pour-la-11e-fois-consecutive\/\" \/>\n<meta property=\"og:locale\" content=\"fr_FR\" \/>\n<meta property=\"og:type\" content=\"article\" \/>\n<meta property=\"og:title\" content=\"Top 100 Opticiens - pour la 11e fois cons\u00e9cutive - Roman Wagner\" \/>\n<meta property=\"og:description\" content=\"L&#039;opticien Roman Wagner \u00e0 Schweich a \u00e9t\u00e9 distingu\u00e9 pour la 11e fois cons\u00e9cutive comme Top 100 Opticiens 2026\/2027.\" \/>\n<meta property=\"og:url\" content=\"https:\/\/optik.roman-wagner.de\/fr\/2026\/03\/top-100-opticiens-pour-la-11e-fois-consecutive\/\" \/>\n<meta property=\"og:site_name\" content=\"Roman Wagner\" \/>\n<meta property=\"article:publisher\" content=\"https:\/\/www.facebook.com\/romanwagner.optiker\" \/>\n<meta property=\"article:published_time\" content=\"2026-03-23T09:04:08+00:00\" \/>\n<meta property=\"article:modified_time\" content=\"2026-04-30T13:18:58+00:00\" \/>\n<meta property=\"og:image\" content=\"https:\/\/optik.roman-wagner.de\/wp-content\/uploads\/2026\/03\/2026_Roman_Wagner_Top100.jpg\" \/>\n\t<meta property=\"og:image:width\" content=\"1000\" \/>\n\t<meta property=\"og:image:height\" content=\"752\" \/>\n\t<meta property=\"og:image:type\" content=\"image\/jpeg\" \/>\n<meta name=\"author\" content=\"RomanWagner\" \/>\n<meta name=\"twitter:card\" content=\"summary_large_image\" \/>\n<meta name=\"twitter:label1\" content=\"\u00c9crit par\" \/>\n\t<meta name=\"twitter:data1\" content=\"RomanWagner\" \/>\n\t<meta name=\"twitter:label2\" content=\"Dur\u00e9e de lecture estim\u00e9e\" \/>\n\t<meta name=\"twitter:data2\" content=\"4 minutes\" \/>\n<script type=\"application\/ld+json\" class=\"yoast-schema-graph\">{\"@context\":\"https:\\\/\\\/schema.org\",\"@graph\":[{\"@type\":\"Article\",\"@id\":\"https:\\\/\\\/optik.roman-wagner.de\\\/fr\\\/2026\\\/03\\\/top-100-opticiens-pour-la-11e-fois-consecutive\\\/#article\",\"isPartOf\":{\"@id\":\"https:\\\/\\\/optik.roman-wagner.de\\\/fr\\\/2026\\\/03\\\/top-100-opticiens-pour-la-11e-fois-consecutive\\\/\"},\"author\":{\"name\":\"RomanWagner\",\"@id\":\"https:\\\/\\\/optik.roman-wagner.de\\\/fr\\\/#\\\/schema\\\/person\\\/4a52051c9505d1f3da58c234985c6c2f\"},\"headline\":\"Top 100 Opticiens &#8211; pour la 11e fois cons\u00e9cutive\",\"datePublished\":\"2026-03-23T09:04:08+00:00\",\"dateModified\":\"2026-04-30T13:18:58+00:00\",\"mainEntityOfPage\":{\"@id\":\"https:\\\/\\\/optik.roman-wagner.de\\\/fr\\\/2026\\\/03\\\/top-100-opticiens-pour-la-11e-fois-consecutive\\\/\"},\"wordCount\":883,\"publisher\":{\"@id\":\"https:\\\/\\\/optik.roman-wagner.de\\\/fr\\\/#organization\"},\"image\":{\"@id\":\"https:\\\/\\\/optik.roman-wagner.de\\\/fr\\\/2026\\\/03\\\/top-100-opticiens-pour-la-11e-fois-consecutive\\\/#primaryimage\"},\"thumbnailUrl\":\"https:\\\/\\\/optik.roman-wagner.de\\\/wp-content\\\/uploads\\\/2026\\\/03\\\/2026_Roman_Wagner_Top100.jpg\",\"keywords\":[\"Distinction\",\"Opticien\",\"Roman Wagner\",\"Top 100 Opticiens\"],\"inLanguage\":\"fr-FR\"},{\"@type\":\"WebPage\",\"@id\":\"https:\\\/\\\/optik.roman-wagner.de\\\/fr\\\/2026\\\/03\\\/top-100-opticiens-pour-la-11e-fois-consecutive\\\/\",\"url\":\"https:\\\/\\\/optik.roman-wagner.de\\\/fr\\\/2026\\\/03\\\/top-100-opticiens-pour-la-11e-fois-consecutive\\\/\",\"name\":\"Top 100 Opticiens - pour la 11e fois cons\u00e9cutive - Roman Wagner\",\"isPartOf\":{\"@id\":\"https:\\\/\\\/optik.roman-wagner.de\\\/fr\\\/#website\"},\"primaryImageOfPage\":{\"@id\":\"https:\\\/\\\/optik.roman-wagner.de\\\/fr\\\/2026\\\/03\\\/top-100-opticiens-pour-la-11e-fois-consecutive\\\/#primaryimage\"},\"image\":{\"@id\":\"https:\\\/\\\/optik.roman-wagner.de\\\/fr\\\/2026\\\/03\\\/top-100-opticiens-pour-la-11e-fois-consecutive\\\/#primaryimage\"},\"thumbnailUrl\":\"https:\\\/\\\/optik.roman-wagner.de\\\/wp-content\\\/uploads\\\/2026\\\/03\\\/2026_Roman_Wagner_Top100.jpg\",\"datePublished\":\"2026-03-23T09:04:08+00:00\",\"dateModified\":\"2026-04-30T13:18:58+00:00\",\"description\":\"L'opticien Roman Wagner \u00e0 Schweich a \u00e9t\u00e9 distingu\u00e9 pour la 11e fois cons\u00e9cutive comme Top 100 Opticiens 2026\\\/2027.\",\"breadcrumb\":{\"@id\":\"https:\\\/\\\/optik.roman-wagner.de\\\/fr\\\/2026\\\/03\\\/top-100-opticiens-pour-la-11e-fois-consecutive\\\/#breadcrumb\"},\"inLanguage\":\"fr-FR\",\"potentialAction\":[{\"@type\":\"ReadAction\",\"target\":[\"https:\\\/\\\/optik.roman-wagner.de\\\/fr\\\/2026\\\/03\\\/top-100-opticiens-pour-la-11e-fois-consecutive\\\/\"]}]},{\"@type\":\"ImageObject\",\"inLanguage\":\"fr-FR\",\"@id\":\"https:\\\/\\\/optik.roman-wagner.de\\\/fr\\\/2026\\\/03\\\/top-100-opticiens-pour-la-11e-fois-consecutive\\\/#primaryimage\",\"url\":\"https:\\\/\\\/optik.roman-wagner.de\\\/wp-content\\\/uploads\\\/2026\\\/03\\\/2026_Roman_Wagner_Top100.jpg\",\"contentUrl\":\"https:\\\/\\\/optik.roman-wagner.de\\\/wp-content\\\/uploads\\\/2026\\\/03\\\/2026_Roman_Wagner_Top100.jpg\",\"width\":1000,\"height\":752,\"caption\":\"Photo de groupe distinction Top 100 Opticiens 2026\"},{\"@type\":\"BreadcrumbList\",\"@id\":\"https:\\\/\\\/optik.roman-wagner.de\\\/fr\\\/2026\\\/03\\\/top-100-opticiens-pour-la-11e-fois-consecutive\\\/#breadcrumb\",\"itemListElement\":[{\"@type\":\"ListItem\",\"position\":1,\"name\":\"Startseite\",\"item\":\"https:\\\/\\\/optik.roman-wagner.de\\\/fr\\\/centres-pour-une-bonne-vision\\\/\"},{\"@type\":\"ListItem\",\"position\":2,\"name\":\"Top 100 Opticiens &#8211; pour la 11e fois cons\u00e9cutive\"}]},{\"@type\":\"WebSite\",\"@id\":\"https:\\\/\\\/optik.roman-wagner.de\\\/fr\\\/#website\",\"url\":\"https:\\\/\\\/optik.roman-wagner.de\\\/fr\\\/\",\"name\":\"Der Augenoptiker Roman Wagner\",\"description\":\"Zentren f\u00fcr gutes Sehen\",\"publisher\":{\"@id\":\"https:\\\/\\\/optik.roman-wagner.de\\\/fr\\\/#organization\"},\"potentialAction\":[{\"@type\":\"SearchAction\",\"target\":{\"@type\":\"EntryPoint\",\"urlTemplate\":\"https:\\\/\\\/optik.roman-wagner.de\\\/fr\\\/?s={search_term_string}\"},\"query-input\":{\"@type\":\"PropertyValueSpecification\",\"valueRequired\":true,\"valueName\":\"search_term_string\"}}],\"inLanguage\":\"fr-FR\"},{\"@type\":\"Organization\",\"@id\":\"https:\\\/\\\/optik.roman-wagner.de\\\/fr\\\/#organization\",\"name\":\"Der Augenoptiker Roman Wagner\",\"url\":\"https:\\\/\\\/optik.roman-wagner.de\\\/fr\\\/\",\"logo\":{\"@type\":\"ImageObject\",\"inLanguage\":\"fr-FR\",\"@id\":\"https:\\\/\\\/optik.roman-wagner.de\\\/fr\\\/#\\\/schema\\\/logo\\\/image\\\/\",\"url\":\"https:\\\/\\\/optik.roman-wagner.de\\\/wp-content\\\/uploads\\\/2019\\\/11\\\/Logo-RW-quadrat.jpg\",\"contentUrl\":\"https:\\\/\\\/optik.roman-wagner.de\\\/wp-content\\\/uploads\\\/2019\\\/11\\\/Logo-RW-quadrat.jpg\",\"width\":488,\"height\":479,\"caption\":\"Der Augenoptiker Roman Wagner\"},\"image\":{\"@id\":\"https:\\\/\\\/optik.roman-wagner.de\\\/fr\\\/#\\\/schema\\\/logo\\\/image\\\/\"},\"sameAs\":[\"https:\\\/\\\/www.facebook.com\\\/romanwagner.optiker\",\"https:\\\/\\\/www.instagram.com\\\/romanwagner.optiker\\\/\",\"https:\\\/\\\/www.youtube.com\\\/channel\\\/UCIHnCII9jl34mZG08gXgG6A\"]},{\"@type\":\"Person\",\"@id\":\"https:\\\/\\\/optik.roman-wagner.de\\\/fr\\\/#\\\/schema\\\/person\\\/4a52051c9505d1f3da58c234985c6c2f\",\"name\":\"RomanWagner\",\"image\":{\"@type\":\"ImageObject\",\"inLanguage\":\"fr-FR\",\"@id\":\"https:\\\/\\\/secure.gravatar.com\\\/avatar\\\/e6c57eb4a35b8245e2d2f86a3e023a8642987475df645a50407f34b4addef3fb?s=96&d=mm&r=g\",\"url\":\"https:\\\/\\\/secure.gravatar.com\\\/avatar\\\/e6c57eb4a35b8245e2d2f86a3e023a8642987475df645a50407f34b4addef3fb?s=96&d=mm&r=g\",\"contentUrl\":\"https:\\\/\\\/secure.gravatar.com\\\/avatar\\\/e6c57eb4a35b8245e2d2f86a3e023a8642987475df645a50407f34b4addef3fb?s=96&d=mm&r=g\",\"caption\":\"RomanWagner\"},\"url\":\"https:\\\/\\\/optik.roman-wagner.de\\\/fr\\\/author\\\/romanwagner\\\/\"}]}<\/script>\n<!-- \/ Yoast SEO plugin. -->","yoast_head_json":{"title":"Top 100 Opticiens - pour la 11e fois cons\u00e9cutive - Roman Wagner","description":"L'opticien Roman Wagner \u00e0 Schweich a \u00e9t\u00e9 distingu\u00e9 pour la 11e fois cons\u00e9cutive comme Top 100 Opticiens 2026\/2027.","robots":{"index":"index","follow":"follow","max-snippet":"max-snippet:-1","max-image-preview":"max-image-preview:large","max-video-preview":"max-video-preview:-1"},"canonical":"https:\/\/optik.roman-wagner.de\/fr\/2026\/03\/top-100-opticiens-pour-la-11e-fois-consecutive\/","og_locale":"fr_FR","og_type":"article","og_title":"Top 100 Opticiens - pour la 11e fois cons\u00e9cutive - Roman Wagner","og_description":"L'opticien Roman Wagner \u00e0 Schweich a \u00e9t\u00e9 distingu\u00e9 pour la 11e fois cons\u00e9cutive comme Top 100 Opticiens 2026\/2027.","og_url":"https:\/\/optik.roman-wagner.de\/fr\/2026\/03\/top-100-opticiens-pour-la-11e-fois-consecutive\/","og_site_name":"Roman Wagner","article_publisher":"https:\/\/www.facebook.com\/romanwagner.optiker","article_published_time":"2026-03-23T09:04:08+00:00","article_modified_time":"2026-04-30T13:18:58+00:00","og_image":[{"width":1000,"height":752,"url":"https:\/\/optik.roman-wagner.de\/wp-content\/uploads\/2026\/03\/2026_Roman_Wagner_Top100.jpg","type":"image\/jpeg"}],"author":"RomanWagner","twitter_card":"summary_large_image","twitter_misc":{"\u00c9crit par":"RomanWagner","Dur\u00e9e de lecture estim\u00e9e":"4 minutes"},"schema":{"@context":"https:\/\/schema.org","@graph":[{"@type":"Article","@id":"https:\/\/optik.roman-wagner.de\/fr\/2026\/03\/top-100-opticiens-pour-la-11e-fois-consecutive\/#article","isPartOf":{"@id":"https:\/\/optik.roman-wagner.de\/fr\/2026\/03\/top-100-opticiens-pour-la-11e-fois-consecutive\/"},"author":{"name":"RomanWagner","@id":"https:\/\/optik.roman-wagner.de\/fr\/#\/schema\/person\/4a52051c9505d1f3da58c234985c6c2f"},"headline":"Top 100 Opticiens &#8211; pour la 11e fois cons\u00e9cutive","datePublished":"2026-03-23T09:04:08+00:00","dateModified":"2026-04-30T13:18:58+00:00","mainEntityOfPage":{"@id":"https:\/\/optik.roman-wagner.de\/fr\/2026\/03\/top-100-opticiens-pour-la-11e-fois-consecutive\/"},"wordCount":883,"publisher":{"@id":"https:\/\/optik.roman-wagner.de\/fr\/#organization"},"image":{"@id":"https:\/\/optik.roman-wagner.de\/fr\/2026\/03\/top-100-opticiens-pour-la-11e-fois-consecutive\/#primaryimage"},"thumbnailUrl":"https:\/\/optik.roman-wagner.de\/wp-content\/uploads\/2026\/03\/2026_Roman_Wagner_Top100.jpg","keywords":["Distinction","Opticien","Roman Wagner","Top 100 Opticiens"],"inLanguage":"fr-FR"},{"@type":"WebPage","@id":"https:\/\/optik.roman-wagner.de\/fr\/2026\/03\/top-100-opticiens-pour-la-11e-fois-consecutive\/","url":"https:\/\/optik.roman-wagner.de\/fr\/2026\/03\/top-100-opticiens-pour-la-11e-fois-consecutive\/","name":"Top 100 Opticiens - pour la 11e fois cons\u00e9cutive - Roman Wagner","isPartOf":{"@id":"https:\/\/optik.roman-wagner.de\/fr\/#website"},"primaryImageOfPage":{"@id":"https:\/\/optik.roman-wagner.de\/fr\/2026\/03\/top-100-opticiens-pour-la-11e-fois-consecutive\/#primaryimage"},"image":{"@id":"https:\/\/optik.roman-wagner.de\/fr\/2026\/03\/top-100-opticiens-pour-la-11e-fois-consecutive\/#primaryimage"},"thumbnailUrl":"https:\/\/optik.roman-wagner.de\/wp-content\/uploads\/2026\/03\/2026_Roman_Wagner_Top100.jpg","datePublished":"2026-03-23T09:04:08+00:00","dateModified":"2026-04-30T13:18:58+00:00","description":"L'opticien Roman Wagner \u00e0 Schweich a \u00e9t\u00e9 distingu\u00e9 pour la 11e fois cons\u00e9cutive comme Top 100 Opticiens 2026\/2027.","breadcrumb":{"@id":"https:\/\/optik.roman-wagner.de\/fr\/2026\/03\/top-100-opticiens-pour-la-11e-fois-consecutive\/#breadcrumb"},"inLanguage":"fr-FR","potentialAction":[{"@type":"ReadAction","target":["https:\/\/optik.roman-wagner.de\/fr\/2026\/03\/top-100-opticiens-pour-la-11e-fois-consecutive\/"]}]},{"@type":"ImageObject","inLanguage":"fr-FR","@id":"https:\/\/optik.roman-wagner.de\/fr\/2026\/03\/top-100-opticiens-pour-la-11e-fois-consecutive\/#primaryimage","url":"https:\/\/optik.roman-wagner.de\/wp-content\/uploads\/2026\/03\/2026_Roman_Wagner_Top100.jpg","contentUrl":"https:\/\/optik.roman-wagner.de\/wp-content\/uploads\/2026\/03\/2026_Roman_Wagner_Top100.jpg","width":1000,"height":752,"caption":"Photo de groupe distinction Top 100 Opticiens 2026"},{"@type":"BreadcrumbList","@id":"https:\/\/optik.roman-wagner.de\/fr\/2026\/03\/top-100-opticiens-pour-la-11e-fois-consecutive\/#breadcrumb","itemListElement":[{"@type":"ListItem","position":1,"name":"Startseite","item":"https:\/\/optik.roman-wagner.de\/fr\/centres-pour-une-bonne-vision\/"},{"@type":"ListItem","position":2,"name":"Top 100 Opticiens &#8211; pour la 11e fois cons\u00e9cutive"}]},{"@type":"WebSite","@id":"https:\/\/optik.roman-wagner.de\/fr\/#website","url":"https:\/\/optik.roman-wagner.de\/fr\/","name":"Der Augenoptiker Roman Wagner","description":"Zentren f\u00fcr gutes Sehen","publisher":{"@id":"https:\/\/optik.roman-wagner.de\/fr\/#organization"},"potentialAction":[{"@type":"SearchAction","target":{"@type":"EntryPoint","urlTemplate":"https:\/\/optik.roman-wagner.de\/fr\/?s={search_term_string}"},"query-input":{"@type":"PropertyValueSpecification","valueRequired":true,"valueName":"search_term_string"}}],"inLanguage":"fr-FR"},{"@type":"Organization","@id":"https:\/\/optik.roman-wagner.de\/fr\/#organization","name":"Der Augenoptiker Roman Wagner","url":"https:\/\/optik.roman-wagner.de\/fr\/","logo":{"@type":"ImageObject","inLanguage":"fr-FR","@id":"https:\/\/optik.roman-wagner.de\/fr\/#\/schema\/logo\/image\/","url":"https:\/\/optik.roman-wagner.de\/wp-content\/uploads\/2019\/11\/Logo-RW-quadrat.jpg","contentUrl":"https:\/\/optik.roman-wagner.de\/wp-content\/uploads\/2019\/11\/Logo-RW-quadrat.jpg","width":488,"height":479,"caption":"Der Augenoptiker Roman Wagner"},"image":{"@id":"https:\/\/optik.roman-wagner.de\/fr\/#\/schema\/logo\/image\/"},"sameAs":["https:\/\/www.facebook.com\/romanwagner.optiker","https:\/\/www.instagram.com\/romanwagner.optiker\/","https:\/\/www.youtube.com\/channel\/UCIHnCII9jl34mZG08gXgG6A"]},{"@type":"Person","@id":"https:\/\/optik.roman-wagner.de\/fr\/#\/schema\/person\/4a52051c9505d1f3da58c234985c6c2f","name":"RomanWagner","image":{"@type":"ImageObject","inLanguage":"fr-FR","@id":"https:\/\/secure.gravatar.com\/avatar\/e6c57eb4a35b8245e2d2f86a3e023a8642987475df645a50407f34b4addef3fb?s=96&d=mm&r=g","url":"https:\/\/secure.gravatar.com\/avatar\/e6c57eb4a35b8245e2d2f86a3e023a8642987475df645a50407f34b4addef3fb?s=96&d=mm&r=g","contentUrl":"https:\/\/secure.gravatar.com\/avatar\/e6c57eb4a35b8245e2d2f86a3e023a8642987475df645a50407f34b4addef3fb?s=96&d=mm&r=g","caption":"RomanWagner"},"url":"https:\/\/optik.roman-wagner.de\/fr\/author\/romanwagner\/"}]}},"_links":{"self":[{"href":"https:\/\/optik.roman-wagner.de\/fr\/wp-json\/wp\/v2\/posts\/6760","targetHints":{"allow":["GET"]}}],"collection":[{"href":"https:\/\/optik.roman-wagner.de\/fr\/wp-json\/wp\/v2\/posts"}],"about":[{"href":"https:\/\/optik.roman-wagner.de\/fr\/wp-json\/wp\/v2\/types\/post"}],"author":[{"embeddable":true,"href":"https:\/\/optik.roman-wagner.de\/fr\/wp-json\/wp\/v2\/users\/1"}],"replies":[{"embeddable":true,"href":"https:\/\/optik.roman-wagner.de\/fr\/wp-json\/wp\/v2\/comments?post=6760"}],"version-history":[{"count":1,"href":"https:\/\/optik.roman-wagner.de\/fr\/wp-json\/wp\/v2\/posts\/6760\/revisions"}],"predecessor-version":[{"id":6762,"href":"https:\/\/optik.roman-wagner.de\/fr\/wp-json\/wp\/v2\/posts\/6760\/revisions\/6762"}],"wp:featuredmedia":[{"embeddable":true,"href":"https:\/\/optik.roman-wagner.de\/fr\/wp-json\/wp\/v2\/media\/6761"}],"wp:attachment":[{"href":"https:\/\/optik.roman-wagner.de\/fr\/wp-json\/wp\/v2\/media?parent=6760"}],"wp:term":[{"taxonomy":"category","embeddable":true,"href":"https:\/\/optik.roman-wagner.de\/fr\/wp-json\/wp\/v2\/categories?post=6760"},{"taxonomy":"post_tag","embeddable":true,"href":"https:\/\/optik.roman-wagner.de\/fr\/wp-json\/wp\/v2\/tags?post=6760"}],"curies":[{"name":"wp","href":"https:\/\/api.w.org\/{rel}","templated":true}]}}